{"id":7682,"date":"2017-09-20T20:24:57","date_gmt":"2017-09-20T23:24:57","guid":{"rendered":"http:\/\/www.jornaldaconstrucaocivil.com.br\/?p=7682"},"modified":"2017-09-20T20:24:57","modified_gmt":"2017-09-20T23:24:57","slug":"tarifa-branca-divide-opinioes-entre-distribuidoras-de-energia","status":"publish","type":"post","link":"https:\/\/construcaocivil.siriusmarketingedesign.com.br\/?p=7682","title":{"rendered":"Tarifa branca divide opini\u00f5es entre distribuidoras de energia"},"content":{"rendered":"<p style=\"text-align: justify;\"><span style=\"color: #000000;\"><span style=\"color: #993300;\">Setembro, 2017<\/span> &#8211; A iminente implanta\u00e7\u00e3o da Tarifa Branca, ado\u00e7\u00e3o de pre\u00e7o diferenciado de acordo com hor\u00e1rio de consumo de energia el\u00e9trica, permeou o debate do segundo dia de confer\u00eancia da Latin American Utility Week (LAUW). Reunidas no evento, as distribuidoras de energia el\u00e9trica discutiram quais medidas est\u00e3o sendo adotadas para a implementa\u00e7\u00e3o da nova modalidade de cobran\u00e7a. Em painel organizado hoje, representantes da EDP, da CEMIG e da AES Brasil avaliaram os custos e benef\u00edcios da op\u00e7\u00e3o a ser oferecida, em um primeiro momento, aos grandes consumidores brasileiros.<\/span><\/p>\n<p style=\"text-align: justify;\"><span style=\"color: #000000;\"><span style=\"color: #000080;\"><em>&#8220;O modelo que est\u00e1 sendo proposto gera muitos riscos do jeito que est\u00e1. N\u00e3o temos previsibilidade nenhuma para a implementa\u00e7\u00e3o e execu\u00e7\u00e3o&#8221;<\/em><\/span>, avalia o gestor executivo de Engenharia e Sistemas da EDP, Denis Molica.<\/span><\/p>\n<p style=\"text-align: justify;\"><span style=\"color: #000000;\">Para ele, entre os riscos a preocupar a empresa est\u00e3o o custo de implementa\u00e7\u00e3o que \u00e9 alto e o fato de a medida n\u00e3o ser compuls\u00f3ria nem regionalizada. &#8220;Com a condi\u00e7\u00e3o opcional, o cliente pode testar o sistema, o que \u00e9 pol\u00eamico porque envolve investimento na compra de medidores e que pode ser comprometida pela desist\u00eancia do clientes. Em an\u00e1lises que fizemos internamente, a ado\u00e7\u00e3o da Tarifa Branca levanta d\u00favidas quanto aos benef\u00edcios efetivos nos custos reais do consumo dos usu\u00e1rios.<\/span><\/p>\n<p style=\"text-align: justify;\"><span style=\"color: #000000;\">O gerente de planejamento e coordena\u00e7\u00e3o dos processos de prote\u00e7\u00e3o da receita e faturamento da distribui\u00e7\u00e3o da CEMIG, Ronaldo de Oliveira, concorda que &#8220;n\u00e3o h\u00e1 um sinal de pre\u00e7o suficiente para incentivar uma mudan\u00e7a de consumo, que era o da modula\u00e7\u00e3o&#8221;.<\/span><\/p>\n<p style=\"text-align: justify;\"><span style=\"color: #000000;\">Oliveira elencou os pontos mais cr\u00edticos para ado\u00e7\u00e3o da tarifa: investimento elevado \u00e0s distribuidoras, perda de receita e baixa rela\u00e7\u00e3o de pre\u00e7os dos pontos tarif\u00e1rios, gerando pouca atratividade de modula\u00e7\u00e3o de carga pelo consumidor. <span style=\"color: #000080;\"><em>&#8220;De toda forma, optamos pela aquisi\u00e7\u00e3o de 15 mil medidores e a partir da demonstra\u00e7\u00e3o do comportamento do mercado vamos nos posicionar. Hoje n\u00e3o temos dispon\u00edvel o or\u00e7amento total para investir em equipamentos que atendam a nossa estimativa inicial de 100 mil potenciais usu\u00e1rios&#8221;<\/em><\/span>.<\/span><\/p>\n<p style=\"text-align: justify;\"><span style=\"color: #000000;\"><strong>Alternativas energ\u00e9ticas<\/strong> &#8211; N\u00e3o apenas os desafios do segmento el\u00e9trico foram tema das palestras do segundo dia da LAUW. Outras fontes energ\u00e9ticas, com o biog\u00e1s, tiveram destaque. Uma das palestras foi o estudo de caso: Oportunidades e Desafios para o Uso de Biog\u00e1s, apresentada pelo engenheiro Sebastian Rosenfeldt, da Rot\u00e1ria do Brasil.<span style=\"color: #000080;\"><em> &#8220;O mercado brasileiro ainda duvida da viabilidade t\u00e9cnica e econ\u00f4mica do biog\u00e1s, mas temos provas cabais sobre os benef\u00edcios econ\u00f4micos e, quanto \u00e0 viabilidade t\u00e9cnica, ela j\u00e1 existe, inclusive nas empresas do pa\u00eds&#8221;.<\/em><\/span><\/span><\/p>\n<p style=\"text-align: justify;\"><span style=\"color: #000000;\">Outra apresenta\u00e7\u00e3o que evidenciou as oportunidades das energias renov\u00e1veis foi a comandadaa por Marcelo Couto Almeida, da Ra\u00edzen, que falou sobre a gera\u00e7\u00e3o de bioeletricidade a partir de coprodutos de cana-de-a\u00e7\u00facar e de como a empresa est\u00e1 investindo na gera\u00e7\u00e3o de energia atrav\u00e9s da palha e do aproveitamento da vinha\u00e7a para produ\u00e7\u00e3o de biog\u00e1s e gera\u00e7\u00e3o. <span style=\"color: #000080;\"><em>&#8220;A bioenergia mudar\u00e1 o setor, mas o potencial ainda tem que ser explorado. Nossa capacidade de gerar biomassa adicional \u00e9 impressionante. H\u00e1 muito a Ra\u00edzen vem tratando a bioenergia como um neg\u00f3cio de primeira linha&#8221;.<\/em><\/span><\/span><\/p>\n<p style=\"text-align: justify;\"><span style=\"color: #000000;\"><strong>Efici\u00eancia energ\u00e9tica<\/strong> &#8211; A busca por efici\u00eancia energ\u00e9tica \u00e9 um fator comum entre distribuidoras, transmissoras e geradoras de energia. Segundo o presidente da Associa\u00e7\u00e3o Brasileira de Gera\u00e7\u00e3o Distribu\u00edda, Carlos Evangelista, essa \u00e9 justamente a principal vantagem da energia fotovoltaica, que tem entre suas vantagens a mitiga\u00e7\u00e3o de perdas.<\/span><\/p>\n<p style=\"text-align: justify;\"><span style=\"color: #000000;\"><span style=\"color: #000080;\"><em>&#8220;A energia fotovoltaica existe no Brasil h\u00e1 35 anos e \u00e9 um dos segmentos que mais cresce no mundo. Em alguns anos ela chegar\u00e1 a representar 32% da matriz el\u00e9trica do Brasil. Temos um mercado gigantesco para explorar, al\u00e9m de ser um setor que gera muitos empregos&#8221;<\/em><\/span>, afirma Evangelista.<\/span><\/p>\n<p style=\"text-align: justify;\"><span style=\"color: #000000;\">Para o superintendente da Copel Distribui\u00e7\u00e3o, Julio Omori, a gera\u00e7\u00e3o distribu\u00edda \u00e9 ferramenta para reduzir a dist\u00e2ncia entre gera\u00e7\u00e3o e carga, integrando o consumidor e melhorando o fator de pot\u00eancia. <span style=\"color: #000080;\"><em>&#8220;A gera\u00e7\u00e3o distribu\u00edda, por ser gerada pr\u00f3xima a carga, acaba contribuindo para a redu\u00e7\u00e3o de perdas. Ainda precisamos de avan\u00e7os regulat\u00f3rios, mas temos nela o grande benef\u00edcio de colabora\u00e7\u00e3o a uma matriz energ\u00e9tica renov\u00e1vel e eficiente&#8221;.<\/em><\/span><\/span><\/p>\n<p style=\"text-align: justify;\"><span style=\"color: #000000;\"><strong>Redu\u00e7\u00e3o de custos<\/strong> &#8211; A busca por redu\u00e7\u00e3o de custos \u00e9 tamb\u00e9m objetivo de grandes empresas consumidoras, como foi evidenciado no estudo de caso apresentado pela Toyota do Brasil, na LAUW. A companhia implantou um programa de gerenciamento de perdas de energia atrav\u00e9s do conceito ABCD. Trazido do Jap\u00e3o e desenvolvido pelo departamento de utilidades da Toyota, o m\u00e9todo mapeia os gastos com energia e define cada atividade conforme seu gasto, sendo A a categoria com uso somente durante a produ\u00e7\u00e3o e D o uso tamb\u00e9m no per\u00edodo improdutivo.<\/span><\/p>\n<p style=\"text-align: justify;\"><span style=\"color: #000000;\">Segundo o chefe do departamento de utilidades da Companhia, Leonardo Siqueira, o objetivo do programa \u00e9 tornar todas as a\u00e7\u00f5es mapeadas no programa em categoria A. <span style=\"color: #000080;\"><em>&#8220;N\u00f3s identificamos todas as atividades da Toyota e criamos um quadro de gerenciamento para monitorar a redu\u00e7\u00e3o de custos. O objetivo \u00e9 elevar todos os processos \u00e0 categoria A, ou seja, usar a energia el\u00e9trica somente quando necess\u00e1rio ao desenvolvimento do trabalho. O resultado obtido foi muito positivo, conseguimos reduzir o uso de energia el\u00e9trica em 8,8%, o que refor\u00e7a a Toyota como uma Eco Company&#8221;.<\/em><\/span><\/span><\/p>\n<p style=\"text-align: justify;\"><span style=\"color: #000000;\">Al\u00e9m da redu\u00e7\u00e3o de custos com energia na produ\u00e7\u00e3o, o programa promoveu tamb\u00e9m a conscientiza\u00e7\u00e3o dos funcion\u00e1rios da \u00e1rea administrativa. <span style=\"color: #000080;\"><em>&#8220;A\u00e7\u00f5es como o desligamento das l\u00e2mpadas no hor\u00e1rio do almo\u00e7o tamb\u00e9m fazem parte do gerenciamento. Assim eliminamos o desperd\u00edcio e promovemos efici\u00eancia de fato&#8221;<\/em><\/span>, ressalta Siqueira.<\/span><\/p>\n<p style=\"text-align: justify;\"><span style=\"color: #000000;\"><strong>G\u00e1s em pauta<\/strong> &#8211; <span style=\"color: #000080;\"><em>&#8220;Hoje n\u00e3o tem como entrar no mercado de g\u00e1s no Brasil. Para mudar esse quadro esperamos que o programa G\u00e1s Para Crescer seja aprovado at\u00e9 o final do ano&#8221;<\/em><\/span>. A frase \u00e9 do Assessor da Diretoria de Regula\u00e7\u00e3o T\u00e9cnica e Fiscaliza\u00e7\u00e3o dos Servi\u00e7os de Distribui\u00e7\u00e3o de G\u00e1s Canalizada da ARSESP, Renato Fernandes. Segundo ele, somente com a aprova\u00e7\u00e3o das mudan\u00e7as regulat\u00f3rias contidas no programa ser\u00e1 poss\u00edvel alavancar o setor.<\/span><\/p>\n<p style=\"text-align: justify;\"><span style=\"color: #000000;\">O G\u00e1s Para Crescer foi desenvolvido ap\u00f3s discuss\u00f5es entre ag\u00eancias reguladoras, agentes do setor e a Ag\u00eancia Nacional do Petr\u00f3leo, G\u00e1s Natural e Biocombust\u00edveis (ANP) e objetiva propiciar que novos investidores atuem no mercado, trazendo diversifica\u00e7\u00e3o de produtos e ofertas de servi\u00e7os.<\/span><\/p>\n<p style=\"text-align: justify;\"><span style=\"color: #000080;\"><em>&#8220;A lei do g\u00e1s j\u00e1 existe, por\u00e9m tem como \u00fanico produtor a Petrobras, que se encontra incapaz de promover crescimento para o setor. Precisamos mudar esse quadro. As novas medidas ir\u00e3o alavancar a concorr\u00eancia, assim as distribuidoras ter\u00e3o \u00e0 disposi\u00e7\u00e3o v\u00e1rias ofertas.&#8221;<\/em><\/span><\/p>\n<p style=\"text-align: justify;\"><span style=\"color: #000000;\">Enquanto novas ofertas n\u00e3o integram o mercado, as companhias investem em tecnologia, caso da Comg\u00e1s, distribuidora de g\u00e1s natural canalizado. A companhia apresentou na LAUW o seu programa de automa\u00e7\u00e3o do sistema de distribui\u00e7\u00e3o que deve ser desenvolvido nos pr\u00f3ximos anos.<\/span><\/p>\n<p style=\"text-align: justify;\"><span style=\"color: #000000;\">O objetivo do plano, de acordo com o gerente assistente de instrumenta\u00e7\u00e3o, comunica\u00e7\u00e3o e el\u00e9trica da distribuidora, Diogo Menezes, \u00e9 aumentar a efici\u00eancia das opera\u00e7\u00f5es e otimizar o uso de ativos.<\/span><\/p>\n<p style=\"text-align: justify;\"><span style=\"color: #000000;\"><span style=\"color: #000080;\"><em>&#8220;Cada vez mais as utilities ser\u00e3o cobradas por efici\u00eancia para que haja um custo menor para o consumidor, mas n\u00e3o podemos perder em seguran\u00e7a nas opera\u00e7\u00f5es. Por isso desenvolvemos esse projeto que tem como pilares nossos clientes e tamb\u00e9m a otimiza\u00e7\u00e3o de plataforma&#8221;<\/em><\/span> ressalta Menezes.<\/span><\/p>\n<p style=\"text-align: justify;\"><span style=\"color: #000000;\">No terceiro e \u00faltimo dia da LAUW destaques para a palestra que discutir\u00e1 os desafios da implanta\u00e7\u00e3o do smart grid no modelo de neg\u00f3cios do setor el\u00e9trico, discuss\u00e3o que ser\u00e1 conduzida pela consultora Maria Tereza Travassos Velano, a palestra IoT como incentivadora da efici\u00eancia energ\u00e9tica e todo o painel dedicado ao gerenciamento da distribui\u00e7\u00e3o de \u00e1gua.<\/span><\/p>\n<p style=\"text-align: justify;\">Fonte: Imprensa\/Latin American Utility Week (LAUW)<\/p>\n","protected":false},"excerpt":{"rendered":"<p>Setembro, 2017 &#8211; A iminente implanta\u00e7\u00e3o da Tarifa Branca, ado\u00e7\u00e3o de pre\u00e7o diferenciado de acordo com hor\u00e1rio de consumo de energia el\u00e9trica, permeou o debate do segundo dia de confer\u00eancia da Latin American Utility Week (LAUW). Reunidas no evento, as distribuidoras de energia el\u00e9trica discutiram quais medidas est\u00e3o sendo adotadas para a implementa\u00e7\u00e3o da nova [&hellip;]<\/p>\n","protected":false},"author":1,"featured_media":0,"comment_status":"open","ping_status":"open","sticky":false,"template":"","format":"standard","meta":{"_uag_custom_page_level_css":"","footnotes":""},"categories":[29],"tags":[620,746,1428,3326,3986,6339,6741,9626,10952,11518],"class_list":["post-7682","post","type-post","status-publish","format-standard","hentry","category-energia","tag-alternativas-energeticas","tag-anp-agencia-nacional-de-petroleo","tag-biogas","tag-custo-da-tarifa-de-energia-no-brasil-ainda-e-alto","tag-eficiencia-energetica","tag-investimentos-errados-setor-de-gas","tag-latin-american-utility-week-lauw-2017","tag-programa-gas-para-crescer","tag-servicos-de-utilities","tag-tarifa-branca"],"blocksy_meta":[],"spectra_blocks_featured_image_url":null,"spectra_blocks_author_info":{"display_name":"Jornal da Constru\u00e7\u00e3o Civil","avatar_url":"https:\/\/secure.gravatar.com\/avatar\/973c9774fd44ddaceb026973c4962faa70fc512bc4c9da68e8ebb40fecee6540?s=96&d=mm&r=g","author_link":"https:\/\/construcaocivil.siriusmarketingedesign.com.br\/?author=1","description":"Desde de 2013, levando muitas informa\u00e7\u00f5es, lan\u00e7amentos e produtos de qualidade para toda cadeia produtiva da constru\u00e7\u00e3o. O Futuro da constru\u00e7\u00e3o passa por aqui,"},"uagb_featured_image_src":{"full":false,"thumbnail":false,"medium":false,"medium_large":false,"large":false,"1536x1536":false,"2048x2048":false},"uagb_author_info":{"display_name":"Jornal da Constru\u00e7\u00e3o Civil","author_link":"https:\/\/construcaocivil.siriusmarketingedesign.com.br\/?author=1"},"uagb_comment_info":0,"uagb_excerpt":"Setembro, 2017 &#8211; A iminente implanta\u00e7\u00e3o da Tarifa Branca, ado\u00e7\u00e3o de pre\u00e7o diferenciado de acordo com hor\u00e1rio de consumo de energia el\u00e9trica, permeou o debate do segundo dia de confer\u00eancia da Latin American Utility Week (LAUW). Reunidas no evento, as distribuidoras de energia el\u00e9trica discutiram quais medidas est\u00e3o sendo adotadas para a implementa\u00e7\u00e3o da nova&hellip;","_links":{"self":[{"href":"https:\/\/construcaocivil.siriusmarketingedesign.com.br\/index.php?rest_route=\/wp\/v2\/posts\/7682","targetHints":{"allow":["GET"]}}],"collection":[{"href":"https:\/\/construcaocivil.siriusmarketingedesign.com.br\/index.php?rest_route=\/wp\/v2\/posts"}],"about":[{"href":"https:\/\/construcaocivil.siriusmarketingedesign.com.br\/index.php?rest_route=\/wp\/v2\/types\/post"}],"author":[{"embeddable":true,"href":"https:\/\/construcaocivil.siriusmarketingedesign.com.br\/index.php?rest_route=\/wp\/v2\/users\/1"}],"replies":[{"embeddable":true,"href":"https:\/\/construcaocivil.siriusmarketingedesign.com.br\/index.php?rest_route=%2Fwp%2Fv2%2Fcomments&post=7682"}],"version-history":[{"count":0,"href":"https:\/\/construcaocivil.siriusmarketingedesign.com.br\/index.php?rest_route=\/wp\/v2\/posts\/7682\/revisions"}],"wp:attachment":[{"href":"https:\/\/construcaocivil.siriusmarketingedesign.com.br\/index.php?rest_route=%2Fwp%2Fv2%2Fmedia&parent=7682"}],"wp:term":[{"taxonomy":"category","embeddable":true,"href":"https:\/\/construcaocivil.siriusmarketingedesign.com.br\/index.php?rest_route=%2Fwp%2Fv2%2Fcategories&post=7682"},{"taxonomy":"post_tag","embeddable":true,"href":"https:\/\/construcaocivil.siriusmarketingedesign.com.br\/index.php?rest_route=%2Fwp%2Fv2%2Ftags&post=7682"}],"curies":[{"name":"wp","href":"https:\/\/api.w.org\/{rel}","templated":true}]}}