{"id":7696,"date":"2017-09-22T13:53:19","date_gmt":"2017-09-22T16:53:19","guid":{"rendered":"http:\/\/www.jornaldaconstrucaocivil.com.br\/?p=7696"},"modified":"2023-06-02T10:51:44","modified_gmt":"2023-06-02T13:51:44","slug":"artigo-construcao-de-termeletrica-ameaca-area-de-protecao-ambiental","status":"publish","type":"post","link":"https:\/\/construcaocivil.siriusmarketingedesign.com.br\/?p=7696","title":{"rendered":"Artigo: Constru\u00e7\u00e3o de termel\u00e9trica amea\u00e7a \u00e1rea de prote\u00e7\u00e3o ambiental"},"content":{"rendered":"<p style=\"text-align: justify;\"><em><span style=\"color: #000000;\">Por Reinaldo Dias<\/span><\/em><\/p>\n<p style=\"text-align: justify;\"><span style=\"color: #000000;\"><span style=\"color: #993300;\">Setembro, 2017<\/span> &#8211; A \u00e1rea de prote\u00e7\u00e3o Canan\u00e9ia-Iguape-Peru\u00edbe foi criada em 1984 e se localiza no litoral sul do Estado de S\u00e3o Paulo. A \u00e1rea de prote\u00e7\u00e3o foi criada tendo com a premissa b\u00e1sica de que os recursos naturais que a formam constituem uma reserva estrat\u00e9gica fundamental de biodiversidade. Constitui uma das regi\u00f5es de maior riqueza biol\u00f3gica de aves do planeta e abriga centenas de esp\u00e9cies de mam\u00edferos, r\u00e9pteis e anf\u00edbios, alguns em risco de desaparecimento. Entre as esp\u00e9cies amea\u00e7adas de extin\u00e7\u00e3o est\u00e3o: a on\u00e7a-pintada (Panthera onca), o Mono-carvoeiro (Brachyteles arachnoides), o papagaio da cara roxa (Amazona Brasiliensis) e o ja\u00f3-do-litoral (Crypturellus noctivagus).<\/span><\/p>\n<p style=\"text-align: justify;\"><span style=\"color: #000000;\">A \u00e1rea representa uma das maiores concentra\u00e7\u00f5es de por\u00e7\u00e3o cont\u00ednua de vegeta\u00e7\u00e3o preservada da Mata Atl\u00e2ntica, sendo considerada uma das reservas naturais de maior diversidade gen\u00e9tica do mundo. Sua import\u00e2ncia foi reconhecida pela UNESCO (Organiza\u00e7\u00e3o das Na\u00e7\u00f5es Unidas para Educa\u00e7\u00e3o, Ci\u00eancia e Cultura) que a considera, desde 1992, Reserva da Biosfera e desde 1999 como S\u00edtio do Patrim\u00f4nio Hist\u00f3rico Natural da Humanidade.<\/span><\/p>\n<p style=\"text-align: justify;\"><span style=\"color: #000000;\">Na regi\u00e3o ocupada pela \u00e1rea de prote\u00e7\u00e3o encontra-se a cidade de Peru\u00edbe cujo territ\u00f3rio est\u00e1 inclu\u00edda em sete unidades de conserva\u00e7\u00e3o ambiental, em especial a Esta\u00e7\u00e3o Ecol\u00f3gica de Jur\u00e9ia-Itatins, que \u00e9 uma Unidade de Conserva\u00e7\u00e3o de Prote\u00e7\u00e3o Integral voltada para preserva\u00e7\u00e3o da natureza e a realiza\u00e7\u00e3o de pesquisas cient\u00edficas. Possui in\u00fameras esp\u00e9cies end\u00eamicas e aves migrat\u00f3rias que utilizam as \u00e1reas protegidas para reprodu\u00e7\u00e3o.<\/span><\/p>\n<p style=\"text-align: justify;\"><span style=\"color: #000000;\">Peru\u00edbe \u00e9 uma Est\u00e2ncia Balne\u00e1ria e seu desenvolvimento est\u00e1 associado ao turismo de veraneio, ao com\u00e9rcio e servi\u00e7os. O munic\u00edpio \u00e9 considerado um dos melhores destinos ecotur\u00edsticos do mundo por integrar a riqueza da mata atl\u00e2ntica ao patrim\u00f4nio hist\u00f3rico-arqueol\u00f3gico da \u00e1rea e \u00e0 cultura de comunidades de cai\u00e7aras, quilombolas e \u00edndios Guaranis, que praticam atividades artesanais como meio de sobreviv\u00eancia, entre elas a pesca e o extrativismo.<\/span><\/p>\n<p style=\"text-align: justify;\"><span style=\"color: #000000;\">No entanto, uma amea\u00e7a paira sobre esta \u00e1rea de prote\u00e7\u00e3o ambiental, o projeto de constru\u00e7\u00e3o de uma usina termel\u00e9trica a g\u00e1s pela empresa Gastrading, com a justificativa da necessidade de atender a demanda energ\u00e9tica da baixada santista e de gera\u00e7\u00e3o de empregos.<\/span><\/p>\n<p style=\"text-align: justify;\"><span style=\"color: #000000;\">Usinas termel\u00e9tricas utilizam combust\u00edveis f\u00f3sseis e s\u00e3o consideradas fontes importantes de emiss\u00f5es atmosf\u00e9ricas que podem afetar a qualidade do ar na regi\u00e3o onde se localiza. A combust\u00e3o que ocorre nos projetos termel\u00e9tricos emite di\u00f3xido sulfuroso (SO2), \u00f3xidos de nitrog\u00eanio (NOx), mon\u00f3xido de carbono (CO), di\u00f3xido de carbono (CO2) e particulados diversos. Esses gases contribuem para a precipita\u00e7\u00e3o de chuva \u00e1cida que acelera a deteriora\u00e7\u00e3o de edif\u00edcios e monumentos; altera radicalmente os ecossistemas aqu\u00e1ticos e prejudica a vegeta\u00e7\u00e3o de mata nativa. Al\u00e9m disso, os gases contribuem para o aumento do efeito estufa na atmosfera, que causa o aquecimento global.<\/span><\/p>\n<p style=\"text-align: justify;\"><span style=\"color: #000000;\">O sistema de esfriamento dessas usinas emprega um alto volume de \u00e1gua que, ao serem devolvidas ao meio ambiente, elevam a temperatura da \u00e1gua natural, alterando significativamente as comunidades de plantas e animais que vivem no meio aqu\u00e1tico, favorecendo os organismos que se adaptam a temperaturas mais elevadas. Qualquer m\u00e9todo de esfriamento que se utilize implica em algum consumo de \u00e1gua.<\/span><\/p>\n<p style=\"text-align: justify;\"><span style=\"color: #000000;\">H\u00e1 in\u00fameros impactos negativos advindos da constru\u00e7\u00e3o de usinas termel\u00e9tricas que s\u00e3o provenientes das atividades de prepara\u00e7\u00e3o do local, movimento de terras, drenagem, dragagem de \u00e1reas \u00famidas, desmatamento e a constru\u00e7\u00e3o d e aterro sanit\u00e1rio.<\/span><\/p>\n<p style=\"text-align: justify;\"><span style=\"color: #000000;\">Outro impacto importante das termel\u00e9tricas se relaciona com a aflu\u00eancia de trabalhadores durante o per\u00edodo de constru\u00e7\u00e3o. S\u00e3o necess\u00e1rios milhares de trabalhadores que durante alguns anos, se estabelecem no local e posteriormente s\u00e3o reduzidos a centenas para a sua opera\u00e7\u00e3o. O crescimento r\u00e1pido e o desenvolvimento induzido podem gerar efeitos negativos importantes na infraestrutura existente no munic\u00edpio. De qualquer modo, a aflu\u00eancia de trabalhadores de outras regi\u00f5es mudar\u00e1 os modelos demogr\u00e1ficos e alterar\u00e1 os valores socioculturais e os costumes de vida locais.<\/span><\/p>\n<p style=\"text-align: justify;\"><span style=\"color: #000000;\">S\u00e3o in\u00fameros os aspectos negativos da implanta\u00e7\u00e3o de usina termel\u00e9trica em \u00e1rea ambiental de valor inestim\u00e1vel, mas o mais significativo \u00e9 o risco que passa a existir da possibilidade de acidentes. Por mais garantias que possam existir, a possibilidade sempre existir\u00e1 e basta um para que o ambiente lim\u00edtrofe seja afetado de forma irrevers\u00edvel.<\/span><\/p>\n<p style=\"text-align: justify;\"><span style=\"color: #000000;\">N\u00e3o h\u00e1 argumento que possa justificar a constru\u00e7\u00e3o de uma usina que coloque em risco um patrim\u00f4nio da humanidade, uma reserva da biosfera de reconhecimento mundial. No mudo todo h\u00e1 um movimento crescente no sentido de abandonar a utiliza\u00e7\u00e3o de combust\u00edveis f\u00f3sseis e substitu\u00ed-los por fontes renov\u00e1veis de gera\u00e7\u00e3o de energia. Persistir na constru\u00e7\u00e3o da usina termel\u00e9trica em Peru\u00edbe \u00e9 condenar as futuras gera\u00e7\u00f5es a lidar com um problema que, ainda, podemos evitar.<\/span><\/p>\n<p style=\"text-align: justify;\"><span style=\"color: #000000;\"><strong>Reinaldo Dias<\/strong> &#8211; <span style=\"color: #000080;\">\u00c9 professor da Universidade Presbiteriana Mackenzie, campus Campinas. Soci\u00f3logo, Mestre em Ci\u00eancia Pol\u00edtica e Doutor em Ci\u00eancias Sociais. \u00c9 especialista em Ci\u00eancias Ambientais.<\/span><\/span><\/p>\n","protected":false},"excerpt":{"rendered":"<p>Por Reinaldo Dias Setembro, 2017 &#8211; A \u00e1rea de prote\u00e7\u00e3o Canan\u00e9ia-Iguape-Peru\u00edbe foi criada em 1984 e se localiza no litoral sul do Estado de S\u00e3o Paulo. A \u00e1rea de prote\u00e7\u00e3o foi criada tendo com a premissa b\u00e1sica de que os recursos naturais que a formam constituem uma reserva estrat\u00e9gica fundamental de biodiversidade. Constitui uma das [&hellip;]<\/p>\n","protected":false},"author":1,"featured_media":21828,"comment_status":"open","ping_status":"open","sticky":false,"template":"","format":"standard","meta":{"_uag_custom_page_level_css":"","footnotes":""},"categories":[37],"tags":[25417,25416,857,1422,4181,4567,5945],"class_list":["post-7696","post","type-post","status-publish","format-standard","has-post-thumbnail","hentry","category-sustentabilidade","tag-energiasuja","tag-usinastermeletricas","tag-area-de-protecao-cananeia-iguape-peruibe","tag-biodiversidade","tag-empresa-gastrading","tag-estacao-ecologica-de-jureia-itatins","tag-impactos-negativos-advindos-da-construcao-de-usinas-termeletricas"],"blocksy_meta":[],"spectra_blocks_featured_image_url":{"thumbnail":{"url":"https:\/\/construcaocivil.siriusmarketingedesign.com.br\/wp-content\/uploads\/2017\/09\/images-2-150x150.jpg","width":150,"height":150},"medium":{"url":"https:\/\/construcaocivil.siriusmarketingedesign.com.br\/wp-content\/uploads\/2017\/09\/images-2.jpg","width":271,"height":186},"medium_large":{"url":"https:\/\/construcaocivil.siriusmarketingedesign.com.br\/wp-content\/uploads\/2017\/09\/images-2.jpg","width":271,"height":186},"large":{"url":"https:\/\/construcaocivil.siriusmarketingedesign.com.br\/wp-content\/uploads\/2017\/09\/images-2.jpg","width":271,"height":186},"full":{"url":"https:\/\/construcaocivil.siriusmarketingedesign.com.br\/wp-content\/uploads\/2017\/09\/images-2.jpg","width":271,"height":186}},"spectra_blocks_author_info":{"display_name":"Jornal da Constru\u00e7\u00e3o Civil","avatar_url":"https:\/\/secure.gravatar.com\/avatar\/973c9774fd44ddaceb026973c4962faa70fc512bc4c9da68e8ebb40fecee6540?s=96&d=mm&r=g","author_link":"https:\/\/construcaocivil.siriusmarketingedesign.com.br\/?author=1","description":"Desde de 2013, levando muitas informa\u00e7\u00f5es, lan\u00e7amentos e produtos de qualidade para toda cadeia produtiva da constru\u00e7\u00e3o. O Futuro da constru\u00e7\u00e3o passa por aqui,"},"uagb_featured_image_src":{"full":["https:\/\/construcaocivil.siriusmarketingedesign.com.br\/wp-content\/uploads\/2017\/09\/images-2.jpg",271,186,false],"thumbnail":["https:\/\/construcaocivil.siriusmarketingedesign.com.br\/wp-content\/uploads\/2017\/09\/images-2-150x150.jpg",150,150,true],"medium":["https:\/\/construcaocivil.siriusmarketingedesign.com.br\/wp-content\/uploads\/2017\/09\/images-2.jpg",271,186,false],"medium_large":["https:\/\/construcaocivil.siriusmarketingedesign.com.br\/wp-content\/uploads\/2017\/09\/images-2.jpg",271,186,false],"large":["https:\/\/construcaocivil.siriusmarketingedesign.com.br\/wp-content\/uploads\/2017\/09\/images-2.jpg",271,186,false],"1536x1536":["https:\/\/construcaocivil.siriusmarketingedesign.com.br\/wp-content\/uploads\/2017\/09\/images-2.jpg",271,186,false],"2048x2048":["https:\/\/construcaocivil.siriusmarketingedesign.com.br\/wp-content\/uploads\/2017\/09\/images-2.jpg",271,186,false]},"uagb_author_info":{"display_name":"Jornal da Constru\u00e7\u00e3o Civil","author_link":"https:\/\/construcaocivil.siriusmarketingedesign.com.br\/?author=1"},"uagb_comment_info":0,"uagb_excerpt":"Por Reinaldo Dias Setembro, 2017 &#8211; A \u00e1rea de prote\u00e7\u00e3o Canan\u00e9ia-Iguape-Peru\u00edbe foi criada em 1984 e se localiza no litoral sul do Estado de S\u00e3o Paulo. A \u00e1rea de prote\u00e7\u00e3o foi criada tendo com a premissa b\u00e1sica de que os recursos naturais que a formam constituem uma reserva estrat\u00e9gica fundamental de biodiversidade. Constitui uma das&hellip;","_links":{"self":[{"href":"https:\/\/construcaocivil.siriusmarketingedesign.com.br\/index.php?rest_route=\/wp\/v2\/posts\/7696","targetHints":{"allow":["GET"]}}],"collection":[{"href":"https:\/\/construcaocivil.siriusmarketingedesign.com.br\/index.php?rest_route=\/wp\/v2\/posts"}],"about":[{"href":"https:\/\/construcaocivil.siriusmarketingedesign.com.br\/index.php?rest_route=\/wp\/v2\/types\/post"}],"author":[{"embeddable":true,"href":"https:\/\/construcaocivil.siriusmarketingedesign.com.br\/index.php?rest_route=\/wp\/v2\/users\/1"}],"replies":[{"embeddable":true,"href":"https:\/\/construcaocivil.siriusmarketingedesign.com.br\/index.php?rest_route=%2Fwp%2Fv2%2Fcomments&post=7696"}],"version-history":[{"count":0,"href":"https:\/\/construcaocivil.siriusmarketingedesign.com.br\/index.php?rest_route=\/wp\/v2\/posts\/7696\/revisions"}],"wp:featuredmedia":[{"embeddable":true,"href":"https:\/\/construcaocivil.siriusmarketingedesign.com.br\/index.php?rest_route=\/wp\/v2\/media\/21828"}],"wp:attachment":[{"href":"https:\/\/construcaocivil.siriusmarketingedesign.com.br\/index.php?rest_route=%2Fwp%2Fv2%2Fmedia&parent=7696"}],"wp:term":[{"taxonomy":"category","embeddable":true,"href":"https:\/\/construcaocivil.siriusmarketingedesign.com.br\/index.php?rest_route=%2Fwp%2Fv2%2Fcategories&post=7696"},{"taxonomy":"post_tag","embeddable":true,"href":"https:\/\/construcaocivil.siriusmarketingedesign.com.br\/index.php?rest_route=%2Fwp%2Fv2%2Ftags&post=7696"}],"curies":[{"name":"wp","href":"https:\/\/api.w.org\/{rel}","templated":true}]}}