{"id":7698,"date":"2017-09-22T15:13:08","date_gmt":"2017-09-22T18:13:08","guid":{"rendered":"http:\/\/www.jornaldaconstrucaocivil.com.br\/?p=7698"},"modified":"2017-09-22T15:13:08","modified_gmt":"2017-09-22T18:13:08","slug":"inseguranca-temer-e-rejeitado-por-80-da-populacao-brasileira-afirma-pesquisa-cntmda","status":"publish","type":"post","link":"https:\/\/construcaocivil.siriusmarketingedesign.com.br\/?p=7698","title":{"rendered":"Inseguran\u00e7a: Temer \u00e9 rejeitado por 80% da popula\u00e7\u00e3o brasileira, afirma pesquisa CNT\/MDA"},"content":{"rendered":"<p style=\"text-align: justify;\">Da Reda\u00e7\u00e3o<\/p>\n<figure id=\"attachment_7699\" aria-describedby=\"caption-attachment-7699\" style=\"width: 300px\" class=\"wp-caption alignleft\"><a href=\"http:\/\/www.jornaldaconstrucaocivil.com.br\/wp-content\/uploads\/2017\/09\/TEMER.jpeg\"><img loading=\"lazy\" decoding=\"async\" class=\"wp-image-7699 size-medium\" src=\"http:\/\/www.jornaldaconstrucaocivil.com.br\/wp-content\/uploads\/2017\/09\/TEMER-300x200.jpeg\" alt=\"TEMER\" width=\"300\" height=\"200\" \/><\/a><figcaption id=\"caption-attachment-7699\" class=\"wp-caption-text\">Presidente Temer(centro), rejei\u00e7\u00e3o ao seu governo \u00e9 o mais alto da hist\u00f3ria do pa\u00eds. Foto: Alan Santos\/PR<\/figcaption><\/figure>\n<p style=\"text-align: justify;\"><span style=\"color: #000000;\"><span style=\"color: #333399;\">Rio, setembro, 2017<\/span> &#8211; Em mais uma pesquisa realizada pela Confedera\u00e7\u00e3o Nacional dos Transportes ficou claro que o presidente Michel Temer n\u00e3o tem ades\u00e3o da popula\u00e7\u00e3o brasileira. Apenas 3, 4% acham o governo Temer positivo. Esc\u00e2ndalos, Lava Jato, Inoper\u00e2ncia administrativa, Perda da confian\u00e7a da popula\u00e7\u00e3o, paralisia da ind\u00fastria nacional, falta de investimentos na \u00e1rea de infraestrutura e a inseguran\u00e7a jur\u00eddica d\u00e3o o tom do atual cen\u00e1rio do governo federal. \u00a0<\/span><\/p>\n<p style=\"text-align: justify;\"><span style=\"color: #000000;\">Em tempos o Brasil criou 35 mil empregos, no total de 13 milh\u00f5es de desempregados. Isso representa nada. S\u00f3 na Constru\u00e7\u00e3o Civil s\u00e3o mais de 1 milh\u00e3o de desempregados.<\/span><\/p>\n<p><span style=\"color: #993300;\">Segue dados da pesquisa CNT\/MDA<\/span><\/p>\n<p><span style=\"color: #0000ff;\">Avalia\u00e7\u00e3o do governo \/\u00a0<\/span><span style=\"color: #993300;\">Desempenho pessoal do presidente<\/span><\/p>\n<p style=\"text-align: justify;\"><span style=\"color: #000000;\"><span style=\"color: #000080;\"><strong>Federal:<\/strong><\/span> A avalia\u00e7\u00e3o do governo do presidente Michel Temer \u00e9 positiva para 3,4% dos entrevistados, contra 75,6% de avalia\u00e7\u00e3o negativa. Para 18,0%, a avalia\u00e7\u00e3o \u00e9 regular e 3,0% n\u00e3o souberam opinar. A aprova\u00e7\u00e3o do desempenho pessoal do presidente atinge 10,1% contra 84,5% de desaprova\u00e7\u00e3o, al\u00e9m de 5,4% que n\u00e3o souberam opinar.<\/span><\/p>\n<p style=\"text-align: justify;\"><span style=\"color: #000000;\"><span style=\"color: #000080;\"><strong>Estadual:<\/strong><\/span> 3,0% avaliam o governador de seu Estado como \u00f3timo. 16,4% como bom, 36,8% como regular, 15,6% como ruim e 22,0% como p\u00e9ssimo.<\/span><\/p>\n<p style=\"text-align: justify;\"><span style=\"color: #000000;\"><span style=\"color: #000080;\"><strong>Municipal:<\/strong><\/span> 6,6% avaliam o prefeito de sua cidade como \u00f3timo. 27,8% como bom, 33,8% como regular, 10,4% como ruim e 15,9% como p\u00e9ssimo.<\/span><\/p>\n<p><strong><span style=\"color: #000000;\">Expectativa (para os pr\u00f3ximos 6 meses)<\/span><\/strong><\/p>\n<p><span style=\"color: #000000;\"><span style=\"color: #993300;\">Emprego:<\/span> vai melhorar: 25,7%, vai piorar: 35,4%, vai ficar igual: 36,0%<\/span><\/p>\n<p><span style=\"color: #000000;\"><span style=\"color: #993300;\">Renda mensal:<\/span> vai aumentar: 22,1%, vai diminuir: 20,6%, vai ficar igual: 53,2%<\/span><\/p>\n<p><span style=\"color: #000000;\"><span style=\"color: #993300;\">Sa\u00fade:<\/span> vai melhorar: 21,1%, vai piorar: 36,5%, vai ficar igual: 40,3%<\/span><\/p>\n<p><span style=\"color: #000000;\"><span style=\"color: #993300;\">Educa\u00e7\u00e3o:<\/span> vai melhorar: 25,0%, vai piorar: 29,4%, vai ficar igual: 43,6%<\/span><\/p>\n<p><span style=\"color: #000000;\"><span style=\"color: #993300;\">Seguran\u00e7a p\u00fablica:<\/span> vai melhorar: 16,6%, vai piorar: 45,7%, vai ficar igual:\u00a0 36,2%<\/span><\/p>\n<p><strong>Avalia\u00e7\u00e3o Michel Temer<\/strong><\/p>\n<p style=\"text-align: justify;\"><span style=\"color: #000000;\">1. A maior parte (46,7%) dos participantes da pesquisa avalia que o presidente Michel Temer n\u00e3o \u00e9 respeitado; 35,6% consideram que Temer \u00e9 pouco respeitado. Para 11,4%, ele \u00e9 moderadamente respeitado e 2,4% dizem que Michel Temer \u00e9 muito respeitado.<\/span><\/p>\n<p style=\"text-align: justify;\"><span style=\"color: #000000;\">2. 5,8% acreditam que Michel Temer est\u00e1 enfrentando os principais problemas do pa\u00eds. 30,3% acham que ele est\u00e1 enfrentando alguns problemas enquanto 59,0% dos entrevistados acreditam que Temer n\u00e3o os est\u00e1 enfrentando.<\/span><\/p>\n<p style=\"text-align: justify;\"><span style=\"color: #000000;\">3. 80,0% acreditam que Michel Temer n\u00e3o est\u00e1 fazendo as reformas necess\u00e1rias ao pa\u00eds. Para 13,7% as reformas necess\u00e1rias est\u00e3o sendo feitas. 6,3% n\u00e3o souberam opinar.<\/span><\/p>\n<p style=\"text-align: justify;\"><span style=\"color: #000000;\">4. A maioria (58,6%) dos entrevistados declara n\u00e3o ter nenhuma confian\u00e7a no presidente Michel Temer. O grau de confian\u00e7a no presidente \u00e9 baixo para 26,9%; m\u00e9dio para 12,8%; e alto para 0,7%.<\/span><\/p>\n<p style=\"text-align: justify;\"><span style=\"color: #000000;\">5. Comparando Dilma Rousseff e Michel Temer, 55,4% dos entrevistados declaram n\u00e3o confiar em nenhum dos dois; 30,1% dizem que confiam mais em Dilma e 11,6% confiam mais em Temer.<\/span><\/p>\n<p><strong><span style=\"color: #000000;\">Elei\u00e7\u00e3o presidencial 2018<\/span><\/strong><\/p>\n<p><span style=\"color: #0000ff;\">1\u00ba turno: Inten\u00e7\u00e3o de voto espont\u00e2nea<\/span><\/p>\n<p><span style=\"color: #000000;\">Lula: 20,2%<\/span><\/p>\n<p><span style=\"color: #000000;\">Jair Bolsonaro: 10,9%<\/span><\/p>\n<p><span style=\"color: #000000;\">Jo\u00e3o Doria: 2,4%<\/span><\/p>\n<p><span style=\"color: #000000;\">Marina Silva: 1,5%<\/span><\/p>\n<p><span style=\"color: #000000;\">Geraldo Alckmin: 1,2%<\/span><\/p>\n<p><span style=\"color: #000000;\">Ciro Gomes: 1,2%<\/span><\/p>\n<p><span style=\"color: #000000;\">\u00c1lvaro Dias: 1,0%<\/span><\/p>\n<p><span style=\"color: #000000;\">Dilma Rousseff: 0,7%<\/span><\/p>\n<p><span style=\"color: #000000;\">Michel Temer: 0,4%<\/span><\/p>\n<p><span style=\"color: #000000;\">A\u00e9cio Neves: 0,3%<\/span><\/p>\n<p><span style=\"color: #000000;\">Outros: 2,0%<\/span><\/p>\n<p><span style=\"color: #000000;\">Branco\/Nulo: 21,2%<\/span><\/p>\n<p><span style=\"color: #000000;\">Indecisos: 37,0%<\/span><\/p>\n<p>Para acessar a pesquisa completa entre no link:\u00a0<span style=\"text-decoration: underline;\"><span style=\"color: #0000ff; text-decoration: underline;\">http:\/\/www.cnt.org.br\/Imprensa\/noticia\/resultados-pesquisa-cnt-mda-134<\/span><\/span><\/p>\n<p>Fonte: Imprensa\/CNT<\/p>\n<p>&nbsp;<\/p>\n","protected":false},"excerpt":{"rendered":"<p>Da Reda\u00e7\u00e3o Rio, setembro, 2017 &#8211; Em mais uma pesquisa realizada pela Confedera\u00e7\u00e3o Nacional dos Transportes ficou claro que o presidente Michel Temer n\u00e3o tem ades\u00e3o da popula\u00e7\u00e3o brasileira. Apenas 3, 4% acham o governo Temer positivo. Esc\u00e2ndalos, Lava Jato, Inoper\u00e2ncia administrativa, Perda da confian\u00e7a da popula\u00e7\u00e3o, paralisia da ind\u00fastria nacional, falta de investimentos na [&hellip;]<\/p>\n","protected":false},"author":1,"featured_media":7699,"comment_status":"open","ping_status":"open","sticky":false,"template":"","format":"standard","meta":{"_uag_custom_page_level_css":"","footnotes":""},"categories":[27],"tags":[2719,3202,3501,5574,6117,6168,6365,6592,6745,10161,10797,11414],"class_list":["post-7698","post","type-post","status-publish","format-standard","has-post-thumbnail","hentry","category-acontece","tag-confederacao-nacional-dos-transportes","tag-crise-economica","tag-desemprego","tag-governo-temer-e-avaliado-como-o-pior-da-historia","tag-infraestrutura-sem-dinheiro","tag-inseguranca-juridica","tag-investimentos-parados","tag-julgamento-na-camara-pela-2a-vez","tag-lava-jato","tag-rejeicao-da-populacao-alta","tag-seguranca-publica-e-saude-em-crise","tag-stf"],"blocksy_meta":[],"spectra_blocks_featured_image_url":[],"spectra_blocks_author_info":{"display_name":"Jornal da Constru\u00e7\u00e3o Civil","avatar_url":"https:\/\/secure.gravatar.com\/avatar\/973c9774fd44ddaceb026973c4962faa70fc512bc4c9da68e8ebb40fecee6540?s=96&d=mm&r=g","author_link":"https:\/\/construcaocivil.siriusmarketingedesign.com.br\/?author=1","description":"Desde de 2013, levando muitas informa\u00e7\u00f5es, lan\u00e7amentos e produtos de qualidade para toda cadeia produtiva da constru\u00e7\u00e3o. O Futuro da constru\u00e7\u00e3o passa por aqui,"},"uagb_featured_image_src":{"full":false,"thumbnail":false,"medium":false,"medium_large":false,"large":false,"1536x1536":false,"2048x2048":false},"uagb_author_info":{"display_name":"Jornal da Constru\u00e7\u00e3o Civil","author_link":"https:\/\/construcaocivil.siriusmarketingedesign.com.br\/?author=1"},"uagb_comment_info":0,"uagb_excerpt":"Da Reda\u00e7\u00e3o Rio, setembro, 2017 &#8211; Em mais uma pesquisa realizada pela Confedera\u00e7\u00e3o Nacional dos Transportes ficou claro que o presidente Michel Temer n\u00e3o tem ades\u00e3o da popula\u00e7\u00e3o brasileira. Apenas 3, 4% acham o governo Temer positivo. Esc\u00e2ndalos, Lava Jato, Inoper\u00e2ncia administrativa, Perda da confian\u00e7a da popula\u00e7\u00e3o, paralisia da ind\u00fastria nacional, falta de investimentos na&hellip;","_links":{"self":[{"href":"https:\/\/construcaocivil.siriusmarketingedesign.com.br\/index.php?rest_route=\/wp\/v2\/posts\/7698","targetHints":{"allow":["GET"]}}],"collection":[{"href":"https:\/\/construcaocivil.siriusmarketingedesign.com.br\/index.php?rest_route=\/wp\/v2\/posts"}],"about":[{"href":"https:\/\/construcaocivil.siriusmarketingedesign.com.br\/index.php?rest_route=\/wp\/v2\/types\/post"}],"author":[{"embeddable":true,"href":"https:\/\/construcaocivil.siriusmarketingedesign.com.br\/index.php?rest_route=\/wp\/v2\/users\/1"}],"replies":[{"embeddable":true,"href":"https:\/\/construcaocivil.siriusmarketingedesign.com.br\/index.php?rest_route=%2Fwp%2Fv2%2Fcomments&post=7698"}],"version-history":[{"count":0,"href":"https:\/\/construcaocivil.siriusmarketingedesign.com.br\/index.php?rest_route=\/wp\/v2\/posts\/7698\/revisions"}],"wp:attachment":[{"href":"https:\/\/construcaocivil.siriusmarketingedesign.com.br\/index.php?rest_route=%2Fwp%2Fv2%2Fmedia&parent=7698"}],"wp:term":[{"taxonomy":"category","embeddable":true,"href":"https:\/\/construcaocivil.siriusmarketingedesign.com.br\/index.php?rest_route=%2Fwp%2Fv2%2Fcategories&post=7698"},{"taxonomy":"post_tag","embeddable":true,"href":"https:\/\/construcaocivil.siriusmarketingedesign.com.br\/index.php?rest_route=%2Fwp%2Fv2%2Ftags&post=7698"}],"curies":[{"name":"wp","href":"https:\/\/api.w.org\/{rel}","templated":true}]}}