{"id":7725,"date":"2017-09-25T15:40:45","date_gmt":"2017-09-25T18:40:45","guid":{"rendered":"http:\/\/www.jornaldaconstrucaocivil.com.br\/?p=7725"},"modified":"2017-09-25T15:40:45","modified_gmt":"2017-09-25T18:40:45","slug":"cobrecom-fios-e-cabos-eletricos-participara-da-26a-edicao-da-ecomac-bahia","status":"publish","type":"post","link":"https:\/\/construcaocivil.siriusmarketingedesign.com.br\/?p=7725","title":{"rendered":"Cobrecom Fios e Cabos El\u00e9tricos participar\u00e1 da 26\u00aa Edi\u00e7\u00e3o da Ecomac Bahia"},"content":{"rendered":"<p style=\"text-align: justify;\"><em><strong><span style=\"color: #000000;\">A empresa ser\u00e1 uma das patrocinadoras do evento que acontecer\u00e1 entre os dias 19 e 22 de outubro<\/span><\/strong><\/em><\/p>\n<p style=\"text-align: justify;\"><span style=\"color: #000000;\"><span style=\"color: #993300;\">S\u00e3o Paulo, setembro de 2017<\/span> \u2013 A Cobrecom Fios e Cabos El\u00e9tricos, uma das mais importantes empresas do segmento de el\u00e9trica, patrocina mais um importante evento da \u00e1rea de constru\u00e7\u00e3o civil: a 26\u00aa Edi\u00e7\u00e3o da Ecomac Bahia, que acontecer\u00e1 entre os dias 19 e 22 de outubro, no Hotel Iberostar Praia no Forte, no litoral norte baiano.<\/span><\/p>\n<figure id=\"attachment_7726\" aria-describedby=\"caption-attachment-7726\" style=\"width: 300px\" class=\"wp-caption alignleft\"><a href=\"http:\/\/www.jornaldaconstrucaocivil.com.br\/wp-content\/uploads\/2017\/09\/Ecomac-Bahia-2016_03.jpg\"><img loading=\"lazy\" decoding=\"async\" class=\"wp-image-7726 size-medium\" src=\"http:\/\/www.jornaldaconstrucaocivil.com.br\/wp-content\/uploads\/2017\/09\/Ecomac-Bahia-2016_03-300x169.jpg\" width=\"300\" height=\"169\" \/><\/a><figcaption id=\"caption-attachment-7726\" class=\"wp-caption-text\">Ecomac Bahia<\/figcaption><\/figure>\n<p style=\"text-align: justify;\"><span style=\"color: #000000;\">Vale lembrar que o evento \u00e9 um dos maiores encontros da Am\u00e9rica Latina do segmento de varejo de materiais de constru\u00e7\u00e3o e que \u00e9 realizado pela Acomac \u2013 BA e pela Anamaco (Associa\u00e7\u00e3o Nacional dos Comerciantes de Materiais de Constru\u00e7\u00e3o) e reunir\u00e1 lojistas, executivos e dirigentes de entidades e patrocinadores de diversos estados brasileiros.<\/span><\/p>\n<p style=\"text-align: justify;\"><span style=\"color: #000000;\">Nesse ano o tema dos debates ser\u00e1 <em><span style=\"color: #000080;\">\u201cSer criativo e lucrativo: O desafio da atualidade\u201d.<\/span><\/em><\/span><\/p>\n<p style=\"text-align: justify;\"><span style=\"color: #000000;\">Al\u00e9m de debater esse importante tema, a 26\u00aa Ecomac Bahia oferecer\u00e1 outras muitas atra\u00e7\u00f5es como palestras, networking, neg\u00f3cios, lazer, shows, entre outros.<\/span><\/p>\n<p style=\"text-align: justify;\"><span style=\"color: #000000;\"><em>\u201cA Ecomac Bahia \u00e9 uma excelente oportunidade para estreitarmos rela\u00e7\u00f5es e nos aproximarmos ainda mais de nossos clientes e com os lojistas que estar\u00e3o presentes no evento. Por isso, estar\u00e3o no evento os principais executivos da empresa\u201d<\/em>, ressalta Paulo Alessandro Delgado, gerente de marketing da Cobrecom Fios e Cabos El\u00e9tricos.<\/span><\/p>\n<p style=\"text-align: justify;\"><span style=\"color: #000000;\">Na edi\u00e7\u00e3o do ano passado, a Cobrecom Fios e Cabos El\u00e9tricos teve uma participa\u00e7\u00e3o bastante positiva e montou um estande com estilo r\u00fastico.<\/span><\/p>\n<p style=\"text-align: justify;\"><span style=\"color: #000000;\">Al\u00e9m disso, proporcionou momentos de descontra\u00e7\u00e3o e relaxamento com seus clientes. Para isso, foram contratadas tr\u00eas massagistas e foram servidas v\u00e1rias bebidas geladas como chope e drinks sem \u00e1lcool.<\/span><\/p>\n<p style=\"text-align: justify;\"><span style=\"color: #000000;\">A empresa tamb\u00e9m ofereceu diversos brindes personalizados como bon\u00e9s, viseiras, bolas e esteiras infl\u00e1veis de piscina com o logotipo da empresa e distribuiu 600 kits de churrasco personalizado para os h\u00f3spedes do hotel<\/span><\/p>\n<p style=\"text-align: justify;\"><strong><span style=\"color: #000000;\">Servi\u00e7o:<\/span><\/strong><\/p>\n<p style=\"text-align: justify;\"><span style=\"color: #000000;\">26\u00aa Ecomac Bahia (Encontro dos Comerciantes de Material de Constru\u00e7\u00e3o da Bahia)<\/span><\/p>\n<p style=\"text-align: justify;\"><span style=\"color: #000000;\">Data: 19 \u00e0 22 de outubro de 2017<\/span><\/p>\n<p style=\"text-align: justify;\"><span style=\"color: #000000;\">Local: Hotel Iberostar Praia do Forte, que fica na Rodovia BA 99, s\/n, Mata de S\u00e3o Jo\u00e3o, BA<\/span><\/p>\n<p style=\"text-align: justify;\"><span style=\"color: #000000;\">Informa\u00e7\u00f5es: <span style=\"text-decoration: underline;\"><span style=\"color: #0000ff; text-decoration: underline;\">http:\/\/www.acomac-ba.com.br\/ecomac-bahia\/<\/span><\/span><\/span><\/p>\n<p style=\"text-align: justify;\">Site:\u00a0<span style=\"text-decoration: underline;\"><span style=\"color: #0000ff; text-decoration: underline;\">www.cobrecom.com.br<\/span><\/span><\/p>\n","protected":false},"excerpt":{"rendered":"<p>A empresa ser\u00e1 uma das patrocinadoras do evento que acontecer\u00e1 entre os dias 19 e 22 de outubro S\u00e3o Paulo, setembro de 2017 \u2013 A Cobrecom Fios e Cabos El\u00e9tricos, uma das mais importantes empresas do segmento de el\u00e9trica, patrocina mais um importante evento da \u00e1rea de constru\u00e7\u00e3o civil: a 26\u00aa Edi\u00e7\u00e3o da Ecomac Bahia, [&hellip;]<\/p>\n","protected":false},"author":1,"featured_media":7726,"comment_status":"open","ping_status":"open","sticky":false,"template":"","format":"standard","meta":{"_uag_custom_page_level_css":"","footnotes":""},"categories":[33],"tags":[2387,4260,5812,7021,7362,7476,8144,10583,12216],"class_list":["post-7725","post","type-post","status-publish","format-standard","has-post-thumbnail","hentry","category-mercado","tag-cobrecom-fios-e-cabos-eletricos","tag-encontro-dos-comerciantes-de-material-de-construcao-da-bahia-26a-ecomac-bahia","tag-hotel-iberostar-praia-do-forte","tag-lojistas-de-material-de-construcao","tag-material-de-construcao","tag-mercado-brasiliero","tag-nordeste","tag-salvador-ba","tag-varejo-material-de-construcao"],"blocksy_meta":[],"spectra_blocks_featured_image_url":[],"spectra_blocks_author_info":{"display_name":"Jornal da Constru\u00e7\u00e3o Civil","avatar_url":"https:\/\/secure.gravatar.com\/avatar\/973c9774fd44ddaceb026973c4962faa70fc512bc4c9da68e8ebb40fecee6540?s=96&d=mm&r=g","author_link":"https:\/\/construcaocivil.siriusmarketingedesign.com.br\/?author=1","description":"Desde de 2013, levando muitas informa\u00e7\u00f5es, lan\u00e7amentos e produtos de qualidade para toda cadeia produtiva da constru\u00e7\u00e3o. O Futuro da constru\u00e7\u00e3o passa por aqui,"},"uagb_featured_image_src":{"full":false,"thumbnail":false,"medium":false,"medium_large":false,"large":false,"1536x1536":false,"2048x2048":false},"uagb_author_info":{"display_name":"Jornal da Constru\u00e7\u00e3o Civil","author_link":"https:\/\/construcaocivil.siriusmarketingedesign.com.br\/?author=1"},"uagb_comment_info":0,"uagb_excerpt":"A empresa ser\u00e1 uma das patrocinadoras do evento que acontecer\u00e1 entre os dias 19 e 22 de outubro S\u00e3o Paulo, setembro de 2017 \u2013 A Cobrecom Fios e Cabos El\u00e9tricos, uma das mais importantes empresas do segmento de el\u00e9trica, patrocina mais um importante evento da \u00e1rea de constru\u00e7\u00e3o civil: a 26\u00aa Edi\u00e7\u00e3o da Ecomac Bahia,&hellip;","_links":{"self":[{"href":"https:\/\/construcaocivil.siriusmarketingedesign.com.br\/index.php?rest_route=\/wp\/v2\/posts\/7725","targetHints":{"allow":["GET"]}}],"collection":[{"href":"https:\/\/construcaocivil.siriusmarketingedesign.com.br\/index.php?rest_route=\/wp\/v2\/posts"}],"about":[{"href":"https:\/\/construcaocivil.siriusmarketingedesign.com.br\/index.php?rest_route=\/wp\/v2\/types\/post"}],"author":[{"embeddable":true,"href":"https:\/\/construcaocivil.siriusmarketingedesign.com.br\/index.php?rest_route=\/wp\/v2\/users\/1"}],"replies":[{"embeddable":true,"href":"https:\/\/construcaocivil.siriusmarketingedesign.com.br\/index.php?rest_route=%2Fwp%2Fv2%2Fcomments&post=7725"}],"version-history":[{"count":0,"href":"https:\/\/construcaocivil.siriusmarketingedesign.com.br\/index.php?rest_route=\/wp\/v2\/posts\/7725\/revisions"}],"wp:attachment":[{"href":"https:\/\/construcaocivil.siriusmarketingedesign.com.br\/index.php?rest_route=%2Fwp%2Fv2%2Fmedia&parent=7725"}],"wp:term":[{"taxonomy":"category","embeddable":true,"href":"https:\/\/construcaocivil.siriusmarketingedesign.com.br\/index.php?rest_route=%2Fwp%2Fv2%2Fcategories&post=7725"},{"taxonomy":"post_tag","embeddable":true,"href":"https:\/\/construcaocivil.siriusmarketingedesign.com.br\/index.php?rest_route=%2Fwp%2Fv2%2Ftags&post=7725"}],"curies":[{"name":"wp","href":"https:\/\/api.w.org\/{rel}","templated":true}]}}