{"id":7728,"date":"2017-09-25T16:05:35","date_gmt":"2017-09-25T19:05:35","guid":{"rendered":"http:\/\/www.jornaldaconstrucaocivil.com.br\/?p=7728"},"modified":"2017-09-25T16:05:35","modified_gmt":"2017-09-25T19:05:35","slug":"afix-lanca-10-novos-produtos-para-area-de-construcao-civil-e-cria-layout-para-pdv-que-facilita-escolha-do-consumidor","status":"publish","type":"post","link":"https:\/\/construcaocivil.siriusmarketingedesign.com.br\/?p=7728","title":{"rendered":"Afix lan\u00e7a 10 novos produtos para \u00e1rea de constru\u00e7\u00e3o civil e cria layout  para PDV que facilita escolha do consumidor"},"content":{"rendered":"<p style=\"text-align: justify;\"><em><strong><span style=\"color: #000000;\">Marca se diferencia com solu\u00e7\u00e3o completa em adesivos e inova ao apresentar padr\u00e3o de ponto de venda que orienta o cliente, estimulando vendas para o varejista.<\/span><\/strong><\/em><\/p>\n<p style=\"text-align: justify;\"><span style=\"color: #000000;\"><span style=\"color: #993300;\">Setembro, 2017<\/span> &#8211; Em tempos de economia retra\u00edda, a Artecola Qu\u00edmica sai na frente e lan\u00e7a uma ousada a\u00e7\u00e3o, apresentando 10 novos produtos da marca AFIX de uma s\u00f3 vez. Al\u00e9m dos lan\u00e7amentos, a marca desenvolveu um layout padr\u00e3o para apresenta\u00e7\u00e3o das linhas no ponto de venda (PDV), com o objetivo de facilitar a escolha do consumidor.<em><span style=\"color: #000080;\"> \u201cEsse \u00e9 um aspecto muito valorizado pelo revendedor e que ir\u00e1 nos diferenciar de maneira decisiva no segmento\u201d,<\/span><\/em> diz a Diretora Executiva da Artecola Qu\u00edmica, Lisiane Kunst.<\/span><\/p>\n<p style=\"text-align: justify;\"><a href=\"http:\/\/www.jornaldaconstrucaocivil.com.br\/wp-content\/uploads\/2017\/09\/2-Pack-Completo.jpg\"><img loading=\"lazy\" decoding=\"async\" class=\"size-medium wp-image-7729 alignleft\" src=\"http:\/\/www.jornaldaconstrucaocivil.com.br\/wp-content\/uploads\/2017\/09\/2-Pack-Completo-300x111.jpg\" alt=\"2 - Pack Completo\" width=\"300\" height=\"111\" \/><\/a><\/p>\n<p style=\"text-align: justify;\"><span style=\"color: #000000;\">As novidades motivam a empresa a projetar um crescimento de aproximadamente 40% ainda no segundo semestre de 2017, no segmento espec\u00edfico de adesivos e selantes para os mercados de constru\u00e7\u00e3o civil, revendas moveleiras e revendas de materiais para constru\u00e7\u00e3o. <span style=\"color: #333399;\"><em>\u201cCom esses investimentos, passamos a oferecer uma solu\u00e7\u00e3o completa, com 85 itens atendendo as necessidades para unir, selar e construir\u201d<\/em><\/span>, ressalta o Gerente de Neg\u00f3cio Consumo, Fabio Marinho.<span style=\"color: #000080;\"><em> \u201cE a an\u00e1lise do PDV, com a implementa\u00e7\u00e3o de planogramas que separam os produtos de colagem e de selagem, ir\u00e1 ajudar nossos consumidores a comprar o produto certo para cada aplica\u00e7\u00e3o, gerando resultados tamb\u00e9m para nossos parceiros do varejo\u201d<\/em><\/span>, completa o Gerente.<\/span><\/p>\n<figure id=\"attachment_7730\" aria-describedby=\"caption-attachment-7730\" style=\"width: 90px\" class=\"wp-caption alignright\"><a href=\"http:\/\/www.jornaldaconstrucaocivil.com.br\/wp-content\/uploads\/2017\/09\/AFIX-FIXA-TUDO-e1506366129782.jpg\"><img loading=\"lazy\" decoding=\"async\" class=\"wp-image-7730 size-medium\" src=\"http:\/\/www.jornaldaconstrucaocivil.com.br\/wp-content\/uploads\/2017\/09\/AFIX-FIXA-TUDO-90x300.jpg\" alt=\"AFIX FIXA TUDO\" width=\"90\" height=\"300\" \/><\/a><figcaption id=\"caption-attachment-7730\" class=\"wp-caption-text\">Afix fixa tudo<\/figcaption><\/figure>\n<p style=\"text-align: justify;\"><span style=\"color: #000000;\">Um dos principais canais de vendas das novas linhas s\u00e3o os home centers. Dados do DataMkt Constru\u00e7\u00e3o mostram que a compra de produtos durante a obra, em 12 grandes centros urbanos, cresceu 34,3% nos home centers e lojas grandes, entre 2014 e 2016. J\u00e1 nas lojas de bairro, o incremento foi de 7% no mesmo per\u00edodo. A pesquisa da Anamaco (Associa\u00e7\u00e3o Nacional dos Comerciantes de Material de Constru\u00e7\u00e3o) tamb\u00e9m mostra os home centers j\u00e1 bem inseridos no perfil de consumo das grandes cidades, com crescimento de 10% entre mar\u00e7o e fevereiro de 2017. \u201cO consumidor gosta de comprar nesse tipo de ponto de venda, mas n\u00e3o basta \u00e0s ind\u00fastrias ter variedade de produtos, \u00e9 preciso falar a l\u00edngua dos consumidores e ajud\u00e1-los no momento que est\u00e3o em frente \u00e0 g\u00f4ndola\u201d, refor\u00e7a Marinho, destacando a import\u00e2ncia do servi\u00e7o agregado que a AFIX passa a oferecer.<\/span><\/p>\n<p style=\"text-align: justify;\"><span style=\"color: #000000;\"><strong>PRODUTOS<\/strong> &#8211; Entre as novidades para o segmento de revendas e de constru\u00e7\u00e3o civil, est\u00e1 o novo AFIX Monta F\u00e1cil, produto que j\u00e1 \u00e9 sucesso de vendas em diversos pa\u00edses da Am\u00e9rica Latina. Com tecnologia \u00e0 base de \u00e1gua, sem cheiro e com fixa\u00e7\u00e3o imediata, pode ser usado para fixa\u00e7\u00f5es, decora\u00e7\u00f5es e reparos internos.<\/span><\/p>\n<p style=\"text-align: justify;\"><span style=\"color: #000000;\">O AFIX Fixa Espelho e o AFIX Fixa Tudo tamb\u00e9m s\u00e3o lan\u00e7amentos que d\u00e3o autonomia ao consumidor final e aos prestadores de servi\u00e7o. Para espelhos, o lan\u00e7amento oferece alto poder de colagem, resist\u00eancia \u00e0 umidade e n\u00e3o causa manchas. J\u00e1 o Fixa Tudo adere at\u00e9 mesmo em superf\u00edcies \u00famidas, tem colagem imediata e pode ser usado em ambientes internos e externos.<\/span><\/p>\n<p style=\"text-align: justify;\"><span style=\"color: #000000;\">Outras duas novidades s\u00e3o o AFIX Sela Trinca (lix\u00e1vel e pint\u00e1vel, para uso interno e externo e com \u00f3timo acabamento) e o AFIX Veda Calha (tecnologia com alta durabilidade, flex\u00edvel e resistente a intemp\u00e9ries). Os dois produtos refor\u00e7am o posicionamento de destaque da AFIX na Am\u00e9rica Latina em veda\u00e7\u00e3o e selagem, e completam o portf\u00f3lio de adesivos e selantes da marca.<\/span><\/p>\n<p style=\"text-align: justify;\">Mais informa\u00e7\u00f5es:<span style=\"text-decoration: underline;\"><span style=\"color: #0000ff; text-decoration: underline;\"><span class=\"apple-converted-space\">\u00a0<\/span><a style=\"color: #0000ff; text-decoration: underline;\" href=\"http:\/\/www.empresasartecola.com.br\/\" target=\"_blank\" rel=\"noreferrer\">www.empresasartecola.com.br<\/a>.<\/span><\/span><\/p>\n","protected":false},"excerpt":{"rendered":"<p>Marca se diferencia com solu\u00e7\u00e3o completa em adesivos e inova ao apresentar padr\u00e3o de ponto de venda que orienta o cliente, estimulando vendas para o varejista. Setembro, 2017 &#8211; Em tempos de economia retra\u00edda, a Artecola Qu\u00edmica sai na frente e lan\u00e7a uma ousada a\u00e7\u00e3o, apresentando 10 novos produtos da marca AFIX de uma s\u00f3 [&hellip;]<\/p>\n","protected":false},"author":1,"featured_media":0,"comment_status":"open","ping_status":"open","sticky":false,"template":"","format":"standard","meta":{"_uag_custom_page_level_css":"","footnotes":""},"categories":[33],"tags":[490,491,940,7021,7027,7250,8287,8748,9503,12271],"class_list":["post-7728","post","type-post","status-publish","format-standard","hentry","category-mercado","tag-afix-sela-trinca","tag-afix-veda-calha","tag-artecola-quimica-afix","tag-lojistas-de-material-de-construcao","tag-lojistas-e-redes-de-varejos","tag-marcenaria","tag-novos-negocios","tag-pdv-layout","tag-produtos-para-area-de-construcao-civil","tag-vendas-de-colas-isolantes"],"blocksy_meta":[],"spectra_blocks_featured_image_url":null,"spectra_blocks_author_info":{"display_name":"Jornal da Constru\u00e7\u00e3o Civil","avatar_url":"https:\/\/secure.gravatar.com\/avatar\/973c9774fd44ddaceb026973c4962faa70fc512bc4c9da68e8ebb40fecee6540?s=96&d=mm&r=g","author_link":"https:\/\/construcaocivil.siriusmarketingedesign.com.br\/?author=1","description":"Desde de 2013, levando muitas informa\u00e7\u00f5es, lan\u00e7amentos e produtos de qualidade para toda cadeia produtiva da constru\u00e7\u00e3o. O Futuro da constru\u00e7\u00e3o passa por aqui,"},"uagb_featured_image_src":{"full":false,"thumbnail":false,"medium":false,"medium_large":false,"large":false,"1536x1536":false,"2048x2048":false},"uagb_author_info":{"display_name":"Jornal da Constru\u00e7\u00e3o Civil","author_link":"https:\/\/construcaocivil.siriusmarketingedesign.com.br\/?author=1"},"uagb_comment_info":0,"uagb_excerpt":"Marca se diferencia com solu\u00e7\u00e3o completa em adesivos e inova ao apresentar padr\u00e3o de ponto de venda que orienta o cliente, estimulando vendas para o varejista. Setembro, 2017 &#8211; Em tempos de economia retra\u00edda, a Artecola Qu\u00edmica sai na frente e lan\u00e7a uma ousada a\u00e7\u00e3o, apresentando 10 novos produtos da marca AFIX de uma s\u00f3&hellip;","_links":{"self":[{"href":"https:\/\/construcaocivil.siriusmarketingedesign.com.br\/index.php?rest_route=\/wp\/v2\/posts\/7728","targetHints":{"allow":["GET"]}}],"collection":[{"href":"https:\/\/construcaocivil.siriusmarketingedesign.com.br\/index.php?rest_route=\/wp\/v2\/posts"}],"about":[{"href":"https:\/\/construcaocivil.siriusmarketingedesign.com.br\/index.php?rest_route=\/wp\/v2\/types\/post"}],"author":[{"embeddable":true,"href":"https:\/\/construcaocivil.siriusmarketingedesign.com.br\/index.php?rest_route=\/wp\/v2\/users\/1"}],"replies":[{"embeddable":true,"href":"https:\/\/construcaocivil.siriusmarketingedesign.com.br\/index.php?rest_route=%2Fwp%2Fv2%2Fcomments&post=7728"}],"version-history":[{"count":0,"href":"https:\/\/construcaocivil.siriusmarketingedesign.com.br\/index.php?rest_route=\/wp\/v2\/posts\/7728\/revisions"}],"wp:attachment":[{"href":"https:\/\/construcaocivil.siriusmarketingedesign.com.br\/index.php?rest_route=%2Fwp%2Fv2%2Fmedia&parent=7728"}],"wp:term":[{"taxonomy":"category","embeddable":true,"href":"https:\/\/construcaocivil.siriusmarketingedesign.com.br\/index.php?rest_route=%2Fwp%2Fv2%2Fcategories&post=7728"},{"taxonomy":"post_tag","embeddable":true,"href":"https:\/\/construcaocivil.siriusmarketingedesign.com.br\/index.php?rest_route=%2Fwp%2Fv2%2Ftags&post=7728"}],"curies":[{"name":"wp","href":"https:\/\/api.w.org\/{rel}","templated":true}]}}