{"id":7737,"date":"2017-09-26T19:50:08","date_gmt":"2017-09-26T22:50:08","guid":{"rendered":"http:\/\/www.jornaldaconstrucaocivil.com.br\/?p=7737"},"modified":"2017-09-26T19:50:08","modified_gmt":"2017-09-26T22:50:08","slug":"marica-rede-de-drenagem-do-centro-sera-conectada-com-canal-da-cidade-esta-semana","status":"publish","type":"post","link":"https:\/\/construcaocivil.siriusmarketingedesign.com.br\/?p=7737","title":{"rendered":"Maric\u00e1: Rede de drenagem do Centro ser\u00e1 conectada com Canal da Cidade esta semana"},"content":{"rendered":"<p style=\"text-align: justify;\"><span style=\"color: #000000;\"><span style=\"color: #993300;\">Setembro, 2017<\/span> &#8211; A rede de drenagem que vai escoar as \u00e1guas das chuvas de parte do Centro de Maric\u00e1 at\u00e9 a lagoa de Ara\u00e7atiba ser\u00e1 conectada nesta semana ao Canal da Cidade. As \u00faltimas estruturas pr\u00e9-moldadas que comp\u00f5em a galeria de quase 830 metros de extens\u00e3o ser\u00e3o instaladas nos pr\u00f3ximos dias e ter\u00e3o uma liga\u00e7\u00e3o com uma das pe\u00e7as que levam o fluxo do canal para a lagoa. Desta forma, a nova galeria ir\u00e1 se juntar \u00e0 mais antiga, instalada em 2012, para ajudar a retirar o ac\u00famulo de \u00e1guas pluviais da ruas do entorno do canal.<\/span><\/p>\n<figure id=\"attachment_7738\" aria-describedby=\"caption-attachment-7738\" style=\"width: 300px\" class=\"wp-caption alignleft\"><a href=\"http:\/\/www.jornaldaconstrucaocivil.com.br\/wp-content\/uploads\/2017\/09\/DSC1328-e1506465966160.jpg\"><img loading=\"lazy\" decoding=\"async\" class=\"wp-image-7738 size-medium\" src=\"http:\/\/www.jornaldaconstrucaocivil.com.br\/wp-content\/uploads\/2017\/09\/DSC1328-300x201.jpg\" alt=\"_DSC1328\" width=\"300\" height=\"201\" \/><\/a><figcaption id=\"caption-attachment-7738\" class=\"wp-caption-text\">Obras de drenagem seguem em ritmo acelerado na cidade de Maric\u00e1-RJ. Fotos: Clarildo Menezes<\/figcaption><\/figure>\n<p style=\"text-align: justify;\"><span style=\"color: #000000;\">Para a sequ\u00eancia da obra, o tr\u00e2nsito teve de ser interditado na esquina da Rua \u00c1lvares de Castro com a Avenida Odenir Francisco da Costa, que teve a passagem interrompida na pista sentido Boqueir\u00e3o at\u00e9 a rotat\u00f3ria em frente \u00e0 Rua Alferes Gomes.<\/span><\/p>\n<p style=\"text-align: justify;\"><span style=\"color: #000000;\">Com isso, os motoristas que se dirigem ao bairro de Ara\u00e7atiba (onde ficam o F\u00f3rum, o Minist\u00e9rio P\u00fablico e Procuradoria do Munic\u00edpio) passando pelo Parque Eldorado devem seguir em dire\u00e7\u00e3o \u00e0 Avenida Nossa Senhora do Amparo e seguir pela Rua Alferes Gomes para acessar a regi\u00e3o pr\u00f3xima \u00e0 lagoa. Quem transitar por aquele trecho da \u00c1lvares de Castro mais pr\u00f3ximo \u00e0 lagoa deve ficar atento, pois h\u00e1 m\u00e1quinas circulando pela rua constantemente.<\/span><\/p>\n<p style=\"text-align: justify;\"><span style=\"color: #000000;\">De acordo com o cronograma, as obras incluem a instala\u00e7\u00e3o de ralos coletores instalados em ambos os lados da Rua \u00c1lvares de Castro a cada 50 metros, aproximadamente. As ruas internas do bairro tamb\u00e9m ter\u00e3o ralos auxiliares que v\u00e3o ajudar no escoamento das \u00e1guas.<\/span><\/p>\n<p style=\"text-align: justify;\"><span style=\"color: #000000;\">De acordo com o secret\u00e1rio de Obras, Marcos C\u00e2mara, toda extens\u00e3o da \u00e1rea onde a galeria est\u00e1 sendo instalada vai passar por um recapeamento asf\u00e1ltico e tamb\u00e9m ter\u00e1 uma ciclovia. Al\u00e9m disso, a pra\u00e7a que serve de rotat\u00f3ria do bairro tamb\u00e9m ser\u00e1 reformada. Ainda segundo C\u00e2mara, o restante da orla e o cal\u00e7ad\u00e3o de Ara\u00e7atiba ser\u00e3o recuperados no pr\u00f3ximo ano.<\/span><\/p>\n<p style=\"text-align: justify;\"><span style=\"color: #000000;\">A constru\u00e7\u00e3o da rede extravasora come\u00e7ou no fim de julho, com as primeiras estruturas sendo instaladas \u00e0s margens da lagoa. O objetivo da obra \u00e9 melhorar a capta\u00e7\u00e3o e o escoamento de \u00e1guas pluviais. Em chuvas fortes, a regi\u00e3o costumava apresentar pontos de alagamento, o que n\u00e3o ir\u00e1 ocorrer ap\u00f3s a interven\u00e7\u00e3o. Isso porque o extravasor permitir\u00e1 que o canal, se estiver sobrecarregado, escoe as \u00e1guas pluviais por ali.<\/span><\/p>\n<p style=\"text-align: justify;\"><span style=\"color: #000000;\">Fonte: Ascom\/Prefeitura de Maric\u00e1- RJ<\/span><\/p>\n","protected":false},"excerpt":{"rendered":"<p>Setembro, 2017 &#8211; A rede de drenagem que vai escoar as \u00e1guas das chuvas de parte do Centro de Maric\u00e1 at\u00e9 a lagoa de Ara\u00e7atiba ser\u00e1 conectada nesta semana ao Canal da Cidade. As \u00faltimas estruturas pr\u00e9-moldadas que comp\u00f5em a galeria de quase 830 metros de extens\u00e3o ser\u00e3o instaladas nos pr\u00f3ximos dias e ter\u00e3o uma [&hellip;]<\/p>\n","protected":false},"author":1,"featured_media":7738,"comment_status":"open","ping_status":"open","sticky":false,"template":"","format":"standard","meta":{"_uag_custom_page_level_css":"","footnotes":""},"categories":[27],"tags":[1791,2826,6096,6335,7295,8339,8349,8387],"class_list":["post-7737","post","type-post","status-publish","format-standard","has-post-thumbnail","hentry","category-acontece","tag-canal-escoar-as-aguas-das-chuvas","tag-construcao-civil","tag-infraestrutura","tag-investimentos-em-saneamento","tag-marica-rj","tag-obras-galeria-pluvial","tag-obras-de-drenagem","tag-obras-para-evitar-alagamentos-e-enchentes"],"blocksy_meta":[],"spectra_blocks_featured_image_url":[],"spectra_blocks_author_info":{"display_name":"Jornal da Constru\u00e7\u00e3o Civil","avatar_url":"https:\/\/secure.gravatar.com\/avatar\/973c9774fd44ddaceb026973c4962faa70fc512bc4c9da68e8ebb40fecee6540?s=96&d=mm&r=g","author_link":"https:\/\/construcaocivil.siriusmarketingedesign.com.br\/?author=1","description":"Desde de 2013, levando muitas informa\u00e7\u00f5es, lan\u00e7amentos e produtos de qualidade para toda cadeia produtiva da constru\u00e7\u00e3o. O Futuro da constru\u00e7\u00e3o passa por aqui,"},"uagb_featured_image_src":{"full":false,"thumbnail":false,"medium":false,"medium_large":false,"large":false,"1536x1536":false,"2048x2048":false},"uagb_author_info":{"display_name":"Jornal da Constru\u00e7\u00e3o Civil","author_link":"https:\/\/construcaocivil.siriusmarketingedesign.com.br\/?author=1"},"uagb_comment_info":0,"uagb_excerpt":"Setembro, 2017 &#8211; A rede de drenagem que vai escoar as \u00e1guas das chuvas de parte do Centro de Maric\u00e1 at\u00e9 a lagoa de Ara\u00e7atiba ser\u00e1 conectada nesta semana ao Canal da Cidade. As \u00faltimas estruturas pr\u00e9-moldadas que comp\u00f5em a galeria de quase 830 metros de extens\u00e3o ser\u00e3o instaladas nos pr\u00f3ximos dias e ter\u00e3o uma&hellip;","_links":{"self":[{"href":"https:\/\/construcaocivil.siriusmarketingedesign.com.br\/index.php?rest_route=\/wp\/v2\/posts\/7737","targetHints":{"allow":["GET"]}}],"collection":[{"href":"https:\/\/construcaocivil.siriusmarketingedesign.com.br\/index.php?rest_route=\/wp\/v2\/posts"}],"about":[{"href":"https:\/\/construcaocivil.siriusmarketingedesign.com.br\/index.php?rest_route=\/wp\/v2\/types\/post"}],"author":[{"embeddable":true,"href":"https:\/\/construcaocivil.siriusmarketingedesign.com.br\/index.php?rest_route=\/wp\/v2\/users\/1"}],"replies":[{"embeddable":true,"href":"https:\/\/construcaocivil.siriusmarketingedesign.com.br\/index.php?rest_route=%2Fwp%2Fv2%2Fcomments&post=7737"}],"version-history":[{"count":0,"href":"https:\/\/construcaocivil.siriusmarketingedesign.com.br\/index.php?rest_route=\/wp\/v2\/posts\/7737\/revisions"}],"wp:attachment":[{"href":"https:\/\/construcaocivil.siriusmarketingedesign.com.br\/index.php?rest_route=%2Fwp%2Fv2%2Fmedia&parent=7737"}],"wp:term":[{"taxonomy":"category","embeddable":true,"href":"https:\/\/construcaocivil.siriusmarketingedesign.com.br\/index.php?rest_route=%2Fwp%2Fv2%2Fcategories&post=7737"},{"taxonomy":"post_tag","embeddable":true,"href":"https:\/\/construcaocivil.siriusmarketingedesign.com.br\/index.php?rest_route=%2Fwp%2Fv2%2Ftags&post=7737"}],"curies":[{"name":"wp","href":"https:\/\/api.w.org\/{rel}","templated":true}]}}