{"id":775,"date":"2016-01-28T18:05:49","date_gmt":"2016-01-28T18:05:49","guid":{"rendered":"http:\/\/www.jornaldaconstrucaocivil.com.br\/?p=775"},"modified":"2016-01-28T18:05:49","modified_gmt":"2016-01-28T18:05:49","slug":"brasileiros-se-destacam-no-if-design-award-2016","status":"publish","type":"post","link":"https:\/\/construcaocivil.siriusmarketingedesign.com.br\/?p=775","title":{"rendered":"Brasileiros se destacam no iF DESIGN AWARD 2016"},"content":{"rendered":"<p><strong><span style=\"color: #0000ff;\"><em>Considerado o mais importante e completo pr\u00eamio do design mundial, o iF acaba de anunciar seus premiados<\/em><\/span><\/strong><\/p>\n<p><span style=\"color: #000000;\">Acaba de ser divulgada a lista de premiados do iF DESIGN AWARD 2016, o mais conceituado e completo pr\u00eamio do design mundial. Fundado em 1953, o iF abrange as disciplinas de produto, comunica\u00e7\u00e3o, embalagem, arquitetura e design de interiores, al\u00e9m de conceitos profissionais. A edi\u00e7\u00e3o de 2016 teve o Brasil como um dos grandes protagonistas. No total, o pa\u00eds conquistou 38 pr\u00eamios.<\/span><\/p>\n<figure id=\"attachment_776\" aria-describedby=\"caption-attachment-776\" style=\"width: 300px\" class=\"wp-caption alignleft\"><a href=\"http:\/\/www.jornaldaconstrucaocivil.com.br\/wp-content\/uploads\/2016\/01\/PREMIAC\u00c3O.png\"><img loading=\"lazy\" decoding=\"async\" class=\"wp-image-776 size-medium\" src=\"http:\/\/www.jornaldaconstrucaocivil.com.br\/wp-content\/uploads\/2016\/01\/PREMIAC\u00c3O-300x224.png\" alt=\"PREMIAC\u00c3O\" width=\"300\" height=\"224\" \/><\/a><figcaption id=\"caption-attachment-776\" class=\"wp-caption-text\"><span style=\"color: #ff0000;\">Compos\u00e9 IF2016. Foto: Divulga\u00e7\u00e3o<\/span><\/figcaption><\/figure>\n<p><span style=\"color: #000000;\">\u00a0\u201cO n\u00famero de premiados surpreendeu porque tivemos uma queda consider\u00e1vel no n\u00famero de inscri\u00e7\u00f5es. O Brasil mostra que, mesmo com a crise econ\u00f4mica, \u00e9 poss\u00edvel se destacar mundialmente e buscar o diferencial de mercado como no iF\u201d, destaca Ana Brum, Diretora T\u00e9cnica do Centro Brasil Design, escrit\u00f3rio representativo do iF no Brasil.<\/span><\/p>\n<p><span style=\"color: #000000;\">Como um dos principais selos de excel\u00eancia em design do mundo, o iF \u00e9 considerado o pr\u00eamio m\u00e1ximo do setor. \u201cOs projetos premiados s\u00e3o expostos em Hamburgo, na Alemanha, e aparecem em um aplicativo dispon\u00edvel para download de forma gratuita. Os premiados contam tamb\u00e9m com o reconhecido selo em seus produtos e os trabalhos inseridos na exposi\u00e7\u00e3o online do iF, que recebe cerca de 200 mil acessos \u00fanicos por m\u00eas. Eles tamb\u00e9m passam a fazer parte do iF WORLD DESIGN GUIDE, uma plataforma digital de refer\u00eancia de empresas, escrit\u00f3rios, ag\u00eancias, institui\u00e7\u00f5es e profissionais de design de todo o mundo\u201d, explica Ana.<\/span><\/p>\n<p><span style=\"color: #000000;\">Os projetos brasileiros s\u00e3o das mais variadas disciplinas do pr\u00eamio: Arquitetura e Interiores; Produto; Comunica\u00e7\u00e3o; Design de Servi\u00e7o; e Embalagens. Os vencedores do <strong>iF DESIGN AWARD 2016 <\/strong>s\u00e3o dos estados do Paran\u00e1, Santa Catarina, Rio de Janeiro, S\u00e3o Paulo, Cear\u00e1, Minas Gerais e Rio Grande do Sul.<\/span><\/p>\n<p><span style=\"color: #000000;\">O j\u00fari internacional do iF DESIGN AWARD 2016, que contou com a participa\u00e7\u00e3o de grandes nomes do design mundial, entre eles os brasileiros Marco Lobo e Bruno Porto, foi realizado na semana passada, entre os dias 19 e 21 de janeiro, em Hamburgo, na Alemanha. J\u00e1 a cerim\u00f4nia oficial de premia\u00e7\u00e3o vai acontecer no pr\u00f3ximo dia 26 de fevereiro, na cidade de Munique, tamb\u00e9m na Alemanha, no Museu da BMW. Mais informa\u00e7\u00f5es nos sites<span style=\"color: #0000ff;\"> www.ifdesign.de<\/span> e <span style=\"color: #0000ff;\"><a style=\"color: #0000ff;\" href=\"http:\/\/webmail2.hostinger.com.br\/roundcube\/#NOP\">www.cbd.org.br<\/a>.<\/span><\/span><\/p>\n<p><span style=\"color: #000000;\">Confira a lista dos brasileiros premiados no iF DESIGN AWARD 2016:<\/span><\/p>\n<p><strong><u>ARQUITETURA E INTERIORES<\/u><\/strong><\/p>\n<p><strong>Projeto\/Escrit\u00f3rio<\/strong><\/p>\n<p>Arca &#8211; Atelier Marko Brajovic<\/p>\n<p>Cyrela by Pininfarina \u2013 Cyrela<\/p>\n<p>Moror\u00f3 House &#8211; studio mk27<\/p>\n<p>Txai House &#8211; studio mk27<\/p>\n<p>Vertical Itaim building &#8211; studio mk27<\/p>\n<p>Brazil EXPO Milano 2015 &#8211; Atelier Marko Brajovic\/ Studio Arthur Casas<\/p>\n<p>Glass House &#8211; Cristina Menezes Arquitetura e Decora\u00e7\u00e3o<\/p>\n<p>Galeria Melissa Londres &#8211; Grendene S A<\/p>\n<p>Studio Arthur Casas &#8211; Studio Arthur Casas<\/p>\n<p><strong><u>PRODUTO<\/u><\/strong><\/p>\n<p><strong>Produto\/Design<\/strong><\/p>\n<p>Sof\u00e1 Highback Link &#8211; Decameron Design<\/p>\n<p>Kei &#8211; Doimo Brasil<\/p>\n<p>Plano \u2013 Lumini<\/p>\n<p>UM \u2013 Lumini<\/p>\n<p>Wing \u2013 Lumini<\/p>\n<p>Compos\u00e9\/ WEG &#8211; Megabox Design<\/p>\n<p>Learn and Play &#8211; Grupo Criativo<\/p>\n<p>Papaiz Nordeste &#8211; Papaiz Nordeste Ind\u00fastria e Comercio Ltda<\/p>\n<p>Sevan Lamp &#8211; Pascali Semerdjian Arquitetos<\/p>\n<p>CLAD \/ Sessel &#8211; Jader Almeida design &amp; arquitetura<\/p>\n<p>Up&amp;Down &#8211; studio mk27<\/p>\n<p>O-NUT &#8211; Tissa Berwanger<\/p>\n<p><strong><u>COMUNICA\u00c7\u00c3O<\/u><\/strong><\/p>\n<p><strong>Produto\/Design<\/strong><\/p>\n<p>42Haicais e 7 Ilustra\u00e7\u00f5es &#8211; Casa Rex<\/p>\n<p>Beluga Caf\u00e9 &#8211; Casa Rex<\/p>\n<p>Pignatari Collection &#8211; Casa Rex<\/p>\n<p>100% IDEIAS &#8211; Greco Design<\/p>\n<p>Best Neighborhood Brands &#8211; Interbrand<\/p>\n<p>New Brand LATAM &#8211; Interbrand<\/p>\n<p>Cubo &#8211; Ita\u00fa Unibanco S\/A<\/p>\n<p>MedGrupo Institucional &#8211; MedGrupo<\/p>\n<p>365 dias para uma D\u00e9cada &#8211; N\u00e9ktar Design<\/p>\n<p>Nohda &#8211; Pharus Bright Design<\/p>\n<p>Pharus &#8211; Pharus Bright Design<\/p>\n<p>Revista abcDesign -Straub Design<\/p>\n<p><strong><u>EMBALAGEM<\/u><\/strong><\/p>\n<p><strong>Produto\/Design<\/strong><\/p>\n<p>C by B &#8211; Casa Rex<\/p>\n<p>Botanic Line Packaging &#8211; Oti &#8211; Cer\u00e2mica do Inhotim<\/p>\n<p>Pardal-Original &#8211; Abracadabra<\/p>\n<p><strong><u>DESIGN DE SERVI\u00c7O<\/u><\/strong><\/p>\n<p><strong>Produto\/Design<\/strong><\/p>\n<p>Brutalist Bus Shelter &#8211; Indio da Costa A.U.D.T<\/p>\n<p>Tuboteca &#8211; IPPUC<\/p>\n<p>Fonte: Assessoria de Imprensa P+G Comunica\u00e7\u00e3o Integrada<\/p>\n<p>&nbsp;<\/p>\n","protected":false},"excerpt":{"rendered":"<p>Considerado o mais importante e completo pr\u00eamio do design mundial, o iF acaba de anunciar seus premiados Acaba de ser divulgada a lista de premiados do iF DESIGN AWARD 2016, o mais conceituado e completo pr\u00eamio do design mundial. Fundado em 1953, o iF abrange as disciplinas de produto, comunica\u00e7\u00e3o, embalagem, arquitetura e design de [&hellip;]<\/p>\n","protected":false},"author":1,"featured_media":776,"comment_status":"open","ping_status":"open","sticky":false,"template":"","format":"standard","meta":{"_uag_custom_page_level_css":"","footnotes":""},"categories":[28],"tags":[921,1577,5745,5870],"class_list":["post-775","post","type-post","status-publish","format-standard","has-post-thumbnail","hentry","category-arquitetura","tag-arquitetura-e-interiores","tag-brasilieros-premiados","tag-hamburgo-alemanha","tag-if-design-award-2016"],"blocksy_meta":[],"spectra_blocks_featured_image_url":[],"spectra_blocks_author_info":{"display_name":"Jornal da Constru\u00e7\u00e3o Civil","avatar_url":"https:\/\/secure.gravatar.com\/avatar\/973c9774fd44ddaceb026973c4962faa70fc512bc4c9da68e8ebb40fecee6540?s=96&d=mm&r=g","author_link":"https:\/\/construcaocivil.siriusmarketingedesign.com.br\/?author=1","description":"Desde de 2013, levando muitas informa\u00e7\u00f5es, lan\u00e7amentos e produtos de qualidade para toda cadeia produtiva da constru\u00e7\u00e3o. O Futuro da constru\u00e7\u00e3o passa por aqui,"},"uagb_featured_image_src":{"full":false,"thumbnail":false,"medium":false,"medium_large":false,"large":false,"1536x1536":false,"2048x2048":false},"uagb_author_info":{"display_name":"Jornal da Constru\u00e7\u00e3o Civil","author_link":"https:\/\/construcaocivil.siriusmarketingedesign.com.br\/?author=1"},"uagb_comment_info":0,"uagb_excerpt":"Considerado o mais importante e completo pr\u00eamio do design mundial, o iF acaba de anunciar seus premiados Acaba de ser divulgada a lista de premiados do iF DESIGN AWARD 2016, o mais conceituado e completo pr\u00eamio do design mundial. Fundado em 1953, o iF abrange as disciplinas de produto, comunica\u00e7\u00e3o, embalagem, arquitetura e design de&hellip;","_links":{"self":[{"href":"https:\/\/construcaocivil.siriusmarketingedesign.com.br\/index.php?rest_route=\/wp\/v2\/posts\/775","targetHints":{"allow":["GET"]}}],"collection":[{"href":"https:\/\/construcaocivil.siriusmarketingedesign.com.br\/index.php?rest_route=\/wp\/v2\/posts"}],"about":[{"href":"https:\/\/construcaocivil.siriusmarketingedesign.com.br\/index.php?rest_route=\/wp\/v2\/types\/post"}],"author":[{"embeddable":true,"href":"https:\/\/construcaocivil.siriusmarketingedesign.com.br\/index.php?rest_route=\/wp\/v2\/users\/1"}],"replies":[{"embeddable":true,"href":"https:\/\/construcaocivil.siriusmarketingedesign.com.br\/index.php?rest_route=%2Fwp%2Fv2%2Fcomments&post=775"}],"version-history":[{"count":0,"href":"https:\/\/construcaocivil.siriusmarketingedesign.com.br\/index.php?rest_route=\/wp\/v2\/posts\/775\/revisions"}],"wp:attachment":[{"href":"https:\/\/construcaocivil.siriusmarketingedesign.com.br\/index.php?rest_route=%2Fwp%2Fv2%2Fmedia&parent=775"}],"wp:term":[{"taxonomy":"category","embeddable":true,"href":"https:\/\/construcaocivil.siriusmarketingedesign.com.br\/index.php?rest_route=%2Fwp%2Fv2%2Fcategories&post=775"},{"taxonomy":"post_tag","embeddable":true,"href":"https:\/\/construcaocivil.siriusmarketingedesign.com.br\/index.php?rest_route=%2Fwp%2Fv2%2Ftags&post=775"}],"curies":[{"name":"wp","href":"https:\/\/api.w.org\/{rel}","templated":true}]}}