{"id":7755,"date":"2017-09-27T19:40:27","date_gmt":"2017-09-27T22:40:27","guid":{"rendered":"http:\/\/www.jornaldaconstrucaocivil.com.br\/?p=7755"},"modified":"2017-09-27T19:40:27","modified_gmt":"2017-09-27T22:40:27","slug":"de-olho-no-desenvolvimento-da-construcao-civil","status":"publish","type":"post","link":"https:\/\/construcaocivil.siriusmarketingedesign.com.br\/?p=7755","title":{"rendered":"De Olho no Desenvolvimento da Constru\u00e7\u00e3o Civil"},"content":{"rendered":"<p style=\"text-align: justify;\"><span style=\"color: #000080;\"><strong><em>SECONCI-Rio adere ao Pacto Global em evento que reunir\u00e1 presidentes e representantes dos Seconcis de todo o Brasil<\/em><\/strong><\/span><\/p>\n<p style=\"text-align: justify;\"><span style=\"color: #000000;\"><span style=\"color: #993300;\">Rio, Setembro, 2017<\/span> &#8211; Amanh\u00e3 (28.09), o Servi\u00e7o Social da Ind\u00fastria da Constru\u00e7\u00e3o Civil do Rio de Janeiro (SECONCI-Rio) refor\u00e7ar\u00e1 sua miss\u00e3o de agente transformador da ind\u00fastria da constru\u00e7\u00e3o, tornando-se signat\u00e1rio do Pacto Global, iniciativa da ONU que visa a mobilizar as empresas para ado\u00e7\u00e3o de pr\u00e1ticas que promovam valores fundamentais de direitos humanos, rela\u00e7\u00f5es de trabalho, meio ambiente e combate \u00e0 corrup\u00e7\u00e3o. A assinatura do termo de compromisso acontecer\u00e1 durante a abertura do Encontro Nacional de Seconcis (ENSE) que se estender\u00e1 at\u00e9 o dia 29, no Hotel Mercure, na Barra da Tijuca.<\/span><\/p>\n<p style=\"text-align: justify;\"><span style=\"color: #000000;\">Aderir ao Pacto Global est\u00e1 dentro do escopo principal de todos os Seconcis espalhados pelo Brasil que, h\u00e1 mais de 50 anos, focam sua atua\u00e7\u00e3o no desenvolvimento profissional e social daqueles que fazem parte da ind\u00fastria da constru\u00e7\u00e3o. O SECONCI-Rio \u00e9 o primeiro das 20 unidades da entidade a assumir esse compromisso com a promo\u00e7\u00e3o do crescimento sustent\u00e1vel e da cidadania.<\/span><\/p>\n<p style=\"text-align: justify;\"><span style=\"color: #000000;\">Durante o ENSE2017, presidentes e representantes dos Seconcis tamb\u00e9m estar\u00e3o reunidos para discutir assuntos como desenvolvimento sustent\u00e1vel, reforma trabalhista, biosseguran\u00e7a na odontologia, informatiza\u00e7\u00e3o na \u00e1rea de sa\u00fade, desenvolvimento institucional, gest\u00e3o, entre outros temas em pauta. Na ocasi\u00e3o, o compartilhamento de informa\u00e7\u00f5es e de viv\u00eancias ser\u00e1 fundamental para trazer novas frentes de atua\u00e7\u00e3o da institui\u00e7\u00e3o.<\/span><\/p>\n<p style=\"text-align: justify;\"><span style=\"color: #000000;\">Al\u00e9m das palestras, ser\u00e3o realizadas oficinas para aperfei\u00e7oamento dos agentes respons\u00e1veis pelas \u00e1reas de sa\u00fade e seguran\u00e7a do trabalho, os principais pilares da miss\u00e3o dos Seconcis.<\/span><\/p>\n<p style=\"text-align: justify;\"><span style=\"color: #000000;\">O ENSE \u00e9 o mais importante evento estrat\u00e9gico para a discuss\u00e3o dos temas relacionados \u00e0 miss\u00e3o das entidades, promovendo a troca de boas pr\u00e1ticas e o est\u00edmulo \u00e0 constru\u00e7\u00e3o de novas parcerias.<\/span><\/p>\n<p style=\"text-align: justify;\">Fonte: Imprensa\/Seconci-Rio<\/p>\n<p>&nbsp;<\/p>\n","protected":false},"excerpt":{"rendered":"<p>SECONCI-Rio adere ao Pacto Global em evento que reunir\u00e1 presidentes e representantes dos Seconcis de todo o Brasil Rio, Setembro, 2017 &#8211; Amanh\u00e3 (28.09), o Servi\u00e7o Social da Ind\u00fastria da Constru\u00e7\u00e3o Civil do Rio de Janeiro (SECONCI-Rio) refor\u00e7ar\u00e1 sua miss\u00e3o de agente transformador da ind\u00fastria da constru\u00e7\u00e3o, tornando-se signat\u00e1rio do Pacto Global, iniciativa da ONU [&hellip;]<\/p>\n","protected":false},"author":1,"featured_media":0,"comment_status":"open","ping_status":"open","sticky":false,"template":"","format":"standard","meta":{"_uag_custom_page_level_css":"","footnotes":""},"categories":[27],"tags":[3376,4271,4369,5815,6026,8567,10732,10931],"class_list":["post-7755","post","type-post","status-publish","format-standard","hentry","category-acontece","tag-de-olho-no-desenvolvimento-da-construcao-civil","tag-encontro-nacional-de-seconcis-ense","tag-ense2017","tag-hotel-mercure-rj","tag-industria-da-construcao","tag-pacto-global","tag-seconci-rio","tag-servico-social-da-industria-da-construcao-civil-do-rio-de-janeiro-seconci-rio"],"blocksy_meta":[],"spectra_blocks_featured_image_url":null,"spectra_blocks_author_info":{"display_name":"Jornal da Constru\u00e7\u00e3o Civil","avatar_url":"https:\/\/secure.gravatar.com\/avatar\/973c9774fd44ddaceb026973c4962faa70fc512bc4c9da68e8ebb40fecee6540?s=96&d=mm&r=g","author_link":"https:\/\/construcaocivil.siriusmarketingedesign.com.br\/?author=1","description":"Desde de 2013, levando muitas informa\u00e7\u00f5es, lan\u00e7amentos e produtos de qualidade para toda cadeia produtiva da constru\u00e7\u00e3o. O Futuro da constru\u00e7\u00e3o passa por aqui,"},"uagb_featured_image_src":{"full":false,"thumbnail":false,"medium":false,"medium_large":false,"large":false,"1536x1536":false,"2048x2048":false},"uagb_author_info":{"display_name":"Jornal da Constru\u00e7\u00e3o Civil","author_link":"https:\/\/construcaocivil.siriusmarketingedesign.com.br\/?author=1"},"uagb_comment_info":0,"uagb_excerpt":"SECONCI-Rio adere ao Pacto Global em evento que reunir\u00e1 presidentes e representantes dos Seconcis de todo o Brasil Rio, Setembro, 2017 &#8211; Amanh\u00e3 (28.09), o Servi\u00e7o Social da Ind\u00fastria da Constru\u00e7\u00e3o Civil do Rio de Janeiro (SECONCI-Rio) refor\u00e7ar\u00e1 sua miss\u00e3o de agente transformador da ind\u00fastria da constru\u00e7\u00e3o, tornando-se signat\u00e1rio do Pacto Global, iniciativa da ONU&hellip;","_links":{"self":[{"href":"https:\/\/construcaocivil.siriusmarketingedesign.com.br\/index.php?rest_route=\/wp\/v2\/posts\/7755","targetHints":{"allow":["GET"]}}],"collection":[{"href":"https:\/\/construcaocivil.siriusmarketingedesign.com.br\/index.php?rest_route=\/wp\/v2\/posts"}],"about":[{"href":"https:\/\/construcaocivil.siriusmarketingedesign.com.br\/index.php?rest_route=\/wp\/v2\/types\/post"}],"author":[{"embeddable":true,"href":"https:\/\/construcaocivil.siriusmarketingedesign.com.br\/index.php?rest_route=\/wp\/v2\/users\/1"}],"replies":[{"embeddable":true,"href":"https:\/\/construcaocivil.siriusmarketingedesign.com.br\/index.php?rest_route=%2Fwp%2Fv2%2Fcomments&post=7755"}],"version-history":[{"count":0,"href":"https:\/\/construcaocivil.siriusmarketingedesign.com.br\/index.php?rest_route=\/wp\/v2\/posts\/7755\/revisions"}],"wp:attachment":[{"href":"https:\/\/construcaocivil.siriusmarketingedesign.com.br\/index.php?rest_route=%2Fwp%2Fv2%2Fmedia&parent=7755"}],"wp:term":[{"taxonomy":"category","embeddable":true,"href":"https:\/\/construcaocivil.siriusmarketingedesign.com.br\/index.php?rest_route=%2Fwp%2Fv2%2Fcategories&post=7755"},{"taxonomy":"post_tag","embeddable":true,"href":"https:\/\/construcaocivil.siriusmarketingedesign.com.br\/index.php?rest_route=%2Fwp%2Fv2%2Ftags&post=7755"}],"curies":[{"name":"wp","href":"https:\/\/api.w.org\/{rel}","templated":true}]}}