{"id":7774,"date":"2017-09-28T13:14:07","date_gmt":"2017-09-28T16:14:07","guid":{"rendered":"http:\/\/www.jornaldaconstrucaocivil.com.br\/?p=7774"},"modified":"2017-09-28T13:14:07","modified_gmt":"2017-09-28T16:14:07","slug":"70-arquitetos-e-urbanistas-ajudaram-a-construir-a-cidade-do-rock","status":"publish","type":"post","link":"https:\/\/construcaocivil.siriusmarketingedesign.com.br\/?p=7774","title":{"rendered":"70 arquitetos e urbanistas ajudaram a construir a Cidade do Rock"},"content":{"rendered":"<p style=\"text-align: justify;\"><span style=\"color: #000080;\"><em><strong>Erguida no Parque Ol\u00edmpico, nova Cidade do Rock ocupou \u00e1rea de 300 mil m\u00b2<\/strong><\/em><\/span><\/p>\n<p style=\"text-align: justify;\"><span style=\"color: #000000;\"><span style=\"color: #993300;\">Setembro, 2017<\/span> &#8211; A constru\u00e7\u00e3o da nova Cidade do Rock, no Parque Ol\u00edmpico do Rio de Janeiro, na Barra da Tijuca, contou com a participa\u00e7\u00e3o direta de 75 arquitetos e urbanistas, com a emiss\u00e3o de cerca de 300 Registros de Responsabilidade T\u00e9cnica. A informa\u00e7\u00e3o \u00e9 da equipe de fiscaliza\u00e7\u00e3o do Conselho de Arquitetura e Urbanismo do Rio de Janeiro (CAU\/RJ), que acompanhou a montagem do Rock in Rio (RiR) 2017 entre os dias 25 de agosto e 14 de setembro.<\/span><\/p>\n<figure id=\"attachment_7775\" aria-describedby=\"caption-attachment-7775\" style=\"width: 300px\" class=\"wp-caption alignleft\"><a href=\"http:\/\/www.jornaldaconstrucaocivil.com.br\/wp-content\/uploads\/2017\/09\/cau-no-rock-in-rio-tratada-e1506611205254.jpg\"><img loading=\"lazy\" decoding=\"async\" class=\"wp-image-7775 size-medium\" src=\"http:\/\/www.jornaldaconstrucaocivil.com.br\/wp-content\/uploads\/2017\/09\/cau-no-rock-in-rio-tratada-300x225.jpg\" alt=\"SAMSUNG CAMERA PICTURES\" width=\"300\" height=\"225\" \/><\/a><figcaption id=\"caption-attachment-7775\" class=\"wp-caption-text\">70 arquitetos e urbanistas ajudaram a construir a Cidade do Rock. Cr\u00e9ditos:CAU-RJ<\/figcaption><\/figure>\n<p style=\"text-align: justify;\"><span style=\"color: #000000;\">A atua\u00e7\u00e3o do Conselho tem como principal objetivo apurar se as atividades exclusivas do arquiteto e urbanistas foram executadas por profissional devidamente habilitado. Entre as atribui\u00e7\u00f5es do arquiteto est\u00e3o: concep\u00e7\u00e3o de projetos, arquitetura de interiores, arquitetura paisag\u00edstica, conforto ambiental, entre outros. O profissional pode ainda se responsabilizar pelo projeto de estruturas e instala\u00e7\u00f5es prediais, al\u00e9m da pr\u00f3pria execu\u00e7\u00e3o da obra.<\/span><\/p>\n<p style=\"text-align: justify;\"><span style=\"color: #000000;\">Para a arquiteta e urbanista e coordenadora de projetos da empresa GL Events, Caroline Pignaton, a montagem de grandes eventos como o Rock in Rio deve sempre contar com profissionais habilitados. <em>&#8220;Uma das vantagens de se contar com o arquiteto e urbanistas na montagem de grandes eventos \u00e9 a vis\u00e3o generalista do profissional. Podemos atuar tanto na \u00e1rea de cenografia, quanto na de estrutura&#8221;<\/em>, explicou. Ainda segundo Caroline, trata-se de um mercado de trabalho com grande potencial para os arquitetos: <em>&#8220;\u00c9 um mercado que tem grande rotatividade. No Rio de Janeiro, o n\u00famero de eventos aumentou significativamente desde as Olimp\u00edadas, assim como a demanda por arquitetos e urbanistas habilitados para atuar no segmento.&#8221;<\/em><\/span><\/p>\n<p style=\"text-align: justify;\"><span style=\"color: #000000;\">Em junho, o gerente de fiscaliza\u00e7\u00e3o do CAU\/RJ, Rodrigo Abbade, e as fiscais Elaine Rossi e Let\u00edcia Jacome participaram de reuni\u00e3o de orienta\u00e7\u00e3o com as empresas envolvidas na concep\u00e7\u00e3o e execu\u00e7\u00e3o dos projetos da Cidade do Rock, representantes das marcas patrocinadoras, al\u00e9m de engenheiros e arquitetos do pr\u00f3prio evento. Na edi\u00e7\u00e3o anterior, em 2015, o Conselho tamb\u00e9m esteve presente na montagem do Rock in Rio.<\/span><\/p>\n<p style=\"text-align: justify;\">Fonte: Imprensa\/CAU-RJ<\/p>\n","protected":false},"excerpt":{"rendered":"<p>Erguida no Parque Ol\u00edmpico, nova Cidade do Rock ocupou \u00e1rea de 300 mil m\u00b2 Setembro, 2017 &#8211; A constru\u00e7\u00e3o da nova Cidade do Rock, no Parque Ol\u00edmpico do Rio de Janeiro, na Barra da Tijuca, contou com a participa\u00e7\u00e3o direta de 75 arquitetos e urbanistas, com a emiss\u00e3o de cerca de 300 Registros de Responsabilidade [&hellip;]<\/p>\n","protected":false},"author":1,"featured_media":7775,"comment_status":"open","ping_status":"open","sticky":false,"template":"","format":"standard","meta":{"_uag_custom_page_level_css":"","footnotes":""},"categories":[27],"tags":[909,2016,2257,5099,5100,7541,7835,9680],"class_list":["post-7774","post","type-post","status-publish","format-standard","has-post-thumbnail","hentry","category-acontece","tag-arquitetos-e-urbanistas","tag-cau-rj","tag-cidade-do-rock","tag-fiscalizacao-do-conselho-de-arquitetura-e-urbanismo","tag-fiscalizacao-dos-projetos","tag-mercado-do-profissional-de-arquitetura-e-urbanismo","tag-montagem-do-rock-in-rio-rir-2017","tag-projeto-de-estruturas-e-instalacoes-prediais"],"blocksy_meta":[],"spectra_blocks_featured_image_url":[],"spectra_blocks_author_info":{"display_name":"Jornal da Constru\u00e7\u00e3o Civil","avatar_url":"https:\/\/secure.gravatar.com\/avatar\/973c9774fd44ddaceb026973c4962faa70fc512bc4c9da68e8ebb40fecee6540?s=96&d=mm&r=g","author_link":"https:\/\/construcaocivil.siriusmarketingedesign.com.br\/?author=1","description":"Desde de 2013, levando muitas informa\u00e7\u00f5es, lan\u00e7amentos e produtos de qualidade para toda cadeia produtiva da constru\u00e7\u00e3o. O Futuro da constru\u00e7\u00e3o passa por aqui,"},"uagb_featured_image_src":{"full":false,"thumbnail":false,"medium":false,"medium_large":false,"large":false,"1536x1536":false,"2048x2048":false},"uagb_author_info":{"display_name":"Jornal da Constru\u00e7\u00e3o Civil","author_link":"https:\/\/construcaocivil.siriusmarketingedesign.com.br\/?author=1"},"uagb_comment_info":0,"uagb_excerpt":"Erguida no Parque Ol\u00edmpico, nova Cidade do Rock ocupou \u00e1rea de 300 mil m\u00b2 Setembro, 2017 &#8211; A constru\u00e7\u00e3o da nova Cidade do Rock, no Parque Ol\u00edmpico do Rio de Janeiro, na Barra da Tijuca, contou com a participa\u00e7\u00e3o direta de 75 arquitetos e urbanistas, com a emiss\u00e3o de cerca de 300 Registros de Responsabilidade&hellip;","_links":{"self":[{"href":"https:\/\/construcaocivil.siriusmarketingedesign.com.br\/index.php?rest_route=\/wp\/v2\/posts\/7774","targetHints":{"allow":["GET"]}}],"collection":[{"href":"https:\/\/construcaocivil.siriusmarketingedesign.com.br\/index.php?rest_route=\/wp\/v2\/posts"}],"about":[{"href":"https:\/\/construcaocivil.siriusmarketingedesign.com.br\/index.php?rest_route=\/wp\/v2\/types\/post"}],"author":[{"embeddable":true,"href":"https:\/\/construcaocivil.siriusmarketingedesign.com.br\/index.php?rest_route=\/wp\/v2\/users\/1"}],"replies":[{"embeddable":true,"href":"https:\/\/construcaocivil.siriusmarketingedesign.com.br\/index.php?rest_route=%2Fwp%2Fv2%2Fcomments&post=7774"}],"version-history":[{"count":0,"href":"https:\/\/construcaocivil.siriusmarketingedesign.com.br\/index.php?rest_route=\/wp\/v2\/posts\/7774\/revisions"}],"wp:attachment":[{"href":"https:\/\/construcaocivil.siriusmarketingedesign.com.br\/index.php?rest_route=%2Fwp%2Fv2%2Fmedia&parent=7774"}],"wp:term":[{"taxonomy":"category","embeddable":true,"href":"https:\/\/construcaocivil.siriusmarketingedesign.com.br\/index.php?rest_route=%2Fwp%2Fv2%2Fcategories&post=7774"},{"taxonomy":"post_tag","embeddable":true,"href":"https:\/\/construcaocivil.siriusmarketingedesign.com.br\/index.php?rest_route=%2Fwp%2Fv2%2Ftags&post=7774"}],"curies":[{"name":"wp","href":"https:\/\/api.w.org\/{rel}","templated":true}]}}