{"id":7778,"date":"2017-09-28T12:27:59","date_gmt":"2017-09-28T15:27:59","guid":{"rendered":"http:\/\/www.jornaldaconstrucaocivil.com.br\/?p=7778"},"modified":"2017-09-28T12:27:59","modified_gmt":"2017-09-28T15:27:59","slug":"trico-renovado-traz-aconchego-e-novidade-ao-ambiente","status":"publish","type":"post","link":"https:\/\/construcaocivil.siriusmarketingedesign.com.br\/?p=7778","title":{"rendered":"Tric\u00f4 renovado traz aconchego e novidade ao ambiente"},"content":{"rendered":"<p style=\"text-align: justify;\"><em><strong><span style=\"color: #000000;\">A t\u00e9cnica muito utilizada no passado retorna \u00e0 decora\u00e7\u00e3o em op\u00e7\u00f5es contempor\u00e2neas<\/span><\/strong><\/em><\/p>\n<figure id=\"attachment_7779\" aria-describedby=\"caption-attachment-7779\" style=\"width: 260px\" class=\"wp-caption alignleft\"><a href=\"http:\/\/www.jornaldaconstrucaocivil.com.br\/wp-content\/uploads\/2017\/09\/SALA-de-JANTAR.jpg\"><img loading=\"lazy\" decoding=\"async\" class=\"wp-image-7779\" src=\"http:\/\/www.jornaldaconstrucaocivil.com.br\/wp-content\/uploads\/2017\/09\/SALA-de-JANTAR-300x224.jpg\" alt=\"SALA de JANTAR\" width=\"260\" height=\"194\" \/><\/a><figcaption id=\"caption-attachment-7779\" class=\"wp-caption-text\">Espa\u00e7o Jantar Lounge de Samara Barbosa com cortinas de tric\u00f4 da Entre Sedas. Divulga\u00e7\u00e3o<\/figcaption><\/figure>\n<p style=\"text-align: justify;\"><span style=\"color: #000000;\"><span style=\"color: #993300;\">Setembro, 2017<\/span> &#8211; Para a alegria dos saudosistas, o tric\u00f4 vem ganhando for\u00e7a novamente na decora\u00e7\u00e3o. A trama aparece em cores mais vivas, em linhas finas ou grossas, como aponta a arquiteta Renata Pisani. &#8220;Gosto da t\u00e9cnica em azul marinho e em terracota, mas em tecido cru tamb\u00e9m fica muito bonito. Tanto as tramas mais abertas, como as mais fechadas, agregam beleza ao espa\u00e7o&#8221;, opina. A propriet\u00e1ria da loja de decora\u00e7\u00e3o Entre Sedas, Tatiana Martin, concorda com a arquiteta.<em> &#8220;O encanto do tric\u00f4 atual est\u00e1 justamente nessa retomada do passado, por\u00e9m repaginado, com novas composi\u00e7\u00f5es e materiais&#8221;<\/em>, afirma.<\/span><\/p>\n<p style=\"text-align: justify;\"><span style=\"color: #000000;\">Se algu\u00e9m tem d\u00favida sobre onde usar a pe\u00e7a, a arquiteta explica que qualquer ambiente pode ser contemplado, mas que prefere utiliz\u00e1-la em salas e quartos. <em>&#8220;Acho que fica muito bonito mesclar almofadas de tric\u00f4 com as de outros tecidos, assim como usar a t\u00e9cnica em xales e barrados&#8221;<\/em>, conta. Na Entre Sedas \u00e9 poss\u00edvel encontrar almofadas e cortinas com o padr\u00e3o, que traz aconchego e novidade aos ambientes em que se insere.<\/span><\/p>\n<p style=\"text-align: justify;\"><span style=\"color: #000000;\"><em>&#8220;O tric\u00f4 carrega consigo esse toque do artesanal, feito \u00e0 m\u00e3o, que oferece personalidade ao ambiente&#8221;<\/em>, ressalta Tatiana Martin. Al\u00e9m disso, o padr\u00e3o tamb\u00e9m adiciona contemporaneidade e bom gosto ao espa\u00e7o.<\/span><\/p>\n<p><strong>Servi\u00e7o:<\/strong><\/p>\n<p>Entre Sedas Decor<\/p>\n<p>Endere\u00e7o:\u00a0<a href=\"https:\/\/maps.google.com\/?q=Rua+Itupava,+1299+%E2%80%93+Hugo+Lange,+Curitiba+(PR)+%E2%80%93+loja+7&amp;entry=gmail&amp;source=g\">Rua Itupava, 1299 \u2013 Hugo Lange, Curitiba (PR) \u2013 loja 7<\/a>\u00a0\u2013 Paran\u00e1 (PR)<br \/>\nHor\u00e1rio de atendimento: segunda a sexta-feira, das 9h \u00e0s 18h<\/p>\n<p>Facebook:\u00a0<a href=\"http:\/\/www.imcgrupo.com\/link.php?code=bDpodHRwJTNBJTJGJTJGd3d3LmZhY2Vib29rLmNvbSUyRkVudHJlLVNlZGFzLURlY29yLTM1ODMxOTk4MDkxMTk5NyUyRiUzRmZyZWYlM0R0czoyNDAwNjMzMzI3OndlYm9icmFzQGdtYWlsLmNvbTo2ZWY0ZmE3NWI2YjMyNThiNGU2OTJhYTQ4N2FlOGY4MDk4\" target=\"_blank\" data-saferedirecturl=\"https:\/\/www.google.com\/url?hl=pt-PT&amp;q=http:\/\/www.imcgrupo.com\/link.php?code%3DbDpodHRwJTNBJTJGJTJGd3d3LmZhY2Vib29rLmNvbSUyRkVudHJlLVNlZGFzLURlY29yLTM1ODMxOTk4MDkxMTk5NyUyRiUzRmZyZWYlM0R0czoyNDAwNjMzMzI3OndlYm9icmFzQGdtYWlsLmNvbTo2ZWY0ZmE3NWI2YjMyNThiNGU2OTJhYTQ4N2FlOGY4MDk4&amp;source=gmail&amp;ust=1506698433141000&amp;usg=AFQjCNEo5GAeyYdbSohynLj4yu1FxlI4uA\">@Entre-Sedas-Decor<\/a><\/p>\n","protected":false},"excerpt":{"rendered":"<p>A t\u00e9cnica muito utilizada no passado retorna \u00e0 decora\u00e7\u00e3o em op\u00e7\u00f5es contempor\u00e2neas Setembro, 2017 &#8211; Para a alegria dos saudosistas, o tric\u00f4 vem ganhando for\u00e7a novamente na decora\u00e7\u00e3o. A trama aparece em cores mais vivas, em linhas finas ou grossas, como aponta a arquiteta Renata Pisani. &#8220;Gosto da t\u00e9cnica em azul marinho e em terracota, [&hellip;]<\/p>\n","protected":false},"author":1,"featured_media":0,"comment_status":"open","ping_status":"open","sticky":false,"template":"","format":"standard","meta":{"_uag_custom_page_level_css":"","footnotes":""},"categories":[28],"tags":[672,1933,3269,3395,4379,6999,7799,11967],"class_list":["post-7778","post","type-post","status-publish","format-standard","hentry","category-arquitetura","tag-ambientes-mais-charmosos","tag-casa-e-decoracao","tag-curitiba-pr","tag-decoracao-e-arquitetura","tag-entre-sedas-decor","tag-lojas-de-designer","tag-modelos-e-novidades-em-trico","tag-trico-renovado-para-casa-e-apartamentos"],"blocksy_meta":[],"spectra_blocks_featured_image_url":null,"spectra_blocks_author_info":{"display_name":"Jornal da Constru\u00e7\u00e3o Civil","avatar_url":"https:\/\/secure.gravatar.com\/avatar\/973c9774fd44ddaceb026973c4962faa70fc512bc4c9da68e8ebb40fecee6540?s=96&d=mm&r=g","author_link":"https:\/\/construcaocivil.siriusmarketingedesign.com.br\/?author=1","description":"Desde de 2013, levando muitas informa\u00e7\u00f5es, lan\u00e7amentos e produtos de qualidade para toda cadeia produtiva da constru\u00e7\u00e3o. O Futuro da constru\u00e7\u00e3o passa por aqui,"},"uagb_featured_image_src":{"full":false,"thumbnail":false,"medium":false,"medium_large":false,"large":false,"1536x1536":false,"2048x2048":false},"uagb_author_info":{"display_name":"Jornal da Constru\u00e7\u00e3o Civil","author_link":"https:\/\/construcaocivil.siriusmarketingedesign.com.br\/?author=1"},"uagb_comment_info":0,"uagb_excerpt":"A t\u00e9cnica muito utilizada no passado retorna \u00e0 decora\u00e7\u00e3o em op\u00e7\u00f5es contempor\u00e2neas Setembro, 2017 &#8211; Para a alegria dos saudosistas, o tric\u00f4 vem ganhando for\u00e7a novamente na decora\u00e7\u00e3o. A trama aparece em cores mais vivas, em linhas finas ou grossas, como aponta a arquiteta Renata Pisani. &#8220;Gosto da t\u00e9cnica em azul marinho e em terracota,&hellip;","_links":{"self":[{"href":"https:\/\/construcaocivil.siriusmarketingedesign.com.br\/index.php?rest_route=\/wp\/v2\/posts\/7778","targetHints":{"allow":["GET"]}}],"collection":[{"href":"https:\/\/construcaocivil.siriusmarketingedesign.com.br\/index.php?rest_route=\/wp\/v2\/posts"}],"about":[{"href":"https:\/\/construcaocivil.siriusmarketingedesign.com.br\/index.php?rest_route=\/wp\/v2\/types\/post"}],"author":[{"embeddable":true,"href":"https:\/\/construcaocivil.siriusmarketingedesign.com.br\/index.php?rest_route=\/wp\/v2\/users\/1"}],"replies":[{"embeddable":true,"href":"https:\/\/construcaocivil.siriusmarketingedesign.com.br\/index.php?rest_route=%2Fwp%2Fv2%2Fcomments&post=7778"}],"version-history":[{"count":0,"href":"https:\/\/construcaocivil.siriusmarketingedesign.com.br\/index.php?rest_route=\/wp\/v2\/posts\/7778\/revisions"}],"wp:attachment":[{"href":"https:\/\/construcaocivil.siriusmarketingedesign.com.br\/index.php?rest_route=%2Fwp%2Fv2%2Fmedia&parent=7778"}],"wp:term":[{"taxonomy":"category","embeddable":true,"href":"https:\/\/construcaocivil.siriusmarketingedesign.com.br\/index.php?rest_route=%2Fwp%2Fv2%2Fcategories&post=7778"},{"taxonomy":"post_tag","embeddable":true,"href":"https:\/\/construcaocivil.siriusmarketingedesign.com.br\/index.php?rest_route=%2Fwp%2Fv2%2Ftags&post=7778"}],"curies":[{"name":"wp","href":"https:\/\/api.w.org\/{rel}","templated":true}]}}