{"id":7805,"date":"2017-09-29T17:11:49","date_gmt":"2017-09-29T20:11:49","guid":{"rendered":"http:\/\/www.jornaldaconstrucaocivil.com.br\/?p=7805"},"modified":"2017-09-29T17:11:49","modified_gmt":"2017-09-29T20:11:49","slug":"1a-romaria-nacional-do-cerrado-acontece-neste-sabado-30-em-balsas-ma","status":"publish","type":"post","link":"https:\/\/construcaocivil.siriusmarketingedesign.com.br\/?p=7805","title":{"rendered":"1\u00aa Romaria Nacional do Cerrado acontece neste s\u00e1bado, 30, em Balsas (MA)"},"content":{"rendered":"<p style=\"text-align: justify;\"><span style=\"color: #000000;\"><span style=\"color: #003366;\">Bras\u00edlia, 2017<\/span> &#8211; Neste s\u00e1bado, 30 de setembro, \u00e0s 07 horas da manh\u00e3, romeiros e romeiras iniciam a caminhada pelas principais ruas da cidade de Balsas, na regi\u00e3o Sul do Maranh\u00e3o. S\u00e3o esperadas 5 mil pessoas, muitas delas oriundas de nove estados de Cerrado: Bahia, Goi\u00e1s, Tocantins, Piau\u00ed, Mato Grosso, Mato Grosso do Sul, Minas Gerais, Rond\u00f4nia, e daqui do Maranh\u00e3o. Concentra\u00e7\u00e3o para a Romaria come\u00e7a hoje, 29, \u00e0s 18h30.<\/span><\/p>\n<p style=\"text-align: justify;\"><a href=\"http:\/\/www.jornaldaconstrucaocivil.com.br\/wp-content\/uploads\/2017\/09\/CERRADO-Banner_Romaria_Nac_Cerrado3.jpg\"><img loading=\"lazy\" decoding=\"async\" class=\"size-medium wp-image-7806 alignleft\" src=\"http:\/\/www.jornaldaconstrucaocivil.com.br\/wp-content\/uploads\/2017\/09\/CERRADO-Banner_Romaria_Nac_Cerrado3-300x74.jpg\" alt=\"CERRADO Banner_Romaria_Nac_Cerrado3\" width=\"300\" height=\"74\" \/><\/a><\/p>\n<p style=\"text-align: justify;\"><span style=\"color: #000000;\">A primeira edi\u00e7\u00e3o da Romaria Nacional do Cerrado traz como tema a luta do povo por dois elementos fundamentais para a vida \u2013 <span style=\"color: #0000ff;\">\u201cCerrado: os povos gritam por \u00e1gua e territ\u00f3rio livres\u201d<\/span>. E o lema \u00e9 <span style=\"color: #0000ff;\">\u201cBendita \u00e9s tu, \u00f3 M\u00e3e \u00c1gua, que nasces e corres no cora\u00e7\u00e3o do Cerrado, alimentando a vida\u201d<\/span>. A \u00e1gua \u00e9 presen\u00e7a forte nesta romaria, assim como os povos e as comunidades que vivem no e do bioma. E n\u00e3o podia ser diferente, j\u00e1 que o Cerrado \u00e9 respons\u00e1vel por alimentar grandes rios e bacias hidrogr\u00e1ficas do nosso pa\u00eds. E as pessoas que vivem neste territ\u00f3rio s\u00e3o os verdadeiros guardi\u00f5es<span style=\"color: #0000ff;\"> &#8220;dessa nossa casa comum&#8221;<\/span>.<\/span><\/p>\n<p style=\"text-align: justify;\"><span style=\"color: #000000;\">Dom Enem\u00e9sio Lazzaris, bispo de Balsas e presidente da Comiss\u00e3o Pastoral da Terra (CPT), acredita que a romaria ser\u00e1 um importante espa\u00e7o para visibilizar a rica biodiversidade do Cerrado, al\u00e9m, claro, da luta e resist\u00eancia das comunidades tradicionais<span style=\"color: #000080;\"><em> &#8220;impactadas por barragens, minera\u00e7\u00e3o, pelas monoculturas, e, como se n\u00e3o bastasse, pelo MATOPIBA [Plano de Desenvolvimento Agropecu\u00e1rio, que impacta os estados do Maranh\u00e3o, Tocantins, Piau\u00ed e Bahia]&#8221;<\/em><\/span>, afirma.<\/span><\/p>\n<p style=\"text-align: justify;\"><span style=\"color: #000000;\"><span style=\"color: #993300;\"><strong>Prepara\u00e7\u00e3o<\/strong><\/span> \u2013 O Povo sai em caminhada apenas no s\u00e1bado de manh\u00e3, mas 12 horas antes disso j\u00e1 come\u00e7am as atividades no ponto de concentra\u00e7\u00e3o da Romaria, a Pra\u00e7a Liberdade, no Bairro Potosi. No local, haver\u00e1 a Feira da Economia Solid\u00e1ria do Cerrado com produtos produzidos pelas pr\u00f3prias comunidades, e a Troca de Sementes Crioulas. J\u00e1 por volta das 22 horas, acontecer\u00e1 o \u201cEncontro das \u00c1guas\u201d, momento em que \u00e1guas de rios do Cerrado trazidas pelos romeiros e romeiras ser\u00e3o benzidas.\u00a0 Logo ap\u00f3s, ter\u00e1 um momento de Celebra\u00e7\u00e3o, que ser\u00e1 presidido por Dom Enem\u00e9sio. E ao longo de toda a madrugada, as pessoas poder\u00e3o acompanhar e participar das apresenta\u00e7\u00f5es culturais t\u00edpicas do Cerrado.\u00a0\u00a0\u00a0\u00a0<\/span><\/p>\n<p style=\"text-align: justify;\"><span style=\"color: #000000;\"><span style=\"color: #993300;\"><strong>Hist\u00f3rico<\/strong><\/span> &#8211; A Romaria Nacional do Cerrado faz parte de um processo de mobiliza\u00e7\u00e3o e forma\u00e7\u00e3o dos povos e comunidades, e nasce a partir de v\u00e1rias a\u00e7\u00f5es regionais, estaduais e interestaduais. Em 2013, em Luzi\u00e2nia (GO), foi realizado o primeiro Encontro das Comunidades e Povos do Cerrado. Depois disso, nos estados que comp\u00f5em este bioma, ocorreram romarias do Cerrado, Semanas do Cerrado, Encontro Regional dos Povos e Comunidades Impactadas pelo MATOPIBA, feiras do Cerrado, Grito e Resist\u00eancia do Cerrado, Tenda dos Povos do Cerrado, e muitos outros eventos e a\u00e7\u00f5es.<\/span><\/p>\n<p style=\"text-align: justify;\"><span style=\"color: #000000;\"><strong><span style=\"color: #993300;\">Organiza\u00e7\u00e3o<\/span><\/strong> \u2013 A Romaria \u00e9 organizada pela CPT, CNBB Regional Nordeste 5, Diocese de Balsas, Pastorais Sociais, Cimi, Cebi, Fetaema, C\u00e1ritas, F\u00f3rum Caraj\u00e1s, SPM, TEIA dos Povos e Comunidades Tradicionais do Maranh\u00e3o, MIQCB, CPP, MPP, PJ, Moquibom e demais parceiros e parceiras.<\/span><\/p>\n<p style=\"text-align: justify;\">Para mais informa\u00e7\u00f5es acesse em\u00a0\u00a0<span style=\"text-decoration: underline;\"><span style=\"color: #0000ff;\"><a style=\"color: #0000ff; text-decoration: underline;\" href=\"http:\/\/nhp6.trk.elasticemail.com\/tracking\/click?msgid=5lHDjVt_fH9KrbA7qdJFSg2&amp;target=https%3a%2f%2fwww.cptnacional.org.br%2f&amp;v=r3IF6xQQOMC-LZnn0rdVwQ2&amp;lc=913771972863770663\" target=\"_blank\" rel=\"noreferrer\">cptnacional.org.br<\/a><\/span><\/span><\/p>\n<p style=\"text-align: justify;\">Redes Sociais:\u00a0<span style=\"color: #0000ff;\"><strong>Facebook \/ Twitter:<\/strong>\u00a0@CPTNacional<\/span><\/p>\n","protected":false},"excerpt":{"rendered":"<p>Bras\u00edlia, 2017 &#8211; Neste s\u00e1bado, 30 de setembro, \u00e0s 07 horas da manh\u00e3, romeiros e romeiras iniciam a caminhada pelas principais ruas da cidade de Balsas, na regi\u00e3o Sul do Maranh\u00e3o. S\u00e3o esperadas 5 mil pessoas, muitas delas oriundas de nove estados de Cerrado: Bahia, Goi\u00e1s, Tocantins, Piau\u00ed, Mato Grosso, Mato Grosso do Sul, Minas [&hellip;]<\/p>\n","protected":false},"author":1,"featured_media":0,"comment_status":"open","ping_status":"open","sticky":false,"template":"","format":"standard","meta":{"_uag_custom_page_level_css":"","footnotes":""},"categories":[27],"tags":[113,1165,1240,2499,2604,2605,2608,4258,5201,7237,8882,11810],"class_list":["post-7805","post","type-post","status-publish","format-standard","hentry","category-acontece","tag-1a-romaria-nacional-do-cerrado","tag-bahia","tag-balsas-ma","tag-comissao-pastoral-da-terra","tag-comunidades-impactadas-pelo-matopiba","tag-comunidades-impactadas-por-barragens","tag-comunidades-tradicionais-do-maranhao","tag-encontro-das-comunidades-e-povos-do-cerrado","tag-forum-carajas","tag-maranhao","tag-piaui","tag-tocantins"],"blocksy_meta":[],"spectra_blocks_featured_image_url":null,"spectra_blocks_author_info":{"display_name":"Jornal da Constru\u00e7\u00e3o Civil","avatar_url":"https:\/\/secure.gravatar.com\/avatar\/973c9774fd44ddaceb026973c4962faa70fc512bc4c9da68e8ebb40fecee6540?s=96&d=mm&r=g","author_link":"https:\/\/construcaocivil.siriusmarketingedesign.com.br\/?author=1","description":"Desde de 2013, levando muitas informa\u00e7\u00f5es, lan\u00e7amentos e produtos de qualidade para toda cadeia produtiva da constru\u00e7\u00e3o. O Futuro da constru\u00e7\u00e3o passa por aqui,"},"uagb_featured_image_src":{"full":false,"thumbnail":false,"medium":false,"medium_large":false,"large":false,"1536x1536":false,"2048x2048":false},"uagb_author_info":{"display_name":"Jornal da Constru\u00e7\u00e3o Civil","author_link":"https:\/\/construcaocivil.siriusmarketingedesign.com.br\/?author=1"},"uagb_comment_info":0,"uagb_excerpt":"Bras\u00edlia, 2017 &#8211; Neste s\u00e1bado, 30 de setembro, \u00e0s 07 horas da manh\u00e3, romeiros e romeiras iniciam a caminhada pelas principais ruas da cidade de Balsas, na regi\u00e3o Sul do Maranh\u00e3o. S\u00e3o esperadas 5 mil pessoas, muitas delas oriundas de nove estados de Cerrado: Bahia, Goi\u00e1s, Tocantins, Piau\u00ed, Mato Grosso, Mato Grosso do Sul, Minas&hellip;","_links":{"self":[{"href":"https:\/\/construcaocivil.siriusmarketingedesign.com.br\/index.php?rest_route=\/wp\/v2\/posts\/7805","targetHints":{"allow":["GET"]}}],"collection":[{"href":"https:\/\/construcaocivil.siriusmarketingedesign.com.br\/index.php?rest_route=\/wp\/v2\/posts"}],"about":[{"href":"https:\/\/construcaocivil.siriusmarketingedesign.com.br\/index.php?rest_route=\/wp\/v2\/types\/post"}],"author":[{"embeddable":true,"href":"https:\/\/construcaocivil.siriusmarketingedesign.com.br\/index.php?rest_route=\/wp\/v2\/users\/1"}],"replies":[{"embeddable":true,"href":"https:\/\/construcaocivil.siriusmarketingedesign.com.br\/index.php?rest_route=%2Fwp%2Fv2%2Fcomments&post=7805"}],"version-history":[{"count":0,"href":"https:\/\/construcaocivil.siriusmarketingedesign.com.br\/index.php?rest_route=\/wp\/v2\/posts\/7805\/revisions"}],"wp:attachment":[{"href":"https:\/\/construcaocivil.siriusmarketingedesign.com.br\/index.php?rest_route=%2Fwp%2Fv2%2Fmedia&parent=7805"}],"wp:term":[{"taxonomy":"category","embeddable":true,"href":"https:\/\/construcaocivil.siriusmarketingedesign.com.br\/index.php?rest_route=%2Fwp%2Fv2%2Fcategories&post=7805"},{"taxonomy":"post_tag","embeddable":true,"href":"https:\/\/construcaocivil.siriusmarketingedesign.com.br\/index.php?rest_route=%2Fwp%2Fv2%2Ftags&post=7805"}],"curies":[{"name":"wp","href":"https:\/\/api.w.org\/{rel}","templated":true}]}}