{"id":7812,"date":"2017-09-29T17:58:01","date_gmt":"2017-09-29T20:58:01","guid":{"rendered":"http:\/\/www.jornaldaconstrucaocivil.com.br\/?p=7812"},"modified":"2017-09-29T17:58:01","modified_gmt":"2017-09-29T20:58:01","slug":"presidente-do-tst-retalia-juizes-que-nao-seguem-suas-orientacoes-sobre-a-reforma-trabalhista","status":"publish","type":"post","link":"https:\/\/construcaocivil.siriusmarketingedesign.com.br\/?p=7812","title":{"rendered":"Presidente do TST retalia ju\u00edzes que n\u00e3o seguem suas orienta\u00e7\u00f5es sobre a Reforma Trabalhista"},"content":{"rendered":"<p style=\"text-align: justify;\"><em><strong><span style=\"color: #333399;\">Magistrados que organizam diferentes interpreta\u00e7\u00f5es da reforma respondem processos administrativos dentro do Tribunal Superior do Trabalho como forma de retalia\u00e7\u00e3o da Presid\u00eancia. Anamatra e juristas denunciam o caso<\/span><\/strong><\/em><\/p>\n<p style=\"text-align: justify;\"><span style=\"color: #000000;\"><span style=\"color: #993300;\">Setembro, 2017<\/span> &#8211; O presidente do Tribunal Superior do Trabalho (TST), ministro Ives Gandra, retaliou com processos administrativos tr\u00eas ju\u00edzes trabalhistas que organizam interpreta\u00e7\u00f5es diferentes das admitidas pela Presid\u00eancia do \u00f3rg\u00e3o sobre a Reforma Trabalhista. A afirma\u00e7\u00e3o foi feita pela jurista Zilmara Alencar, nesta sexta-feira (29), durante palestra no semin\u00e1rio da Confedera\u00e7\u00e3o Nacional dos Trabalhadores em Asseio e Conserva\u00e7\u00e3o (CONASCON). A Associa\u00e7\u00e3o Nacional dos Magistrados da Justi\u00e7a do Trabalho (ANAMATRA) tamb\u00e9m denunciou o caso.<\/span><\/p>\n<p style=\"text-align: justify;\"><a href=\"http:\/\/www.jornaldaconstrucaocivil.com.br\/wp-content\/uploads\/2017\/09\/TST-e1506718437135.jpg\"><img loading=\"lazy\" decoding=\"async\" class=\"size-medium wp-image-7813 alignleft\" src=\"http:\/\/www.jornaldaconstrucaocivil.com.br\/wp-content\/uploads\/2017\/09\/TST-300x176.jpg\" alt=\"TST\" width=\"300\" height=\"176\" \/><\/a><\/p>\n<p style=\"text-align: justify;\"><span style=\"color: #000000;\">Os magistrados Valdete Souto Severo (4\u00aa Regi\u00e3o) e Jorge Luis Souto Maior (15\u00aa Regi\u00e3o) respondem reclama\u00e7\u00f5es disciplinares feitas diretamente pelo ministro Ives Gandra. Em paralelo, a Corregedoria Nacional de Justi\u00e7a (CNJ) solicitou abertura de procedimento administrativo em face do juiz Hugo Cavalcanti Melo Filho (6\u00aa Regi\u00e3o), por redesignar audi\u00eancias com a mesma finalidade de conscientizar e mobilizar a comunidade pernambucana quanto aos riscos das Reformas Trabalhista e Previdenci\u00e1ria.<\/span><\/p>\n<p style=\"text-align: justify;\"><span style=\"color: #000000;\"><em><span style=\"color: #333399;\">&#8220;Que democracia \u00e9 essa, onde uma reforma \u00e9 aprovada sem participa\u00e7\u00e3o popular, ju\u00edzes tentam traz\u00ea-la para o debate t\u00e9cnico e s\u00e3o punidos pelo pr\u00f3prio presidente do TST, pelo simples fato de quererem ouvir todos os lados da argumenta\u00e7\u00e3o&#8221;<\/span><\/em>, colocou Zilmara.<\/span><\/p>\n<p style=\"text-align: justify;\"><span style=\"color: #000000;\">Para o presidente da CONASCON, Moacyr Pereira, esse tipo de postura n\u00e3o condiz com o que se espera do presidente de um tribunal que deveria resguardar os direitos dos trabalhadores. <em><span style=\"color: #333399;\">&#8220;Respeitamos o ministro Ives Gandra, mas n\u00e3o aceitamos que ele reprima seus pr\u00f3prio colegas ju\u00edzes que buscam, atrav\u00e9s de di\u00e1logos com outros especialistas da \u00e1rea, novas interpreta\u00e7\u00f5es da Reforma Trabalhista que visem reduzir os efeitos dessa mudan\u00e7a nas leis trabalhistas&#8221;<\/span><\/em>, disse.<\/span><\/p>\n<p style=\"text-align: justify;\"><span style=\"color: #000000;\">O dirigente acredita que essa postura \u00e9 um reflexo da postura do pr\u00f3prio governo e do Congresso Nacional, que tem decidido medidas impopulares e sem participa\u00e7\u00e3o da sociedade.<em><span style=\"color: #333399;\"> &#8220;O texto da reforma, por exemplo, foi assinado durante um evento fechado, com seis representantes de empres\u00e1rios. Onde est\u00e1 a representatividade de quem mais ser\u00e1 afetado por essa mudan\u00e7a?&#8221;<\/span><\/em>, completou Moacyr Pereira.<\/span><\/p>\n<p style=\"text-align: justify;\"><span style=\"color: #000000;\">A Anamatra tamb\u00e9m se colocou contra a retalia\u00e7\u00e3o. Segundo a entidade, houve um <span style=\"color: #000080;\">&#8220;manejo inapropriado de instrumentos correcionais&#8221;<\/span> por parte dos \u00f3rg\u00e3os competentes.<span style=\"color: #000080;\"> &#8220;\u00c9 curial que o Poder Judici\u00e1rio, antes mesmo que todos os outros, saiba preservar e garantir a express\u00e3o de opini\u00f5es divergentes e, bem assim, o livre debate democr\u00e1tico&#8221;<\/span>, colocou a entidade em nota oficial.<\/span><\/p>\n<p>&nbsp;<\/p>\n","protected":false},"excerpt":{"rendered":"<p>Magistrados que organizam diferentes interpreta\u00e7\u00f5es da reforma respondem processos administrativos dentro do Tribunal Superior do Trabalho como forma de retalia\u00e7\u00e3o da Presid\u00eancia. Anamatra e juristas denunciam o caso Setembro, 2017 &#8211; O presidente do Tribunal Superior do Trabalho (TST), ministro Ives Gandra, retaliou com processos administrativos tr\u00eas ju\u00edzes trabalhistas que organizam interpreta\u00e7\u00f5es diferentes das admitidas [&hellip;]<\/p>\n","protected":false},"author":1,"featured_media":7813,"comment_status":"open","ping_status":"open","sticky":false,"template":"","format":"standard","meta":{"_uag_custom_page_level_css":"","footnotes":""},"categories":[27],"tags":[1050,5572,7427,7756,9374,10060,10074,11964],"class_list":["post-7812","post","type-post","status-publish","format-standard","has-post-thumbnail","hentry","category-acontece","tag-associacao-nacional-dos-magistrados-da-justica-do-trabalho-anamatra","tag-governo-temer-com-3-de-aprovacao","tag-medidas-impopulares","tag-ministro-ives-gandra","tag-presidente-do-tst-retalia-juizes","tag-reforma-trabalhista","tag-reformas-trabalhista-e-previdenciaria","tag-tribunal-superior-do-trabalho"],"blocksy_meta":[],"spectra_blocks_featured_image_url":[],"spectra_blocks_author_info":{"display_name":"Jornal da Constru\u00e7\u00e3o Civil","avatar_url":"https:\/\/secure.gravatar.com\/avatar\/973c9774fd44ddaceb026973c4962faa70fc512bc4c9da68e8ebb40fecee6540?s=96&d=mm&r=g","author_link":"https:\/\/construcaocivil.siriusmarketingedesign.com.br\/?author=1","description":"Desde de 2013, levando muitas informa\u00e7\u00f5es, lan\u00e7amentos e produtos de qualidade para toda cadeia produtiva da constru\u00e7\u00e3o. O Futuro da constru\u00e7\u00e3o passa por aqui,"},"uagb_featured_image_src":{"full":false,"thumbnail":false,"medium":false,"medium_large":false,"large":false,"1536x1536":false,"2048x2048":false},"uagb_author_info":{"display_name":"Jornal da Constru\u00e7\u00e3o Civil","author_link":"https:\/\/construcaocivil.siriusmarketingedesign.com.br\/?author=1"},"uagb_comment_info":0,"uagb_excerpt":"Magistrados que organizam diferentes interpreta\u00e7\u00f5es da reforma respondem processos administrativos dentro do Tribunal Superior do Trabalho como forma de retalia\u00e7\u00e3o da Presid\u00eancia. Anamatra e juristas denunciam o caso Setembro, 2017 &#8211; O presidente do Tribunal Superior do Trabalho (TST), ministro Ives Gandra, retaliou com processos administrativos tr\u00eas ju\u00edzes trabalhistas que organizam interpreta\u00e7\u00f5es diferentes das admitidas&hellip;","_links":{"self":[{"href":"https:\/\/construcaocivil.siriusmarketingedesign.com.br\/index.php?rest_route=\/wp\/v2\/posts\/7812","targetHints":{"allow":["GET"]}}],"collection":[{"href":"https:\/\/construcaocivil.siriusmarketingedesign.com.br\/index.php?rest_route=\/wp\/v2\/posts"}],"about":[{"href":"https:\/\/construcaocivil.siriusmarketingedesign.com.br\/index.php?rest_route=\/wp\/v2\/types\/post"}],"author":[{"embeddable":true,"href":"https:\/\/construcaocivil.siriusmarketingedesign.com.br\/index.php?rest_route=\/wp\/v2\/users\/1"}],"replies":[{"embeddable":true,"href":"https:\/\/construcaocivil.siriusmarketingedesign.com.br\/index.php?rest_route=%2Fwp%2Fv2%2Fcomments&post=7812"}],"version-history":[{"count":0,"href":"https:\/\/construcaocivil.siriusmarketingedesign.com.br\/index.php?rest_route=\/wp\/v2\/posts\/7812\/revisions"}],"wp:attachment":[{"href":"https:\/\/construcaocivil.siriusmarketingedesign.com.br\/index.php?rest_route=%2Fwp%2Fv2%2Fmedia&parent=7812"}],"wp:term":[{"taxonomy":"category","embeddable":true,"href":"https:\/\/construcaocivil.siriusmarketingedesign.com.br\/index.php?rest_route=%2Fwp%2Fv2%2Fcategories&post=7812"},{"taxonomy":"post_tag","embeddable":true,"href":"https:\/\/construcaocivil.siriusmarketingedesign.com.br\/index.php?rest_route=%2Fwp%2Fv2%2Ftags&post=7812"}],"curies":[{"name":"wp","href":"https:\/\/api.w.org\/{rel}","templated":true}]}}