{"id":7815,"date":"2017-09-29T18:08:04","date_gmt":"2017-09-29T21:08:04","guid":{"rendered":"http:\/\/www.jornaldaconstrucaocivil.com.br\/?p=7815"},"modified":"2017-09-29T18:08:04","modified_gmt":"2017-09-29T21:08:04","slug":"indicador-de-nivel-de-atividade-da-industria-recua-06-em-agosto-aponta-fiesp","status":"publish","type":"post","link":"https:\/\/construcaocivil.siriusmarketingedesign.com.br\/?p=7815","title":{"rendered":"Indicador de N\u00edvel de Atividade da ind\u00fastria recua 0,6% em agosto, aponta Fiesp"},"content":{"rendered":"<p style=\"text-align: justify;\"><span style=\"color: #000080;\"><em><strong>Pesquisa Sensor marca 51,0 pontos, indicando otimismo da ind\u00fastria para o m\u00eas<\/strong><\/em><\/span><\/p>\n<p style=\"text-align: justify;\"><span style=\"color: #000000;\"><span style=\"color: #993300;\">Setembro, 2017<\/span> &#8211; O Indicador de N\u00edvel de Atividade (INA) da ind\u00fastria paulista recuou 0,6% em agosto ante julho, na s\u00e9rie com ajuste sazonal, interrompendo uma sequ\u00eancia de quatro altas consecutivas. J\u00e1 na s\u00e9rie sem ajuste, o resultado para o m\u00eas e na compara\u00e7\u00e3o anual ficam no campo positivo, 3,3% e 1,5%, respectivamente. Por\u00e9m no acumulado em 12 meses, h\u00e1 queda de 1,6%.<\/span><\/p>\n<p style=\"text-align: justify;\"><span style=\"color: #000000;\">O resultado negativo para o INA em agosto teve forte influ\u00eancia de todas as vari\u00e1veis de conjuntura que declinaram no per\u00edodo. O total de vendas reais cedeu 1,7%, o N\u00edvel de Utiliza\u00e7\u00e3o da Capacidade Instalada (NUCI) 0,5 p.p e as horas trabalhadas na produ\u00e7\u00e3o ficaram est\u00e1veis (0,0%). Os dados foram divulgados nesta quinta-feira, 28\/09, pelo Departamento de Pesquisas e Estudos Econ\u00f4micos (Depecon) da Federa\u00e7\u00e3o e Centro das Ind\u00fastrias do Estado de S\u00e3o Paulo (Fiesp e Ciesp).<\/span><\/p>\n<p style=\"text-align: justify;\"><span style=\"color: #000000;\">Segundo Paulo Francini, diretor titular do Depecon, a queda de agosto mostra uma oscila\u00e7\u00e3o pontual em torno de uma recupera\u00e7\u00e3o ainda lenta da ind\u00fastria. <span style=\"color: #000080;\"><em>&#8220;Esse resultado negativo n\u00e3o \u00e9 preocupante. N\u00e3o significa que a tend\u00eancia de crescimento n\u00e3o ser\u00e1 mantida. Apesar de ainda lenta, a economia est\u00e1 em recupera\u00e7\u00e3o&#8221;<\/em><\/span>, afirma Francini.<\/span><\/p>\n<p style=\"text-align: justify;\"><span style=\"color: #000000;\">Entre os setores pesquisados, os destaques ficaram por conta de produtos farmac\u00eauticos, com alta de 1,5% em agosto, na s\u00e9rie com ajuste sazonal. As horas trabalhadas na produ\u00e7\u00e3o ficaram est\u00e1veis (0,0%), o total de vendas reais subiu 7,8% e o NUCI recuou 0,1 p.p.<\/span><\/p>\n<p style=\"text-align: justify;\"><span style=\"color: #000000;\">O INA de ve\u00edculos automotores tamb\u00e9m avan\u00e7ou no m\u00eas (3,6%). As horas trabalhadas na produ\u00e7\u00e3o subiram 4,7%, vendas reais, 6,6% e o NUCI cedeu 0,3 p.p. J\u00e1 para o setor de celulose, papel e produtos de papel houve retra\u00e7\u00e3o do INA de 2,1% em agosto. As vendas reais cederam 2,4%, horas trabalhadas na produ\u00e7\u00e3o 1,6% e o NUCI caiu 0,7 p.p.<\/span><\/p>\n<p style=\"text-align: justify;\"><strong><span style=\"color: #000000;\">Sensor<\/span><\/strong><\/p>\n<p style=\"text-align: justify;\"><span style=\"color: #000000;\">A pesquisa Sensor de setembro, tamb\u00e9m produzida pelo Depecon, seguiu acima dos 50 pontos, marcando 51,0, avan\u00e7o de 0,4 p.p ante agosto, quando chegou a 50,6 pontos. Leituras acima de 50 pontos sinalizam expectativa de aumento da atividade industrial para o m\u00eas.<\/span><\/p>\n<p style=\"text-align: justify;\"><span style=\"color: #000000;\">Dos indicadores que comp\u00f5em o Sensor, o que capta as condi\u00e7\u00f5es de mercado subiu para 53,3 pontos em setembro, ante os 52,9 pontos de agosto. Acima dos 50,0 pontos, indica melhora das condi\u00e7\u00f5es de mercado.<\/span><\/p>\n<p style=\"text-align: justify;\"><span style=\"color: #000000;\">O avan\u00e7o tamb\u00e9m foi verificado no indicador de emprego, que teve varia\u00e7\u00e3o positiva de 2,1 p.p, para 52,2 pontos, ante os 50,1 pontos. Resultados acima dos 50,0 pontos indicam expectativa de contrata\u00e7\u00f5es para o m\u00eas. A vari\u00e1vel de vendas tamb\u00e9m avan\u00e7ou, saindo de 50,4 pontos para 51,8 pontos.<\/span><\/p>\n<p style=\"text-align: justify;\"><span style=\"color: #000000;\">Apenas o indicador de estoque apresentou queda, marcando 45,4 pontos, ante os 48,3 pontos do m\u00eas anterior, indicando que os estoques est\u00e3o acima do n\u00edvel desejado.<\/span><\/p>\n","protected":false},"excerpt":{"rendered":"<p>Pesquisa Sensor marca 51,0 pontos, indicando otimismo da ind\u00fastria para o m\u00eas Setembro, 2017 &#8211; O Indicador de N\u00edvel de Atividade (INA) da ind\u00fastria paulista recuou 0,6% em agosto ante julho, na s\u00e9rie com ajuste sazonal, interrompendo uma sequ\u00eancia de quatro altas consecutivas. J\u00e1 na s\u00e9rie sem ajuste, o resultado para o m\u00eas e na [&hellip;]<\/p>\n","protected":false},"author":1,"featured_media":0,"comment_status":"open","ping_status":"open","sticky":false,"template":"","format":"standard","meta":{"_uag_custom_page_level_css":"","footnotes":""},"categories":[33],"tags":[3882,5052,6058,7549,8131,10993,12315],"class_list":["post-7815","post","type-post","status-publish","format-standard","hentry","category-mercado","tag-economia-instavel","tag-fiesp","tag-industria-em-processo-lento-de-crescimento","tag-mercado-e-varejo","tag-nivel-de-atividade-da-industria-recua-em-agosto","tag-setor-de-celulose-papel-e-produtos-de-papel-apresentou-retracao","tag-vendas-de-veiculos-automotores-cresce-em-agosto"],"blocksy_meta":[],"spectra_blocks_featured_image_url":null,"spectra_blocks_author_info":{"display_name":"Jornal da Constru\u00e7\u00e3o Civil","avatar_url":"https:\/\/secure.gravatar.com\/avatar\/973c9774fd44ddaceb026973c4962faa70fc512bc4c9da68e8ebb40fecee6540?s=96&d=mm&r=g","author_link":"https:\/\/construcaocivil.siriusmarketingedesign.com.br\/?author=1","description":"Desde de 2013, levando muitas informa\u00e7\u00f5es, lan\u00e7amentos e produtos de qualidade para toda cadeia produtiva da constru\u00e7\u00e3o. O Futuro da constru\u00e7\u00e3o passa por aqui,"},"uagb_featured_image_src":{"full":false,"thumbnail":false,"medium":false,"medium_large":false,"large":false,"1536x1536":false,"2048x2048":false},"uagb_author_info":{"display_name":"Jornal da Constru\u00e7\u00e3o Civil","author_link":"https:\/\/construcaocivil.siriusmarketingedesign.com.br\/?author=1"},"uagb_comment_info":0,"uagb_excerpt":"Pesquisa Sensor marca 51,0 pontos, indicando otimismo da ind\u00fastria para o m\u00eas Setembro, 2017 &#8211; O Indicador de N\u00edvel de Atividade (INA) da ind\u00fastria paulista recuou 0,6% em agosto ante julho, na s\u00e9rie com ajuste sazonal, interrompendo uma sequ\u00eancia de quatro altas consecutivas. J\u00e1 na s\u00e9rie sem ajuste, o resultado para o m\u00eas e na&hellip;","_links":{"self":[{"href":"https:\/\/construcaocivil.siriusmarketingedesign.com.br\/index.php?rest_route=\/wp\/v2\/posts\/7815","targetHints":{"allow":["GET"]}}],"collection":[{"href":"https:\/\/construcaocivil.siriusmarketingedesign.com.br\/index.php?rest_route=\/wp\/v2\/posts"}],"about":[{"href":"https:\/\/construcaocivil.siriusmarketingedesign.com.br\/index.php?rest_route=\/wp\/v2\/types\/post"}],"author":[{"embeddable":true,"href":"https:\/\/construcaocivil.siriusmarketingedesign.com.br\/index.php?rest_route=\/wp\/v2\/users\/1"}],"replies":[{"embeddable":true,"href":"https:\/\/construcaocivil.siriusmarketingedesign.com.br\/index.php?rest_route=%2Fwp%2Fv2%2Fcomments&post=7815"}],"version-history":[{"count":0,"href":"https:\/\/construcaocivil.siriusmarketingedesign.com.br\/index.php?rest_route=\/wp\/v2\/posts\/7815\/revisions"}],"wp:attachment":[{"href":"https:\/\/construcaocivil.siriusmarketingedesign.com.br\/index.php?rest_route=%2Fwp%2Fv2%2Fmedia&parent=7815"}],"wp:term":[{"taxonomy":"category","embeddable":true,"href":"https:\/\/construcaocivil.siriusmarketingedesign.com.br\/index.php?rest_route=%2Fwp%2Fv2%2Fcategories&post=7815"},{"taxonomy":"post_tag","embeddable":true,"href":"https:\/\/construcaocivil.siriusmarketingedesign.com.br\/index.php?rest_route=%2Fwp%2Fv2%2Ftags&post=7815"}],"curies":[{"name":"wp","href":"https:\/\/api.w.org\/{rel}","templated":true}]}}