{"id":7817,"date":"2017-09-30T11:36:13","date_gmt":"2017-09-30T14:36:13","guid":{"rendered":"http:\/\/www.jornaldaconstrucaocivil.com.br\/?p=7817"},"modified":"2017-09-30T11:36:13","modified_gmt":"2017-09-30T14:36:13","slug":"casa-e-decoracao-suas-portas-podem-dizer-muito-sobre-voce","status":"publish","type":"post","link":"https:\/\/construcaocivil.siriusmarketingedesign.com.br\/?p=7817","title":{"rendered":"Casa e Decora\u00e7\u00e3o: Suas portas podem dizer muito sobre voc\u00ea"},"content":{"rendered":"<p style=\"text-align: justify;\"><em><strong><span style=\"color: #000000;\">Acabamentos da Sayerlack surpreendem pela qualidade e inova\u00e7\u00e3o na hora de receber!<\/span><\/strong><\/em><\/p>\n<p style=\"text-align: justify;\"><span style=\"color: #000000;\"><span style=\"color: #993300;\">Setembro, 2017<\/span> &#8211; Dizem que a porta \u00e9 o cart\u00e3o de visitas de uma casa. Por isso, muito em alta nos projetos de decora\u00e7\u00e3o, as portas coloridas t\u00eam ganhado cada vez mais espa\u00e7o nos projetos de arquitetura e design de interiores. Mas ao pintar uma porta, \u00e9 preciso saber exatamente quais produtos s\u00e3o mais indicados.<\/span><\/p>\n<figure id=\"attachment_7818\" aria-describedby=\"caption-attachment-7818\" style=\"width: 284px\" class=\"wp-caption alignleft\"><a href=\"http:\/\/www.jornaldaconstrucaocivil.com.br\/wp-content\/uploads\/2017\/09\/Ecoville.jpg\"><img loading=\"lazy\" decoding=\"async\" class=\"wp-image-7818\" src=\"http:\/\/www.jornaldaconstrucaocivil.com.br\/wp-content\/uploads\/2017\/09\/Ecoville-300x200.jpg\" alt=\"Ecoville\" width=\"284\" height=\"189\" \/><\/a><figcaption id=\"caption-attachment-7818\" class=\"wp-caption-text\">Ecoville com acabamento laca P.U. vermelho M137 acetinado da Sayerlack\/ Imagem: Divulga\u00e7\u00e3o<\/figcaption><\/figure>\n<p style=\"text-align: justify;\"><span style=\"color: #000000;\">A Sayerlack, especialista em tintas e vernizes para madeira, tem as melhores op\u00e7\u00f5es para quem deseja proteger e embelezar e renovar as portas tanto em interiores como exteriores. Com in\u00fameros produtos desenvolvidos para a necessidade de cada cliente, a empresa se destaca pela qualidade e versatilidade dos seus acabamentos laqueados.<\/span><\/p>\n<p style=\"text-align: justify;\"><span style=\"color: #000000;\">Com um sistema tintom\u00e9trico o Sayersystem, a Sayerlack disponibiliza para o consumidor mais de 4 mil op\u00e7\u00f5es de cores, incluindo as tonalidades do ano, selecionadas pela Pantone Institute. As lacas est\u00e3o dispon\u00edveis nos acabamentos fosco, acetinado, high gloss (alto brilho) e metalizado.<\/span><\/p>\n<p style=\"text-align: justify;\"><span style=\"color: #000000;\">As lacas da Sayerlack s\u00e3o de alt\u00edssima qualidade e possuem um acabamento impec\u00e1vel que cobre OS m\u00ednimos detalhes, como bordos, rebaixos, frisos e espa\u00e7os vazados.<\/span><\/p>\n<p><span style=\"color: #000000;\">Segundo o diretor comercial da Ecoville, Marcos Rezende, que utiliza os produtos da Sayerlack h\u00e1 alguns anos por conta da qualidade e durabilidade, <em><span style=\"color: #333399;\">&#8220;s\u00e3o produtos que possuem \u00f3timo acabamento e podem durar anos. Utilizamos muito as lacas brancas acetinadas tamb\u00e9m, QUE N\u00c3O AMARELECEM COM O TEMPO&#8221;<\/span><\/em>, explica.<\/span><\/p>\n<p><span style=\"color: #000000;\">Rezende afirma que os acabamentos em portas externas podem durar at\u00e9 dois anos e em internas tr\u00eas anos. E ainda ressalta a import\u00e2ncia de pintar todos os lados da porta, incluindo em cima, em baixo e dos lados, pois evita umidade e garante um acabamento ainda melhor.<\/span><\/p>\n<p><span style=\"color: #000000;\">Para saber mais sobre os produtos da Sayerlack, acesse: <span style=\"text-decoration: underline;\"><span style=\"color: #0000ff; text-decoration: underline;\">www.sayerlack.com.br<\/span><\/span><\/span><\/p>\n","protected":false},"excerpt":{"rendered":"<p>Acabamentos da Sayerlack surpreendem pela qualidade e inova\u00e7\u00e3o na hora de receber! Setembro, 2017 &#8211; Dizem que a porta \u00e9 o cart\u00e3o de visitas de uma casa. Por isso, muito em alta nos projetos de decora\u00e7\u00e3o, as portas coloridas t\u00eam ganhado cada vez mais espa\u00e7o nos projetos de arquitetura e design de interiores. Mas ao [&hellip;]<\/p>\n","protected":false},"author":1,"featured_media":7818,"comment_status":"open","ping_status":"open","sticky":false,"template":"","format":"standard","meta":{"_uag_custom_page_level_css":"","footnotes":""},"categories":[28],"tags":[1902,1933,7546,9125,9750,10330,10704,11774],"class_list":["post-7817","post","type-post","status-publish","format-standard","has-post-thumbnail","hentry","category-arquitetura","tag-casa-suas-portas-podem-dizer-muito-sobre-voce","tag-casa-e-decoracao","tag-mercado-e-novos-negocios","tag-portas-e-janelas","tag-projetos-de-arquitetura-e-design-de-interiores","tag-revestimentos-e-acabamentos","tag-sayerlack","tag-tintas-e-vernizes-para-madeira"],"blocksy_meta":[],"spectra_blocks_featured_image_url":[],"spectra_blocks_author_info":{"display_name":"Jornal da Constru\u00e7\u00e3o Civil","avatar_url":"https:\/\/secure.gravatar.com\/avatar\/973c9774fd44ddaceb026973c4962faa70fc512bc4c9da68e8ebb40fecee6540?s=96&d=mm&r=g","author_link":"https:\/\/construcaocivil.siriusmarketingedesign.com.br\/?author=1","description":"Desde de 2013, levando muitas informa\u00e7\u00f5es, lan\u00e7amentos e produtos de qualidade para toda cadeia produtiva da constru\u00e7\u00e3o. O Futuro da constru\u00e7\u00e3o passa por aqui,"},"uagb_featured_image_src":{"full":false,"thumbnail":false,"medium":false,"medium_large":false,"large":false,"1536x1536":false,"2048x2048":false},"uagb_author_info":{"display_name":"Jornal da Constru\u00e7\u00e3o Civil","author_link":"https:\/\/construcaocivil.siriusmarketingedesign.com.br\/?author=1"},"uagb_comment_info":0,"uagb_excerpt":"Acabamentos da Sayerlack surpreendem pela qualidade e inova\u00e7\u00e3o na hora de receber! Setembro, 2017 &#8211; Dizem que a porta \u00e9 o cart\u00e3o de visitas de uma casa. Por isso, muito em alta nos projetos de decora\u00e7\u00e3o, as portas coloridas t\u00eam ganhado cada vez mais espa\u00e7o nos projetos de arquitetura e design de interiores. Mas ao&hellip;","_links":{"self":[{"href":"https:\/\/construcaocivil.siriusmarketingedesign.com.br\/index.php?rest_route=\/wp\/v2\/posts\/7817","targetHints":{"allow":["GET"]}}],"collection":[{"href":"https:\/\/construcaocivil.siriusmarketingedesign.com.br\/index.php?rest_route=\/wp\/v2\/posts"}],"about":[{"href":"https:\/\/construcaocivil.siriusmarketingedesign.com.br\/index.php?rest_route=\/wp\/v2\/types\/post"}],"author":[{"embeddable":true,"href":"https:\/\/construcaocivil.siriusmarketingedesign.com.br\/index.php?rest_route=\/wp\/v2\/users\/1"}],"replies":[{"embeddable":true,"href":"https:\/\/construcaocivil.siriusmarketingedesign.com.br\/index.php?rest_route=%2Fwp%2Fv2%2Fcomments&post=7817"}],"version-history":[{"count":0,"href":"https:\/\/construcaocivil.siriusmarketingedesign.com.br\/index.php?rest_route=\/wp\/v2\/posts\/7817\/revisions"}],"wp:attachment":[{"href":"https:\/\/construcaocivil.siriusmarketingedesign.com.br\/index.php?rest_route=%2Fwp%2Fv2%2Fmedia&parent=7817"}],"wp:term":[{"taxonomy":"category","embeddable":true,"href":"https:\/\/construcaocivil.siriusmarketingedesign.com.br\/index.php?rest_route=%2Fwp%2Fv2%2Fcategories&post=7817"},{"taxonomy":"post_tag","embeddable":true,"href":"https:\/\/construcaocivil.siriusmarketingedesign.com.br\/index.php?rest_route=%2Fwp%2Fv2%2Ftags&post=7817"}],"curies":[{"name":"wp","href":"https:\/\/api.w.org\/{rel}","templated":true}]}}