{"id":7820,"date":"2017-09-30T11:48:09","date_gmt":"2017-09-30T14:48:09","guid":{"rendered":"http:\/\/www.jornaldaconstrucaocivil.com.br\/?p=7820"},"modified":"2017-09-30T11:48:09","modified_gmt":"2017-09-30T14:48:09","slug":"conferencia-nacional-de-arquitetura-e-urbanismo-reune-paulo-mendes-da-rocha-jaime-lerner-e-indio-da-costa","status":"publish","type":"post","link":"https:\/\/construcaocivil.siriusmarketingedesign.com.br\/?p=7820","title":{"rendered":"Confer\u00eancia Nacional de Arquitetura e Urbanismo re\u00fane Paulo Mendes da Rocha, Jaime Lerner e \u00cdndio da Costa"},"content":{"rendered":"<p style=\"text-align: justify;\"><span style=\"color: #000080;\"><em><strong>Evento mais importante do Conselho de Arquitetura e Urbanismo acontece de 7 a 10 de outubro, no RJ<\/strong><\/em><\/span><\/p>\n<p style=\"text-align: justify;\"><a href=\"http:\/\/www.jornaldaconstrucaocivil.com.br\/wp-content\/uploads\/2017\/09\/ARQ.png\"><img loading=\"lazy\" decoding=\"async\" class=\" wp-image-7821 alignleft\" src=\"http:\/\/www.jornaldaconstrucaocivil.com.br\/wp-content\/uploads\/2017\/09\/ARQ-300x177.png\" alt=\"ARQ\" width=\"281\" height=\"166\" \/><\/a><\/p>\n<p style=\"text-align: justify;\"><span style=\"color: #000000;\"><span style=\"color: #993300;\">Setembro, 2017<\/span> &#8211; A II Confer\u00eancia Nacional de Arquitetura e Urbanismo, que acontece de 7 a 10 de outubro, no Rio de Janeiro (RJ), ter\u00e1 como palestrantes magnos os arquitetos e urbanistas Paulo Mendes da Rocha, Jaime Lerner e \u00cdndio da Costa. Mendes da Rocha ganhou o Pr\u00eamio Priztker (2006), a Medalha de Ouro do Instituto Real Brit\u00e2nico de Arquiteto (RIBA) e o Le\u00e3o de Ouro da Bienal de Arquitetura de Veneza (2016). Jaime Lerner, ex-presidente da Uni\u00e3o Internacional de Arquitetos (UIA), fez de Curitiba refer\u00eancia nacional e internacional em planejamento urbano e mobilidade. \u00cdndio da Costa, autor do projeto de revitaliza\u00e7\u00e3o do Pier Mau\u00e1, no Rio de Janeiro, recebeu v\u00e1rios pr\u00eamios, como a Comenda Oscar Niemeyer, outorgada pelo Conselho Superior do Instituto de Arquitetos do Brasil (IAB).\u00a0<\/span><\/p>\n<p style=\"text-align: justify;\"><span style=\"color: #000000;\">O evento, promovido pelo Conselho de Arquitetura e Urbanismo do Brasil (CAU\/BR), ter\u00e1 como tema <em><span style=\"color: #333399;\">\u201cTodos os Mundos \u2013 Rumo a UIA.2020.RIO\u201d<\/span><\/em>, refer\u00eancia ao 27\u00ba Congresso Mundial de Arquitetos. O evento internacional acontecer\u00e1 no Rio de Janeiro, em 2020, e ter\u00e1 como mote <em><span style=\"color: #333399;\">&#8220;Todos os mundos. Um s\u00f3 mundo. Arquitetura 21&#8221;.<\/span><\/em><\/span><\/p>\n<p style=\"text-align: justify;\"><span style=\"color: #000000;\">A II Confer\u00eancia Nacional de Arquitetura e Urbanismo promover\u00e1 mesas-redondas sobre assist\u00eancia t\u00e9cnica social, a renova\u00e7\u00e3o dos centros urbanos, a resist\u00eancia das periferias, criatividade na Arquitetura e a necessidade de projeto completo para licita\u00e7\u00e3o de obras p\u00fablicas. Haver\u00e1 ainda debates sobre temas diretamente relacionados a \u00e9tica, planejamento, exerc\u00edcio profissional, e sobre a organiza\u00e7\u00e3o e atua\u00e7\u00e3o do Conselho de Arquitetura e Urbanismo nesses cinco anos desde sua funda\u00e7\u00e3o.<\/span><\/p>\n<p style=\"text-align: justify;\"><span style=\"color: #000000;\">As conclus\u00f5es da Confer\u00eancia t\u00eam car\u00e1ter de recomenda\u00e7\u00e3o ao CAU e ao 27\u00ba Congresso Mundial de Arquitetos. Em raz\u00e3o da grande procura, todas as vagas para inscri\u00e7\u00e3o abertas aos profissionais, estudantes e demais interessados j\u00e1 foram preenchidas. O evento ter\u00e1 transmiss\u00e3o online pelo endere\u00e7o\u00a0<span style=\"text-decoration: underline;\"><span style=\"color: #0000ff; text-decoration: underline;\">\u00a0<a style=\"color: #0000ff; text-decoration: underline;\" href=\"http:\/\/www.caubr.gov.br\/conferencia2017\" target=\"_blank\" rel=\"noreferrer\">www.caubr.gov.br\/conferencia2017<\/a>.<\/span><\/span><\/span><\/p>\n<p style=\"text-align: justify;\">Fonte: Imprensa\/CAU-BR<\/p>\n<p>&nbsp;<\/p>\n<p>&nbsp;<\/p>\n","protected":false},"excerpt":{"rendered":"<p>Evento mais importante do Conselho de Arquitetura e Urbanismo acontece de 7 a 10 de outubro, no RJ Setembro, 2017 &#8211; A II Confer\u00eancia Nacional de Arquitetura e Urbanismo, que acontece de 7 a 10 de outubro, no Rio de Janeiro (RJ), ter\u00e1 como palestrantes magnos os arquitetos e urbanistas Paulo Mendes da Rocha, Jaime [&hellip;]<\/p>\n","protected":false},"author":1,"featured_media":0,"comment_status":"open","ping_status":"open","sticky":false,"template":"","format":"standard","meta":{"_uag_custom_page_level_css":"","footnotes":""},"categories":[27],"tags":[145,2269,2777,5732,5880,6858,10196,10263],"class_list":["post-7820","post","type-post","status-publish","format-standard","hentry","category-acontece","tag-27o-congresso-mundial-de-arquitetos","tag-cidades-integradas","tag-conselho-de-arquitetura-e-urbanismo-do-brasil-caubr","tag-habitacao-popular","tag-ii-conferencia-nacional-de-arquitetura-e-urbanismo","tag-licitacao-de-obras-publicas","tag-renovacao-dos-centros-urbanos","tag-resistencia-das-periferias"],"blocksy_meta":[],"spectra_blocks_featured_image_url":null,"spectra_blocks_author_info":{"display_name":"Jornal da Constru\u00e7\u00e3o Civil","avatar_url":"https:\/\/secure.gravatar.com\/avatar\/973c9774fd44ddaceb026973c4962faa70fc512bc4c9da68e8ebb40fecee6540?s=96&d=mm&r=g","author_link":"https:\/\/construcaocivil.siriusmarketingedesign.com.br\/?author=1","description":"Desde de 2013, levando muitas informa\u00e7\u00f5es, lan\u00e7amentos e produtos de qualidade para toda cadeia produtiva da constru\u00e7\u00e3o. O Futuro da constru\u00e7\u00e3o passa por aqui,"},"uagb_featured_image_src":{"full":false,"thumbnail":false,"medium":false,"medium_large":false,"large":false,"1536x1536":false,"2048x2048":false},"uagb_author_info":{"display_name":"Jornal da Constru\u00e7\u00e3o Civil","author_link":"https:\/\/construcaocivil.siriusmarketingedesign.com.br\/?author=1"},"uagb_comment_info":0,"uagb_excerpt":"Evento mais importante do Conselho de Arquitetura e Urbanismo acontece de 7 a 10 de outubro, no RJ Setembro, 2017 &#8211; A II Confer\u00eancia Nacional de Arquitetura e Urbanismo, que acontece de 7 a 10 de outubro, no Rio de Janeiro (RJ), ter\u00e1 como palestrantes magnos os arquitetos e urbanistas Paulo Mendes da Rocha, Jaime&hellip;","_links":{"self":[{"href":"https:\/\/construcaocivil.siriusmarketingedesign.com.br\/index.php?rest_route=\/wp\/v2\/posts\/7820","targetHints":{"allow":["GET"]}}],"collection":[{"href":"https:\/\/construcaocivil.siriusmarketingedesign.com.br\/index.php?rest_route=\/wp\/v2\/posts"}],"about":[{"href":"https:\/\/construcaocivil.siriusmarketingedesign.com.br\/index.php?rest_route=\/wp\/v2\/types\/post"}],"author":[{"embeddable":true,"href":"https:\/\/construcaocivil.siriusmarketingedesign.com.br\/index.php?rest_route=\/wp\/v2\/users\/1"}],"replies":[{"embeddable":true,"href":"https:\/\/construcaocivil.siriusmarketingedesign.com.br\/index.php?rest_route=%2Fwp%2Fv2%2Fcomments&post=7820"}],"version-history":[{"count":0,"href":"https:\/\/construcaocivil.siriusmarketingedesign.com.br\/index.php?rest_route=\/wp\/v2\/posts\/7820\/revisions"}],"wp:attachment":[{"href":"https:\/\/construcaocivil.siriusmarketingedesign.com.br\/index.php?rest_route=%2Fwp%2Fv2%2Fmedia&parent=7820"}],"wp:term":[{"taxonomy":"category","embeddable":true,"href":"https:\/\/construcaocivil.siriusmarketingedesign.com.br\/index.php?rest_route=%2Fwp%2Fv2%2Fcategories&post=7820"},{"taxonomy":"post_tag","embeddable":true,"href":"https:\/\/construcaocivil.siriusmarketingedesign.com.br\/index.php?rest_route=%2Fwp%2Fv2%2Ftags&post=7820"}],"curies":[{"name":"wp","href":"https:\/\/api.w.org\/{rel}","templated":true}]}}