{"id":7827,"date":"2017-10-02T14:46:38","date_gmt":"2017-10-02T17:46:38","guid":{"rendered":"http:\/\/www.jornaldaconstrucaocivil.com.br\/?p=7827"},"modified":"2017-10-02T14:46:38","modified_gmt":"2017-10-02T17:46:38","slug":"abes-lancara-o-ranking-da-universalizacao-do-saneamento-durante-encontro-do-setor-de-saneamento","status":"publish","type":"post","link":"https:\/\/construcaocivil.siriusmarketingedesign.com.br\/?p=7827","title":{"rendered":"ABES lan\u00e7ara o Ranking da Universaliza\u00e7\u00e3o do Saneamento durante encontro do setor de saneamento"},"content":{"rendered":"<p style=\"text-align: justify;\"><span style=\"color: #000080;\"><em><strong>Estudo ser\u00e1 lan\u00e7ado na painel da C\u00e2mara de comunica\u00e7\u00e3o da ABES<\/strong><\/em><\/span><\/p>\n<p style=\"text-align: justify;\"><span style=\"color: #000000;\"><span style=\"color: #993300;\">Setembro, 2017<\/span> &#8211; A Associa\u00e7\u00e3o Brasileira de Engenharia Sanit\u00e1ria \u2013 ABES lan\u00e7ar\u00e1, nesta ter\u00e7a-feira, dia 3 de outubro, o Ranking ABES da Universaliza\u00e7\u00e3o do Saneamento. O lan\u00e7amento acontecer\u00e1 \u00e0s 14h, no painel da C\u00e2mara de Comunica\u00e7\u00e3o no Saneamento \u2013 Audit\u00f3rio 7 do Congresso ABES Fenasan 2017. O Congresso promove discuss\u00e3o nacional do setor de saneamento com presen\u00e7a de v\u00e1rias autoridades, em S\u00e3o Paulo, de 2 a 6 de outubro.<\/span><span style=\"color: #000000;\">\u00a0<\/span><\/p>\n<p style=\"text-align: justify;\"><span style=\"color: #000000;\">Participam da abertura e das discuss\u00f5es o ex-presidente Fernando Henrique Cardoso, o governador de S\u00e3o Paulo, Geraldo Alckmin, o governador do Distrito Federal, Rodrigo Rollemberg, o senador Jorge Viana, o ministro das Cidades, Bruno Ara\u00fajo, e o deputado Jo\u00e3o Paulo Papa, entre outros. Ser\u00e3o cerca de 5 mil congressistas, entre profissionais do setor, acad\u00eamicos e estudantes, e 20 mil visitantes na Fenasan. NO dia 3 ser\u00e1 lan\u00e7ado o estudo<span style=\"color: #0000ff;\"> \u201cRanking ABES da Universaliza\u00e7\u00e3o do Saneamento\u201d<\/span>.<\/span><\/p>\n<p style=\"text-align: justify;\"><span style=\"color: #000000;\">Foram avaliados 231 munic\u00edpios, nos itens abastecimento de \u00e1gua, coleta de esgoto, tratamento de esgoto, coleta de lixo e destina\u00e7\u00e3o de res\u00edduos. E estes foram classificados em 3 faixas, considerando-se tamb\u00e9m os n\u00fameros de interna\u00e7\u00f5es por doen\u00e7as advindas da falta de saneamento.<\/span><\/p>\n<p style=\"text-align: justify;\"><strong><span style=\"color: #000000;\">As 3 faixas s\u00e3o:<\/span><\/strong><\/p>\n<p style=\"text-align: justify;\"><span style=\"color: #0000ff;\">1. rumo \u00e0 universaliza\u00e7\u00e3o: 14 cidades<\/span><\/p>\n<p><span style=\"color: #0000ff;\">2. compromisso com a universaliza\u00e7\u00e3o: 41<\/span><\/p>\n<p><span style=\"color: #0000ff;\">3. primeiros passos: 176<\/span><\/p>\n<p><span style=\"color: #000000;\">O estudo demonstra a rela\u00e7\u00e3o direta entre saneamento e sa\u00fade, pelo n\u00famero de interna\u00e7\u00f5es advindas de doen\u00e7as ocorridas por falta de saneamento.<\/span><\/p>\n<p>Para mais detalhes sobre o evento acesse em\u00a0<span style=\"text-decoration: underline;\"><span style=\"color: #0000ff; text-decoration: underline;\">http:\/\/www.abesfenasan2017.com.br\/<\/span><\/span><\/p>\n<p>Fonte: Imprensa\/ABES<\/p>\n<p style=\"text-align: justify;\">\n","protected":false},"excerpt":{"rendered":"<p>Estudo ser\u00e1 lan\u00e7ado na painel da C\u00e2mara de comunica\u00e7\u00e3o da ABES Setembro, 2017 &#8211; A Associa\u00e7\u00e3o Brasileira de Engenharia Sanit\u00e1ria \u2013 ABES lan\u00e7ar\u00e1, nesta ter\u00e7a-feira, dia 3 de outubro, o Ranking ABES da Universaliza\u00e7\u00e3o do Saneamento. O lan\u00e7amento acontecer\u00e1 \u00e0s 14h, no painel da C\u00e2mara de Comunica\u00e7\u00e3o no Saneamento \u2013 Audit\u00f3rio 7 do Congresso ABES [&hellip;]<\/p>\n","protected":false},"author":1,"featured_media":0,"comment_status":"open","ping_status":"open","sticky":false,"template":"","format":"standard","meta":{"_uag_custom_page_level_css":"","footnotes":""},"categories":[27],"tags":[278,1001,2093,2412,2414,2744,4259,6336,7713,8039,8080,9898,11916],"class_list":["post-7827","post","type-post","status-publish","format-standard","hentry","category-acontece","tag-abastecimento-de-agua","tag-associacao-brasileira-de-engenharia-sanitaria","tag-centro-de-convencoes-sao-paulo-expo","tag-coleta-de-esgoto","tag-coleta-de-lixo-e-destinacao-de-residuos","tag-congresso-abes-fenasan-2017","tag-encontro-de-saneamento-ambiental-das-americas","tag-investimentos-em-saneamento-no-brasil","tag-ministerio-das-cidades","tag-na-rodovia-dos-imigrantes","tag-negocios-e-produtos-para-setor-de-saneamento","tag-ranking-da-universalizacao-do-saneamento","tag-tratamento-de-esgoto"],"blocksy_meta":[],"spectra_blocks_featured_image_url":null,"spectra_blocks_author_info":{"display_name":"Jornal da Constru\u00e7\u00e3o Civil","avatar_url":"https:\/\/secure.gravatar.com\/avatar\/973c9774fd44ddaceb026973c4962faa70fc512bc4c9da68e8ebb40fecee6540?s=96&d=mm&r=g","author_link":"https:\/\/construcaocivil.siriusmarketingedesign.com.br\/?author=1","description":"Desde de 2013, levando muitas informa\u00e7\u00f5es, lan\u00e7amentos e produtos de qualidade para toda cadeia produtiva da constru\u00e7\u00e3o. O Futuro da constru\u00e7\u00e3o passa por aqui,"},"uagb_featured_image_src":{"full":false,"thumbnail":false,"medium":false,"medium_large":false,"large":false,"1536x1536":false,"2048x2048":false},"uagb_author_info":{"display_name":"Jornal da Constru\u00e7\u00e3o Civil","author_link":"https:\/\/construcaocivil.siriusmarketingedesign.com.br\/?author=1"},"uagb_comment_info":0,"uagb_excerpt":"Estudo ser\u00e1 lan\u00e7ado na painel da C\u00e2mara de comunica\u00e7\u00e3o da ABES Setembro, 2017 &#8211; A Associa\u00e7\u00e3o Brasileira de Engenharia Sanit\u00e1ria \u2013 ABES lan\u00e7ar\u00e1, nesta ter\u00e7a-feira, dia 3 de outubro, o Ranking ABES da Universaliza\u00e7\u00e3o do Saneamento. O lan\u00e7amento acontecer\u00e1 \u00e0s 14h, no painel da C\u00e2mara de Comunica\u00e7\u00e3o no Saneamento \u2013 Audit\u00f3rio 7 do Congresso ABES&hellip;","_links":{"self":[{"href":"https:\/\/construcaocivil.siriusmarketingedesign.com.br\/index.php?rest_route=\/wp\/v2\/posts\/7827","targetHints":{"allow":["GET"]}}],"collection":[{"href":"https:\/\/construcaocivil.siriusmarketingedesign.com.br\/index.php?rest_route=\/wp\/v2\/posts"}],"about":[{"href":"https:\/\/construcaocivil.siriusmarketingedesign.com.br\/index.php?rest_route=\/wp\/v2\/types\/post"}],"author":[{"embeddable":true,"href":"https:\/\/construcaocivil.siriusmarketingedesign.com.br\/index.php?rest_route=\/wp\/v2\/users\/1"}],"replies":[{"embeddable":true,"href":"https:\/\/construcaocivil.siriusmarketingedesign.com.br\/index.php?rest_route=%2Fwp%2Fv2%2Fcomments&post=7827"}],"version-history":[{"count":0,"href":"https:\/\/construcaocivil.siriusmarketingedesign.com.br\/index.php?rest_route=\/wp\/v2\/posts\/7827\/revisions"}],"wp:attachment":[{"href":"https:\/\/construcaocivil.siriusmarketingedesign.com.br\/index.php?rest_route=%2Fwp%2Fv2%2Fmedia&parent=7827"}],"wp:term":[{"taxonomy":"category","embeddable":true,"href":"https:\/\/construcaocivil.siriusmarketingedesign.com.br\/index.php?rest_route=%2Fwp%2Fv2%2Fcategories&post=7827"},{"taxonomy":"post_tag","embeddable":true,"href":"https:\/\/construcaocivil.siriusmarketingedesign.com.br\/index.php?rest_route=%2Fwp%2Fv2%2Ftags&post=7827"}],"curies":[{"name":"wp","href":"https:\/\/api.w.org\/{rel}","templated":true}]}}