{"id":7841,"date":"2017-10-04T15:37:07","date_gmt":"2017-10-04T18:37:07","guid":{"rendered":"http:\/\/www.jornaldaconstrucaocivil.com.br\/?p=7841"},"modified":"2017-10-04T15:37:07","modified_gmt":"2017-10-04T18:37:07","slug":"eucalipto-e-eleita-cor-do-ano-2018-pelas-tintas-eucatex","status":"publish","type":"post","link":"https:\/\/construcaocivil.siriusmarketingedesign.com.br\/?p=7841","title":{"rendered":"Eucalipto \u00e9 eleita Cor do Ano 2018 pelas Tintas Eucatex"},"content":{"rendered":"<p style=\"text-align: justify;\"><span style=\"color: #000000;\"><span style=\"color: #993300;\">Outubro, 2017<\/span> &#8211; A cor verde \u00e9 repleta de significados: sugere uma conex\u00e3o com a natureza, sa\u00fade, energia, liberdade e esperan\u00e7a. \u00c9 nesse mix de boas vibra\u00e7\u00f5es, alinhado \u00e0s tend\u00eancias de consumo e \u00e0s diversas <span style=\"color: #0000ff;\">&#8220;tribos&#8221;<\/span> presentes na exuberante e vibrante cultura brasileira, que as\u00a0\u00a0<span style=\"text-decoration: underline;\"><span style=\"color: #0000ff; text-decoration: underline;\"><a style=\"color: #0000ff; text-decoration: underline;\" href=\"http:\/\/www.imcgrupo.com\/link.php?code=bDpodHRwJTNBJTJGJTJGd3d3LnRpbnRhc2V1Y2F0ZXguY29tLmJyJTJGcHQlMkZ0aW50YXMlMkZ0aW50YXMtZXVjYXRleCUyRjo2Njk3MTY0ODU6d2Vib2JyYXNAZ21haWwuY29tOjUzNDkyOTk5YmMyNDAzZDAxMjMwODVjNDUwMjVkZmZmNzc=\" target=\"_blank\" data-saferedirecturl=\"https:\/\/www.google.com\/url?hl=pt-PT&amp;q=http:\/\/www.imcgrupo.com\/link.php?code%3DbDpodHRwJTNBJTJGJTJGd3d3LnRpbnRhc2V1Y2F0ZXguY29tLmJyJTJGcHQlMkZ0aW50YXMlMkZ0aW50YXMtZXVjYXRleCUyRjo2Njk3MTY0ODU6d2Vib2JyYXNAZ21haWwuY29tOjUzNDkyOTk5YmMyNDAzZDAxMjMwODVjNDUwMjVkZmZmNzc%3D&amp;source=gmail&amp;ust=1507227709757000&amp;usg=AFQjCNE_IOL6jBAkbRJlg-WbyReUscIpTw\"><strong>Tintas Eucatex<\/strong><\/a> <\/span><\/span>&#8211; em conjunto com a consultoria Tendere &#8211; elegeram o Eucalipto como a Cor do Ano 2018.<\/span><\/p>\n<figure id=\"attachment_7842\" aria-describedby=\"caption-attachment-7842\" style=\"width: 300px\" class=\"wp-caption alignleft\"><a href=\"http:\/\/www.jornaldaconstrucaocivil.com.br\/wp-content\/uploads\/2017\/10\/EUCATEX.jpg\"><img loading=\"lazy\" decoding=\"async\" class=\"wp-image-7842 size-medium\" src=\"http:\/\/www.jornaldaconstrucaocivil.com.br\/wp-content\/uploads\/2017\/10\/EUCATEX-300x153.jpg\" alt=\"EUCATEX\" width=\"300\" height=\"153\" \/><\/a><figcaption id=\"caption-attachment-7842\" class=\"wp-caption-text\">Eucalipto \u00e9 eleita Cor do Ano 2018 pelas Tintas Eucatex.<\/figcaption><\/figure>\n<p style=\"text-align: justify;\"><span style=\"color: #000000;\">Eucalipto \u00e9 um tom que inspira v\u00ednculo e ao mesmo tempo reflex\u00e3o em rela\u00e7\u00e3o ao meio ambiente, de maneira elegante, urbana e contempor\u00e2nea, por meio de seu fundo levemente <span style=\"color: #0000ff;\">&#8220;acinzentado&#8221;<\/span>, que permeia as tend\u00eancias da moda e decora\u00e7\u00e3o. A tonalidade permite explorar o uso da cor de forma equilibrada, j\u00e1 que proporciona f\u00e1cil combina\u00e7\u00e3o com outras escalas de tons, dos terrosos aos sint\u00e9ticos.<\/span><\/p>\n<p style=\"text-align: justify;\"><span style=\"color: #000000;\">Segundo o gerente de produto, trade marketing e assist\u00eancia t\u00e9cnica das Tintas Eucatex, Greg\u00f3rio Bastos Alencar, o Eucalipto representa o esp\u00edrito de liberdade.<span style=\"color: #000080;\"><em> &#8220;Vivemos um tempo em que os olhos est\u00e3o cada vez mais voltados para a diversidade e para as escolhas individuais. Nossa aposta para 2018 vai ao encontro desse sentimento, harmonizando com as prefer\u00eancias e identidades dos diversos espectros de consumidores no Brasil.&#8221;<\/em><\/span><\/span><\/p>\n<p style=\"text-align: justify;\"><span style=\"color: #000000;\">Pensando na funcionalidade, o verde nesta escala acinzentada torna-se um \u00f3timo recurso para quebrar espa\u00e7os muito estimulantes, devido a sua aura de compostura e seriedade. J\u00e1 em locais muito neutros e frios, acrescenta um pouco de conforto e acolhimento. Nos ambientes corporativos pode imprimir tamb\u00e9m um esp\u00edrito de responsabilidade, efici\u00eancia e preocupa\u00e7\u00e3o ambiental.<\/span><\/p>\n<p style=\"text-align: justify;\"><span style=\"color: #000000;\">\u00c9 com inspira\u00e7\u00e3o na liberdade, maturidade e versatilidade da cor Eucalipto, que as Tintas Eucatex apresentam seus quatro conjuntos de tend\u00eancias para 2018, que representam os gostos dos grupos de consumidores no Brasil.<\/span><\/p>\n<p style=\"text-align: justify;\">Para mais informa\u00e7\u00f5es acesse em\u00a0<span style=\"text-decoration: underline;\"><span style=\"color: #0000ff;\"><a style=\"color: #0000ff; text-decoration: underline;\" href=\"http:\/\/www.imcgrupo.com\/link.php?code=bDpodHRwJTNBJTJGJTJGd3d3LnRpbnRhc2V1Y2F0ZXguY29tLmJyOjY2OTcxNjQ4NTp3ZWJvYnJhc0BnbWFpbC5jb206MjU4Y2I2MjRkNzhiMjRhNjg5ZWZmMDQ0MDNkZTFjYjAzOA==\" target=\"_blank\" data-saferedirecturl=\"https:\/\/www.google.com\/url?hl=pt-PT&amp;q=http:\/\/www.imcgrupo.com\/link.php?code%3DbDpodHRwJTNBJTJGJTJGd3d3LnRpbnRhc2V1Y2F0ZXguY29tLmJyOjY2OTcxNjQ4NTp3ZWJvYnJhc0BnbWFpbC5jb206MjU4Y2I2MjRkNzhiMjRhNjg5ZWZmMDQ0MDNkZTFjYjAzOA%3D%3D&amp;source=gmail&amp;ust=1507227709758000&amp;usg=AFQjCNEzp0BxEY9eTW6IPLXeukhpCO9wdg\">www.tintaseucatex.com.br<\/a><\/span><\/span><\/p>\n","protected":false},"excerpt":{"rendered":"<p>Outubro, 2017 &#8211; A cor verde \u00e9 repleta de significados: sugere uma conex\u00e3o com a natureza, sa\u00fade, energia, liberdade e esperan\u00e7a. \u00c9 nesse mix de boas vibra\u00e7\u00f5es, alinhado \u00e0s tend\u00eancias de consumo e \u00e0s diversas &#8220;tribos&#8221; presentes na exuberante e vibrante cultura brasileira, que as\u00a0\u00a0Tintas Eucatex &#8211; em conjunto com a consultoria Tendere &#8211; elegeram [&hellip;]<\/p>\n","protected":false},"author":1,"featured_media":7842,"comment_status":"open","ping_status":"open","sticky":false,"template":"","format":"standard","meta":{"_uag_custom_page_level_css":"","footnotes":""},"categories":[28],"tags":[1933,3392,3748,4288,4678,6853,8586,8947,9124,11773,11778,11780],"class_list":["post-7841","post","type-post","status-publish","format-standard","has-post-thumbnail","hentry","category-arquitetura","tag-casa-e-decoracao","tag-decoracao","tag-diversidade-e-harmonia","tag-energia","tag-eucalipto-e-eleita-cor-do-ano-2018","tag-liberdade","tag-paineis-mdf-e-mdp","tag-pisos","tag-portas-e-divisorias","tag-tintas-e-vernizes","tag-tintas-eucatex","tag-tintas-imobiliarias"],"blocksy_meta":[],"spectra_blocks_featured_image_url":[],"spectra_blocks_author_info":{"display_name":"Jornal da Constru\u00e7\u00e3o Civil","avatar_url":"https:\/\/secure.gravatar.com\/avatar\/973c9774fd44ddaceb026973c4962faa70fc512bc4c9da68e8ebb40fecee6540?s=96&d=mm&r=g","author_link":"https:\/\/construcaocivil.siriusmarketingedesign.com.br\/?author=1","description":"Desde de 2013, levando muitas informa\u00e7\u00f5es, lan\u00e7amentos e produtos de qualidade para toda cadeia produtiva da constru\u00e7\u00e3o. O Futuro da constru\u00e7\u00e3o passa por aqui,"},"uagb_featured_image_src":{"full":false,"thumbnail":false,"medium":false,"medium_large":false,"large":false,"1536x1536":false,"2048x2048":false},"uagb_author_info":{"display_name":"Jornal da Constru\u00e7\u00e3o Civil","author_link":"https:\/\/construcaocivil.siriusmarketingedesign.com.br\/?author=1"},"uagb_comment_info":0,"uagb_excerpt":"Outubro, 2017 &#8211; A cor verde \u00e9 repleta de significados: sugere uma conex\u00e3o com a natureza, sa\u00fade, energia, liberdade e esperan\u00e7a. \u00c9 nesse mix de boas vibra\u00e7\u00f5es, alinhado \u00e0s tend\u00eancias de consumo e \u00e0s diversas &#8220;tribos&#8221; presentes na exuberante e vibrante cultura brasileira, que as\u00a0\u00a0Tintas Eucatex &#8211; em conjunto com a consultoria Tendere &#8211; elegeram&hellip;","_links":{"self":[{"href":"https:\/\/construcaocivil.siriusmarketingedesign.com.br\/index.php?rest_route=\/wp\/v2\/posts\/7841","targetHints":{"allow":["GET"]}}],"collection":[{"href":"https:\/\/construcaocivil.siriusmarketingedesign.com.br\/index.php?rest_route=\/wp\/v2\/posts"}],"about":[{"href":"https:\/\/construcaocivil.siriusmarketingedesign.com.br\/index.php?rest_route=\/wp\/v2\/types\/post"}],"author":[{"embeddable":true,"href":"https:\/\/construcaocivil.siriusmarketingedesign.com.br\/index.php?rest_route=\/wp\/v2\/users\/1"}],"replies":[{"embeddable":true,"href":"https:\/\/construcaocivil.siriusmarketingedesign.com.br\/index.php?rest_route=%2Fwp%2Fv2%2Fcomments&post=7841"}],"version-history":[{"count":0,"href":"https:\/\/construcaocivil.siriusmarketingedesign.com.br\/index.php?rest_route=\/wp\/v2\/posts\/7841\/revisions"}],"wp:attachment":[{"href":"https:\/\/construcaocivil.siriusmarketingedesign.com.br\/index.php?rest_route=%2Fwp%2Fv2%2Fmedia&parent=7841"}],"wp:term":[{"taxonomy":"category","embeddable":true,"href":"https:\/\/construcaocivil.siriusmarketingedesign.com.br\/index.php?rest_route=%2Fwp%2Fv2%2Fcategories&post=7841"},{"taxonomy":"post_tag","embeddable":true,"href":"https:\/\/construcaocivil.siriusmarketingedesign.com.br\/index.php?rest_route=%2Fwp%2Fv2%2Ftags&post=7841"}],"curies":[{"name":"wp","href":"https:\/\/api.w.org\/{rel}","templated":true}]}}