{"id":7851,"date":"2017-10-04T16:34:57","date_gmt":"2017-10-04T19:34:57","guid":{"rendered":"http:\/\/www.jornaldaconstrucaocivil.com.br\/?p=7851"},"modified":"2017-10-04T16:34:57","modified_gmt":"2017-10-04T19:34:57","slug":"ameaca-de-novo-ciclo-de-remocoes-e-despejos-no-rio-de-janeiro","status":"publish","type":"post","link":"https:\/\/construcaocivil.siriusmarketingedesign.com.br\/?p=7851","title":{"rendered":"Amea\u00e7a de novo ciclo de remo\u00e7\u00f5es e despejos no Rio de Janeiro"},"content":{"rendered":"<p style=\"text-align: justify;\"><span style=\"color: #000000;\"><span style=\"color: #993300;\">Rio, Outubro, 2017<\/span> &#8211; Durante o per\u00edodo dos Mega eventos internacionais, realizados na cidade do Rio de Janeiro, entre 2009-2016, <span style=\"color: #000080;\">mais de 67.000 pessoas foram removidas (desapropriadas)<\/span>. Este n\u00famero \u00e9 maior do que os que foram removidos durante os governos de Pereira Passos e Lacerda juntos. O argumento oficial utilizado pelas autoridades p\u00fablicas era o interesse tur\u00edstico ou ambiental destas \u00e1reas, al\u00e9m destas comunidades estarem localizadas no trajeto das grandes obras vi\u00e1rias e equipamentos esportivos.<\/span><\/p>\n<p style=\"text-align: justify;\"><span style=\"color: #000000;\">No entanto, nesta fase, o Rio de Janeiro vivenciou um forte processo de especula\u00e7\u00e3o imobili\u00e1ria, que resultou no aumento vertiginoso do pre\u00e7o dos alugu\u00e9is que provocaram um processo de gentrifica\u00e7\u00e3o que se caracteriza pela expuls\u00e3o e\/ou venda de suas antigas resid\u00eancias por parte das popula\u00e7\u00f5es de menor poder aquisitivo das comunidades e bairros onde viviam, que passam a ser adquiridas pelo setor imobili\u00e1rio ou turistas.<\/span><\/p>\n<p style=\"text-align: justify;\"><span style=\"color: #000000;\">No momento, num cen\u00e1rio de grave crise econ\u00f4mica e profunda crise social no pa\u00eds, onde somente no Centro da cidade vivem mais de 5 mil pessoas sem teto (que dormem embaixo das marquises e nas cal\u00e7adas dos pr\u00e9dios), \u00e9 extremamente preocupante a retomada de um novo ciclo de remo\u00e7\u00f5es e despejos arbitr\u00e1rios que afetam popula\u00e7\u00f5es de baixa renda e violam o direito \u00e0 moradia que \u00e9 reconhecido tanto na Constitui\u00e7\u00e3o Federal brasileira (1988), assim como pela Organiza\u00e7\u00e3o das Na\u00e7\u00f5es Unidas (ONU), a saber:<\/span><\/p>\n<p style=\"text-align: justify;\"><span style=\"color: #000000;\">Na Ilha do Governador, o edital do governo federal de privatiza\u00e7\u00e3o do Aeroporto Internacional do Gale\u00e3o, em 2013, prev\u00ea a constru\u00e7\u00e3o de uma 3\u00aa. pista de v\u00f4o que amea\u00e7a remover (desapropriar) 15 mil fam\u00edlias, inclusive a Comunidade pesqueira de Tubiacanga.<\/span><\/p>\n<p style=\"text-align: justify;\"><span style=\"color: #0000ff;\">Nos \u00faltimos dias, 15 fam\u00edlias que moram a 70 anos na Estrada dos Maracaj\u00e1s foram notificadas pela Justi\u00e7a Federal para sa\u00edrem de suas casas no prazo de 30 dias. A maioria dos moradores s\u00e3o idosas e n\u00e3o tem condi\u00e7\u00f5es de comprar ou alugar uma nova moradia.<\/span><\/p>\n<p style=\"text-align: justify;\"><span style=\"color: #000000;\">A retirada arbitr\u00e1ria destas fam\u00edlias pobres de suas resid\u00eancias seculares, j\u00e1 que residem nesta \u00e1rea deste a d\u00e9cada de 1930, tem por objetivo favorecer os interesses econ\u00f4micos da iniciativa privada REDE D\u00b4OR DE HOSPITAIS, tem sido mascarada pela AERON\u00c1UTICA que tem interesse no arrendamento das terras para iniciativa privada. De forma insens\u00edvel o JUIZ MARCELO BARBI GOMS ALVES, da 21\u00b0 VARA FEDERAL DO RIO DE JANEIRO, por duas vezes concedeu liminar para remo\u00e7\u00e3o das fam\u00edlias, em 30 dias com uso de for\u00e7a POLICIAL. Ignorando a presen\u00e7a de idosos e crian\u00e7as pequenas nestas moradias. Estas fam\u00edlias trabalhadoras n\u00e3o tem para onde ir, n\u00e3o tem como pagar aluguel em outro local e muito menos comprar outro im\u00f3vel, pois toda sua vida e gera\u00e7\u00f5es foram constru\u00eddas de forma honesta e honrosa no local.<\/span><\/p>\n<p style=\"text-align: justify;\"><span style=\"color: #000000;\">Desde 2015, diversos moradores da Comunidade R\u00e1dio Sonda, no bairro Gale\u00e3o, tiveram suas moradias demolidas pela Aeron\u00e1utica, inclusive moradias onde viviam idodos.<\/span><\/p>\n<p style=\"text-align: justify;\"><span style=\"color: #0000ff;\">Nesta 5\u00aa. feira, dia 5 de outubro, \u00e0s 14h, estas fam\u00edlias promovem protesto na Estrada do Gale\u00e3o na altura da passarela da Prefeitura da Aeron\u00e1utica e da Peixaria do Gale\u00e3o.<\/span><\/p>\n<p style=\"text-align: justify;\"><span style=\"color: #000000;\">No Parque Estadual da Pedra Branca, que abrange 8% do territ\u00f3rio municipal e \u00e9 considerada a maior floresta urbana do mundo, o governo estadual (Secretaria Estadual do Ambiente) j\u00e1 anunciou na imprensa que pretende promover a remo\u00e7\u00e3o e despejo de 5 mil fam\u00edlias inclusive muitos agricultores familiares que historicamente tem contribu\u00eddo para a prote\u00e7\u00e3o da floresta remanescente.<\/span><\/p>\n<p style=\"text-align: justify;\"><span style=\"color: #000000;\">.No Plano Estrat\u00e9gico do Rio de Janeiro, encaminhado pelo Prefeito Marcello Crivella no 1\u00ba. semestre \u00e0 C\u00e2mara de Vereadores do Rio de Janeiro, est\u00e1 previsto a remo\u00e7\u00e3o de mais de 12 fam\u00edlias pobres que residem no entrono do Parque Nacional da Tijuca.<\/span><\/p>\n<p style=\"text-align: justify;\"><span style=\"color: #000000;\">O prefeito tamb\u00e9m pretende remover a Comunidade de Rio das Pedras: Crivella quer que os moradores abandonem voluntariamente suas casas at\u00e9 que a favela seja &#8220;urbanizada&#8221;, o que tem provocado muita desconfian\u00e7a de que se sa\u00edrem ser\u00e3o expulsos e n\u00e3o poder\u00e3o retornar \u00e0s suas moradias.<\/span><\/p>\n<p style=\"text-align: justify;\"><span style=\"color: #000000;\">\u00a0Na Comunidade do Horto, no Jardim Bot\u00e2nico, 581 fam\u00edlias com muitos idosos est\u00e3o amea\u00e7ados de remo\u00e7\u00e3o pelo governo federal, havendo o risco de uma a\u00e7\u00e3o policial a qualquer momento para retirada dos moradores, o que pode inclusive provocar a morte de idosos que vivem a d\u00e9cadas neste im\u00f3veis (parte deles s\u00e3o funcion\u00e1rios aposentados do Jardim Bot\u00e2nico).\u00a0<\/span><\/p>\n<p style=\"text-align: justify;\"><span style=\"color: #0000ff;\">Ontem, dia 3 de outubro, 10 fam\u00edlias foram removidas na Comunidade Ara\u00e7atiba, no bairro Guaratiba.<\/span><\/p>\n<p style=\"text-align: center;\">Carta na \u00cdntegra<\/p>\n<p style=\"text-align: center;\"><strong><span style=\"color: #0000ff;\">S.O.S MARACAJ\u00c1S<\/span><\/strong><\/p>\n<p style=\"text-align: justify;\"><span style=\"color: #000000;\">S\u00e3o 70 anos de desapropria\u00e7\u00f5es indevidas, descabidas e arbitrarias, por parte do GOVERNO FEDERAL e PREFEITURA DA AERON\u00c1UTICA DO GALE\u00c3O.<\/span><\/p>\n<p style=\"text-align: justify;\"><span style=\"color: #000000;\">Iniciou-se com EMPRESAS E FAZENDAS na d\u00e9cada de 1930 &amp; 1940, para constru\u00e7\u00e3o das instala\u00e7\u00f5es do AEROPORTO INTERNACIONAL DO GALE\u00c3O. E nas d\u00e9cadas posteriores at\u00e9 a presente data, s\u00edtios e casas de moradores cujas suas fam\u00edlias datam da \u00e9poca de Dom Pedro I. Para a constru\u00e7\u00e3o de apartamentos para militares da AERONAUTICA, foram desapropriadas fam\u00edlias que n\u00e3o receberam indeniza\u00e7\u00f5es at\u00e9 hoje. Na RADIO SONDA fam\u00edlias est\u00e3o sendo removidas a for\u00e7a sem direito a defesa e indeniza\u00e7\u00f5es. Na Estrada Maracajas fam\u00edlias est\u00e3o sendo expulsas de suas casas pela especula\u00e7\u00e3o imobili\u00e1ria e arrendamento do terreno para iniciativa privada construir um Hospital da REDE D\u00d3R, tudo patrocinado pela UNI\u00c3O (AERONAUTICA).<\/span><\/p>\n<p style=\"text-align: justify;\"><span style=\"color: #000000;\">Com a privatiza\u00e7\u00e3o do AEROPORTO se intensificaram os processos de desapropria\u00e7\u00f5es, n\u00e3o sendo interessante que terrenos com pequenas moradias centen\u00e1rias e sem valor comercial. Ocupassem uma regi\u00e3o descrita como classe m\u00e9dia e com terrenos muito valiosos.<\/span><\/p>\n<p style=\"text-align: justify;\"><span style=\"color: #000000;\">O PEU (Plano de Estrutura\u00e7\u00e3o Urbana) da ILHA DO GOVERNADOR n\u00e3o reconhecia o direito \u00e1 moradia no bairro do Gale\u00e3o que apresenta elevado interesse imobili\u00e1rio da iniciativa privada: o PEU priorizava as INSTALA\u00c7\u00d5ES MILITARES &amp; INICIATIVAS PRIVADAS COMO o AEROPORTO e seu entorno.<\/span><\/p>\n<p style=\"text-align: justify;\"><span style=\"color: #000000;\">Os MORADORES da ESTRADA MARACAJ\u00c1S est\u00e3o sendo removidos de suas resid\u00eancias seculares, por interesse da iniciativa privada REDE D\u00b4OR DE HOSPITAIS, mascarada pela AERONAUTICA com interesse de arrendamento das terras para iniciativa privada. A referida REDE DE HOSPITAIS j\u00e1 demonstrou interesse na \u00e1rea e falou que s\u00f3 negocia com a UNI\u00c3O\u00a0 (AERONAUTICA), se a mesma remover os moradores que encontram-se, em divisa com instala\u00e7\u00f5es de uma antiga concession\u00e1ria de ve\u00edculos. Onde h\u00e1 o interesse originalmente em construir o HOSPITAL. O JUIZ MARCELO BARBI GOMSALVES da 21\u00b0 VARA FEDERAL DO RIO DE JANEIRO, por duas vezes concedeu liminar para remo\u00e7\u00e3o das fam\u00edlias, em 30 dias com uso de for\u00e7a POLICIAL.\u00a0 N\u00e3o se deu ao trabalho de ler a defesa dos REUS e est\u00e1 sendo relapso e tendencioso mantendo liminar. Podendo vir a prejudicar v\u00e1rias fam\u00edlias, idosos e crian\u00e7as. Que n\u00e3o tem para onde ir, pois toda sua vida e gera\u00e7\u00f5es foram constru\u00eddas de forma honesta e honrosa no local.<\/span><\/p>\n<p style=\"text-align: justify;\"><span style=\"color: #000000;\">Toda hist\u00f3ria das fam\u00edlias inicia-se antes de 1900, onde s\u00f3 haviam poucas casas de pescadores na ESTRADA do GALE\u00c3O ainda sem pavimento e as referidas casas se encontravam entre TRAVESSA OLIVEIRA, ESTRADA MARACAJ\u00c1S E AVENIDA 20 DE JANEIRO.<\/span><\/p>\n<p style=\"text-align: justify;\"><span style=\"color: #000000;\">Desde o s\u00e9culo XIX quando DOM PEDRO I abre a regi\u00e3o para ca\u00e7a e reside durante alguns momentos em seu palacete na regi\u00e3o. J\u00e1 haviam as fazendas S\u00c3O BENTO E SANTA CRUZ e com o fim do IMP\u00c9RIO e in\u00edcio da REPUBLICA na parte ocidental da ilha at\u00e9 os limites da fazenda, implanta-se uma col\u00f4nia de alienados, que em 1918 foi assinado decreto passando o terreno e edifica\u00e7\u00f5es para UNI\u00c3O.<\/span><\/p>\n<p style=\"text-align: justify;\"><span style=\"color: #000000;\">Em 1920 foi instalada a BASE DA AVIA\u00c7\u00c3O NAVAL na ponta do GALE\u00c3O, e em 1940\/50 foi assinado novo decreto cedendo \u00e1reas para amplia\u00e7\u00e3o da BASE A\u00c9REA DO GALE\u00c3O e INSTALA\u00c7\u00d5ES MILITARES.<\/span><\/p>\n<p style=\"text-align: justify;\"><span style=\"color: #000000;\">Algumas dessas fam\u00edlias desde antes de 1900 residindo no local, observaram fam\u00edlias e amigos sendo expulsos pelo GOVERNO E MILITARES, sem nenhuma indeniza\u00e7\u00e3o.\u00a0 Toda a constru\u00e7\u00e3o e modifica\u00e7\u00e3o de sua regi\u00e3o, por constru\u00e7\u00f5es e aterramentos feitos devido a constru\u00e7\u00e3o do AEROPORTO.<\/span><\/p>\n<p style=\"text-align: justify;\"><span style=\"color: #000000;\">Depois de d\u00e9cadas e gera\u00e7\u00f5es querem retirar fam\u00edlias, que deram suas vidas para manter o que tinham, suas casas &#8220;seu teto&#8221;. Hoje muitos n\u00e3o t\u00eam para onde ir, pois suas vidas est\u00e3o em suas casas. H\u00e1 ainda presente uma idosa de 93 anos que sempre morou na mesma resid\u00eancia e que hoje necessita de cuidados.<\/span><\/p>\n<p style=\"text-align: justify;\"><span style=\"color: #000000;\">Somente queremos julgamentos justos e direito \u00e0 moradia.<\/span><\/p>\n<p style=\"text-align: justify;\"><span style=\"color: #000000;\">Maiores informa\u00e7\u00f5es:<\/span><\/p>\n<p style=\"text-align: justify;\"><span style=\"color: #000000;\">Di (Comunidade R\u00e1dio Sonda)\u00a0<\/span><\/p>\n<p>&nbsp;<\/p>\n","protected":false},"excerpt":{"rendered":"<p>Rio, Outubro, 2017 &#8211; Durante o per\u00edodo dos Mega eventos internacionais, realizados na cidade do Rio de Janeiro, entre 2009-2016, mais de 67.000 pessoas foram removidas (desapropriadas). Este n\u00famero \u00e9 maior do que os que foram removidos durante os governos de Pereira Passos e Lacerda juntos. O argumento oficial utilizado pelas autoridades p\u00fablicas era o [&hellip;]<\/p>\n","protected":false},"author":1,"featured_media":0,"comment_status":"open","ping_status":"open","sticky":false,"template":"","format":"standard","meta":{"_uag_custom_page_level_css":"","footnotes":""},"categories":[27],"tags":[233,2593,2594,3202,4539,5379,5889,7433,8250,9806],"class_list":["post-7851","post","type-post","status-publish","format-standard","hentry","category-acontece","tag-67-000-pessoas-foram-removidas-no-rio","tag-comunidade-de-rio-das-pedras","tag-comunidade-do-horto-jardim-botanico-rj","tag-crise-economica","tag-especulacao-imobiliaria","tag-gentrificacao-em-diversos-bairros-do-rio","tag-ilha-do-governador-rj","tag-mega-eventos-internacionais","tag-novo-ciclo-de-remocoes-e-despejos-no-rio-de-janeiro","tag-protesto-na-estrada-do-galeao-na-altura-da-passarela-da-prefeitura-da-aeronautica-e-da-peixaria-do-galeao"],"blocksy_meta":[],"spectra_blocks_featured_image_url":null,"spectra_blocks_author_info":{"display_name":"Jornal da Constru\u00e7\u00e3o Civil","avatar_url":"https:\/\/secure.gravatar.com\/avatar\/973c9774fd44ddaceb026973c4962faa70fc512bc4c9da68e8ebb40fecee6540?s=96&d=mm&r=g","author_link":"https:\/\/construcaocivil.siriusmarketingedesign.com.br\/?author=1","description":"Desde de 2013, levando muitas informa\u00e7\u00f5es, lan\u00e7amentos e produtos de qualidade para toda cadeia produtiva da constru\u00e7\u00e3o. O Futuro da constru\u00e7\u00e3o passa por aqui,"},"uagb_featured_image_src":{"full":false,"thumbnail":false,"medium":false,"medium_large":false,"large":false,"1536x1536":false,"2048x2048":false},"uagb_author_info":{"display_name":"Jornal da Constru\u00e7\u00e3o Civil","author_link":"https:\/\/construcaocivil.siriusmarketingedesign.com.br\/?author=1"},"uagb_comment_info":0,"uagb_excerpt":"Rio, Outubro, 2017 &#8211; Durante o per\u00edodo dos Mega eventos internacionais, realizados na cidade do Rio de Janeiro, entre 2009-2016, mais de 67.000 pessoas foram removidas (desapropriadas). Este n\u00famero \u00e9 maior do que os que foram removidos durante os governos de Pereira Passos e Lacerda juntos. O argumento oficial utilizado pelas autoridades p\u00fablicas era o&hellip;","_links":{"self":[{"href":"https:\/\/construcaocivil.siriusmarketingedesign.com.br\/index.php?rest_route=\/wp\/v2\/posts\/7851","targetHints":{"allow":["GET"]}}],"collection":[{"href":"https:\/\/construcaocivil.siriusmarketingedesign.com.br\/index.php?rest_route=\/wp\/v2\/posts"}],"about":[{"href":"https:\/\/construcaocivil.siriusmarketingedesign.com.br\/index.php?rest_route=\/wp\/v2\/types\/post"}],"author":[{"embeddable":true,"href":"https:\/\/construcaocivil.siriusmarketingedesign.com.br\/index.php?rest_route=\/wp\/v2\/users\/1"}],"replies":[{"embeddable":true,"href":"https:\/\/construcaocivil.siriusmarketingedesign.com.br\/index.php?rest_route=%2Fwp%2Fv2%2Fcomments&post=7851"}],"version-history":[{"count":0,"href":"https:\/\/construcaocivil.siriusmarketingedesign.com.br\/index.php?rest_route=\/wp\/v2\/posts\/7851\/revisions"}],"wp:attachment":[{"href":"https:\/\/construcaocivil.siriusmarketingedesign.com.br\/index.php?rest_route=%2Fwp%2Fv2%2Fmedia&parent=7851"}],"wp:term":[{"taxonomy":"category","embeddable":true,"href":"https:\/\/construcaocivil.siriusmarketingedesign.com.br\/index.php?rest_route=%2Fwp%2Fv2%2Fcategories&post=7851"},{"taxonomy":"post_tag","embeddable":true,"href":"https:\/\/construcaocivil.siriusmarketingedesign.com.br\/index.php?rest_route=%2Fwp%2Fv2%2Ftags&post=7851"}],"curies":[{"name":"wp","href":"https:\/\/api.w.org\/{rel}","templated":true}]}}