{"id":7858,"date":"2017-10-05T15:03:43","date_gmt":"2017-10-05T18:03:43","guid":{"rendered":"http:\/\/www.jornaldaconstrucaocivil.com.br\/?p=7858"},"modified":"2017-10-05T15:03:43","modified_gmt":"2017-10-05T18:03:43","slug":"livro-carlos-leao-arquitetura-patrocinado-pelo-caurj-e-finalista-do-premio-jabuti","status":"publish","type":"post","link":"https:\/\/construcaocivil.siriusmarketingedesign.com.br\/?p=7858","title":{"rendered":"Livro Carlos Le\u00e3o \u2013 Arquitetura, patrocinado pelo CAU\/RJ, \u00e9 finalista do Pr\u00eamio Jabuti"},"content":{"rendered":"<p style=\"text-align: justify;\"><span style=\"color: #000000;\"><span style=\"color: #993300;\">Rio, Outubro, 2017<\/span> &#8211; A publica\u00e7\u00e3o Carlos Le\u00e3o \u2013 Arquitetura, da editora Bazar do Tempo, em co-edi\u00e7\u00e3o com a Dois Um, est\u00e1 entre os finalistas do 59\u00ba Pr\u00eamio Jabuti na categoria Arquitetura, Urbanismo, Artes e Fotografia. O livro, contemplado pelo Programa CAU\/RJ de Patroc\u00ednio Cultural, resgata a obra arquitet\u00f4nica de Le\u00e3o, mais conhecido por seu trabalho como artista pl\u00e1stico.<\/span><\/p>\n<p style=\"text-align: justify;\"><span style=\"color: #000000;\">Mais do que a compila\u00e7\u00e3o de projetos ic\u00f4nicos de Le\u00e3o, a publica\u00e7\u00e3o \u00e9 um resgate da import\u00e2ncia que teve para o que Czajkowski chamou de <span style=\"color: #0000ff;\">&#8220;Nativismo carioca: uma arquitetura entre a tradi\u00e7\u00e3o e a modernidade&#8221;<\/span> \u2013 t\u00edtulo de seu trabalho sobre a obra do arquiteto.<\/span><\/p>\n<p style=\"text-align: justify;\"><span style=\"color: #000000;\"><strong>Carlos Le\u00e3o<\/strong> \u2013 Arquitetura re\u00fane 120 desenhos originais (entre croquis, anteprojetos ou projetos definitivos), de obras realizadas ou apenas esbo\u00e7adas, al\u00e9m de fotos de Pedro Oswaldo Cruz e Pedro de Moraes e de uma s\u00e9rie de documentos, listagens e textos.<\/span><\/p>\n<p style=\"text-align: justify;\"><span style=\"color: #000000;\">O livro foi idealizado h\u00e1 quase tr\u00eas d\u00e9cadas pelo arquiteto Jorge Czajkowski e esbo\u00e7ado antes de sua morte, em 2010. O trabalho teve continuidade com uma equipe formada pela produtora executiva e coordenadora da Dois Um Produ\u00e7\u00f5es Claudia Pinheiro, a arquiteta Maria Helena R\u00f6he Salomon, o historiador da arte Roberto Conduru, a designer Sula Danowski e a assistente editorial Rosalina Gouveia e tomou a forma final pelas m\u00e3os da editora Ana Cecilia Impellizieri Martins, da Bazar do Tempo.<\/span><\/p>\n<p style=\"text-align: justify;\"><span style=\"color: #000000;\"><span style=\"color: #333399;\"><em>&#8220;A valoriza\u00e7\u00e3o da arquitetura e urbanismo, que \u00e9 a maior contribui\u00e7\u00e3o que o CAU pode oferecer, \u00e9 o principal objetivo do nosso programa de patroc\u00ednio cultural. E sua import\u00e2ncia est\u00e1 traduzida nesta indica\u00e7\u00e3o para o pr\u00eamio Jabuti. Este resultado nos incentiva a continuar e a ampliar nosso programa de patroc\u00ednio&#8221;<\/em><\/span>, afirmou Augusto C\u00e9sar Alves, vice-presidente do CAU\/RJ.<\/span><\/p>\n<p style=\"text-align: justify;\"><span style=\"color: #000000;\">Na \u00e9poca do lan\u00e7amento, a produtora executiva e coordenadora da Dois Um Produ\u00e7\u00f5es, Cl\u00e1udia Pinheiro, afirmou que o patroc\u00ednio do CAU\/RJ \u00e9 fundamental para resgatar a obra de arquitetos e urbanistas que n\u00e3o tiveram suas obras t\u00e3o reconhecidas.<span style=\"color: #333399;\"><em> &#8220;Estamos fazendo justi\u00e7a a Le\u00e3o como arquiteto. Com o livro, conseguimos apresentar a obra de maneira in\u00e9dita, dando sua dimens\u00e3o no Brasil&#8221;<\/em><\/span>, complementou a diretora da editora Bazar do Tempo, Ana Cecilia Impellizieri Martins na ocasi\u00e3o.<\/span><\/p>\n<p style=\"text-align: justify;\"><span style=\"color: #993300;\">Tamb\u00e9m concorrem ao pr\u00eamio Jabuti, na mesma categoria de Carlos Le\u00e3o \u2013 Arquitetura, os t\u00edtulos:<\/span><\/p>\n<p style=\"text-align: justify;\"><span style=\"color: #333399;\">A Modernidade Impressa: Artistas Ilustradores da Livraria do Globo, de Paula Ramos;<\/span><\/p>\n<p style=\"text-align: justify;\"><span style=\"color: #333399;\">Desenho da Utopia, de Ruy Teixeira e Jayme Vargas;<\/span><\/p>\n<p style=\"text-align: justify;\"><span style=\"color: #333399;\">Guia da Arquitetura do Rio de Janeiro; de Maria Helena Salomon, Gustavo Rocha-Peixoto, Marcos Moraes de S\u00e1, Far\u00e8s El-Dahdah, Mozart Vitor Serra, Claudia Carvalho, Claudia Brack, Carlos Eduardo Comas<\/span><\/p>\n<p><span style=\"color: #333399;\">Jayme C. Fonseca Rodrigues: Arquiteto, de Hugo Segawa;<\/span><\/p>\n<p><span style=\"color: #333399;\">Jo\u00e3o Kon, Arquiteto, de Abilio Guerra, Luis Espallargas Gimenez, Fernando Serapi\u00e3o e Nelson Kon;<\/span><\/p>\n<p><span style=\"color: #333399;\">Lentes da Mem\u00f3ria: A descoberta da fotografia de Alberto de Sampaio (1888-1930);<\/span><\/p>\n<p><span style=\"color: #333399;\">Marcel Gautherot, Fotografias, de Adriana Martins Pereira;<\/span><\/p>\n<p><span style=\"color: #333399;\">Mill\u00f4r: obra gr\u00e1fica, de C\u00e1ssio Loredano, Julia Kovensky e Paulo Roberto Pires;<\/span><\/p>\n<p><span style=\"color: #333399;\">Pasolini, do neorrealismo ao cinema poesia, de Davi Kinski.<\/span><\/p>\n<p style=\"text-align: justify;\"><span style=\"color: #000000;\">Para Abilio Guerra, um dos autores de Jo\u00e3o Kon, Arquiteto, a disputa ser\u00e1 acirrada. <span style=\"color: #333399;\"><em>&#8220;Este ano, o n\u00edvel dos candidatos \u00e9 alt\u00edssimo. O j\u00fari ter\u00e1 um trabalho dif\u00edcil. E o Rio de Janeiro est\u00e1 bem representado com o livro Carlos Le\u00e3o e o Guia da Arquitetura&#8221;<\/em><\/span>, afirmou Guerra, que tamb\u00e9m falou sobre sua pr\u00f3pria obra. <em><span style=\"color: #333399;\">&#8220;O caso do Jo\u00e3o Kon \u00e9 peculiar porque ele fez mais de 200 edif\u00edcios em S\u00e3o Paulo, de qualidade, mas sem receber um reconhecimento. Este livro, portanto, \u00e9 uma obra de recupera\u00e7\u00e3o hist\u00f3rica&#8221;<\/span><\/em>, acrescentou.<\/span><\/p>\n<p><span style=\"color: #000000;\">O resultado final ser\u00e1 divulgado no dia 30 de novembro em S\u00e3o Paulo. Realizado pela C\u00e2mara Brasileira do Livro, o Jabuti \u00e9 uma das mais tradicionais e prestigiadas premia\u00e7\u00f5es liter\u00e1rias brasileiras.<\/span><\/p>\n<p>Fonte: Imprensa\/CAU-Rj<\/p>\n","protected":false},"excerpt":{"rendered":"<p>Rio, Outubro, 2017 &#8211; A publica\u00e7\u00e3o Carlos Le\u00e3o \u2013 Arquitetura, da editora Bazar do Tempo, em co-edi\u00e7\u00e3o com a Dois Um, est\u00e1 entre os finalistas do 59\u00ba Pr\u00eamio Jabuti na categoria Arquitetura, Urbanismo, Artes e Fotografia. O livro, contemplado pelo Programa CAU\/RJ de Patroc\u00ednio Cultural, resgata a obra arquitet\u00f4nica de Le\u00e3o, mais conhecido por seu [&hellip;]<\/p>\n","protected":false},"author":1,"featured_media":0,"comment_status":"open","ping_status":"open","sticky":false,"template":"","format":"standard","meta":{"_uag_custom_page_level_css":"","footnotes":""},"categories":[27],"tags":[217,941,2009,2020,5712,6956,9332,9593,12120,12200],"class_list":["post-7858","post","type-post","status-publish","format-standard","hentry","category-acontece","tag-59o-premio-jabuti","tag-artes-e-fotografia","tag-categoria-arquitetura","tag-caurj","tag-guia-da-arquitetura","tag-livro-carlos-leao","tag-premio-jabuti-2017","tag-programa-caurj-de-patrocinio-cultural","tag-urbanismo","tag-valorizacao-da-arquitetura-e-urbanismo"],"blocksy_meta":[],"spectra_blocks_featured_image_url":null,"spectra_blocks_author_info":{"display_name":"Jornal da Constru\u00e7\u00e3o Civil","avatar_url":"https:\/\/secure.gravatar.com\/avatar\/973c9774fd44ddaceb026973c4962faa70fc512bc4c9da68e8ebb40fecee6540?s=96&d=mm&r=g","author_link":"https:\/\/construcaocivil.siriusmarketingedesign.com.br\/?author=1","description":"Desde de 2013, levando muitas informa\u00e7\u00f5es, lan\u00e7amentos e produtos de qualidade para toda cadeia produtiva da constru\u00e7\u00e3o. O Futuro da constru\u00e7\u00e3o passa por aqui,"},"uagb_featured_image_src":{"full":false,"thumbnail":false,"medium":false,"medium_large":false,"large":false,"1536x1536":false,"2048x2048":false},"uagb_author_info":{"display_name":"Jornal da Constru\u00e7\u00e3o Civil","author_link":"https:\/\/construcaocivil.siriusmarketingedesign.com.br\/?author=1"},"uagb_comment_info":0,"uagb_excerpt":"Rio, Outubro, 2017 &#8211; A publica\u00e7\u00e3o Carlos Le\u00e3o \u2013 Arquitetura, da editora Bazar do Tempo, em co-edi\u00e7\u00e3o com a Dois Um, est\u00e1 entre os finalistas do 59\u00ba Pr\u00eamio Jabuti na categoria Arquitetura, Urbanismo, Artes e Fotografia. O livro, contemplado pelo Programa CAU\/RJ de Patroc\u00ednio Cultural, resgata a obra arquitet\u00f4nica de Le\u00e3o, mais conhecido por seu&hellip;","_links":{"self":[{"href":"https:\/\/construcaocivil.siriusmarketingedesign.com.br\/index.php?rest_route=\/wp\/v2\/posts\/7858","targetHints":{"allow":["GET"]}}],"collection":[{"href":"https:\/\/construcaocivil.siriusmarketingedesign.com.br\/index.php?rest_route=\/wp\/v2\/posts"}],"about":[{"href":"https:\/\/construcaocivil.siriusmarketingedesign.com.br\/index.php?rest_route=\/wp\/v2\/types\/post"}],"author":[{"embeddable":true,"href":"https:\/\/construcaocivil.siriusmarketingedesign.com.br\/index.php?rest_route=\/wp\/v2\/users\/1"}],"replies":[{"embeddable":true,"href":"https:\/\/construcaocivil.siriusmarketingedesign.com.br\/index.php?rest_route=%2Fwp%2Fv2%2Fcomments&post=7858"}],"version-history":[{"count":0,"href":"https:\/\/construcaocivil.siriusmarketingedesign.com.br\/index.php?rest_route=\/wp\/v2\/posts\/7858\/revisions"}],"wp:attachment":[{"href":"https:\/\/construcaocivil.siriusmarketingedesign.com.br\/index.php?rest_route=%2Fwp%2Fv2%2Fmedia&parent=7858"}],"wp:term":[{"taxonomy":"category","embeddable":true,"href":"https:\/\/construcaocivil.siriusmarketingedesign.com.br\/index.php?rest_route=%2Fwp%2Fv2%2Fcategories&post=7858"},{"taxonomy":"post_tag","embeddable":true,"href":"https:\/\/construcaocivil.siriusmarketingedesign.com.br\/index.php?rest_route=%2Fwp%2Fv2%2Ftags&post=7858"}],"curies":[{"name":"wp","href":"https:\/\/api.w.org\/{rel}","templated":true}]}}