{"id":7872,"date":"2017-10-06T13:43:04","date_gmt":"2017-10-06T16:43:04","guid":{"rendered":"http:\/\/www.jornaldaconstrucaocivil.com.br\/?p=7872"},"modified":"2017-10-06T13:43:04","modified_gmt":"2017-10-06T16:43:04","slug":"empoderamento-digital-e-tema-da-ultima-edicao-do-projeto-espaco-sideral-que-acontece-no-ccbb-rj","status":"publish","type":"post","link":"https:\/\/construcaocivil.siriusmarketingedesign.com.br\/?p=7872","title":{"rendered":"Empoderamento Digital \u00e9 tema da \u00faltima edi\u00e7\u00e3o do Projeto Espa\u00e7o Sideral, que acontece no CCBB-RJ"},"content":{"rendered":"<p style=\"text-align: justify;\"><em><strong><span style=\"color: #000000;\">Al\u00e9m das oficinas, debate e masterclass o evento ter\u00e1 show dos mineiros Victor Brauer e Jonathan Tadeu, representantes do coletivo Gera\u00e7\u00e3o Perdida de Minas Gerais<\/span><\/strong><\/em><\/p>\n<figure id=\"attachment_7874\" aria-describedby=\"caption-attachment-7874\" style=\"width: 271px\" class=\"wp-caption alignleft\"><a href=\"http:\/\/www.jornaldaconstrucaocivil.com.br\/wp-content\/uploads\/2017\/10\/Sil_Pretalab_PorSafiraMoreira-e1507306618992.jpg\"><img loading=\"lazy\" decoding=\"async\" class=\"wp-image-7874\" src=\"http:\/\/www.jornaldaconstrucaocivil.com.br\/wp-content\/uploads\/2017\/10\/Sil_Pretalab_PorSafiraMoreira-300x197.jpg\" alt=\"Sil_Pretalab_PorSafiraMoreira\" width=\"271\" height=\"178\" \/><\/a><figcaption id=\"caption-attachment-7874\" class=\"wp-caption-text\">Sil Bahia, diretora de projetos do Olabi, organiza\u00e7\u00e3o focada em inova\u00e7\u00e3o social e tecnologia. Cr\u00e9ditos: Safira Moreira<\/figcaption><\/figure>\n<p style=\"text-align: justify;\"><span style=\"color: #000000;\"><span style=\"color: #993300;\">Rio, Outubro, 2017<\/span> &#8211; H\u00e1 vida no fim do t\u00fanel para artistas que desejam ter independ\u00eancia e empreender com sabedoria. \u00c9 com essa premissa que o Espa\u00e7o Sideral abre a quarta e \u00faltima edi\u00e7\u00e3o do projeto com o tema <span style=\"color: #0000ff;\">&#8220;Empoderamento Digital&#8221;<\/span>, nos dias 12 e 13 de outubro, no CCBB, com entrada gratuita. Ao longo das edi\u00e7\u00f5es, o projeto, que iniciou em julho, trouxe at\u00e9 agora para a sala 26 do CCBB (4\u00ba andar) cerca de mais de 400 pessoas interessadas em saber como a tecnologia pode ajudar os artistas a ganharem espa\u00e7o de uma forma diferente e menos custosa.<\/span><\/p>\n<p style=\"text-align: justify;\"><span style=\"color: #000000;\">Na quinta, dia 12, acontecer\u00e3o duas oficinas: <span style=\"color: #0000ff;\">&#8220;Mapeamento e visualiza\u00e7\u00e3o de dados&#8221;<\/span>, com o pesquisador de arte digital e eletr\u00f4nica Igor Abreu, e <span style=\"color: #0000ff;\">&#8220;Empreendedorismo Digital&#8221;<\/span>, com o grupo PyLAdies \u2013 que tem como ideal ajudar mulheres a serem protagonista da comunidade de c\u00f3digo aberto Python. Depois, o evento abre debate com os temas <span style=\"color: #0000ff;\">&#8220;Mapeamento e transforma\u00e7\u00e3o social&#8221; e &#8220;(Re)conhecendo territ\u00f3rios pela visualiza\u00e7\u00e3o de dados&#8221;<\/span> com as presen\u00e7as de Sil Bahia (OLABI\/Afroflix) e Clara Sacco (Data Labe Mar\u00e9),\u00a0 que encerram as atividades do dia.<\/span><\/p>\n<figure id=\"attachment_7875\" aria-describedby=\"caption-attachment-7875\" style=\"width: 300px\" class=\"wp-caption alignright\"><a href=\"http:\/\/www.jornaldaconstrucaocivil.com.br\/wp-content\/uploads\/2017\/10\/vitor-brauer-e-jonathan-tadeu-_-foto-de-thiago-bacarin-e1507306794512.jpg\"><img loading=\"lazy\" decoding=\"async\" class=\"wp-image-7875 size-medium\" src=\"http:\/\/www.jornaldaconstrucaocivil.com.br\/wp-content\/uploads\/2017\/10\/vitor-brauer-e-jonathan-tadeu-_-foto-de-thiago-bacarin-300x249.jpg\" width=\"300\" height=\"249\" \/><\/a><figcaption id=\"caption-attachment-7875\" class=\"wp-caption-text\">Vitor Brauer e Jonathan Tadeu. Foto: Thiago Bacarin<\/figcaption><\/figure>\n<p style=\"text-align: justify;\"><span style=\"color: #000000;\">J\u00e1 na sexta, dia 13, dois representantes do coletivo Gera\u00e7\u00e3o Perdida de Minas Gerais, Vitor Brauer e Jonathan Tadeu, aterrissam no Rio de Janeiro para a Masterclass mais do que especial que falar\u00e1 do uso de diferentes dispositivos digitais para viabilizar uma turn\u00ea de forma independente, desde a produ\u00e7\u00e3o musical das faixas at\u00e9 o merchandising, al\u00e9m do registro e a difus\u00e3o do trabalho. Em tempo: a dupla conseguiu recentemente produzir a segunda tour\u00a0 chamada&#8221;Sem Sair na Rolling Stone&#8221;, de 21 e abril a 13 de agosto, onde passaram por 18 capitais (Rio\/RJ , S\u00e3o Paulo\/SP, Curitiba\/PR, Campo Grande\/MS, Florian\u00f3polis\/SC, Porto Alegre\/RS, Goi\u00e2nia\/GO, Bras\u00edlia\/DF, Porto Velho\/RO, Rio Branco\/AC, Vit\u00f3ria\/ES, Salvador\/BA, Aracaju\/SE, Macei\u00f3\/AL, Recife\/PE, Jo\u00e3o Pessoa\/PB, Natal\/RN e Fortaleza\/CE), fazendo contatos utilizando a tecnologia pra marcar shows e viabilizar a ideia.<\/span><\/p>\n<p style=\"text-align: justify;\"><span style=\"color: #0000ff;\">PROGRAMA OUTUBRO:<\/span><\/p>\n<p style=\"text-align: justify;\"><strong><span style=\"color: #000080;\">Tema: EMPODERAMENTO DIGITAL<\/span><\/strong><\/p>\n<p style=\"text-align: justify;\"><span style=\"color: #993300;\">12\/10 (quinta-feira)<\/span><\/p>\n<p style=\"text-align: justify;\"><span style=\"color: #000000;\">13h-14:30h: OFICINA 1 \u2013 Mapeamento e Visualiza\u00e7\u00e3o de dados \u2013 com\u00a0 Igor Abreu<\/span><\/p>\n<p style=\"text-align: justify;\"><span style=\"color: #000000;\">16h-17:30h: OFICINA 2 \u2013 Empreendedorismo Digital \u2013 com Isis PyLadies<\/span><\/p>\n<p style=\"text-align: justify;\"><span style=\"color: #000000;\">18:30h-20:30h &#8211; Debate:\u00a0 Mapeamento de Dados e Transforma\u00e7\u00e3o Cultural \u2013 Sil Bahia (OLABI\/Afroflix) e Clara Sacco (Data Labe Mar\u00e9) conversam sobre a import\u00e2ncia de iniciativas de inclus\u00e3o sociocultural e o reconhecimento de territ\u00f3rios por meio da visualiza\u00e7\u00e3o de dados.<\/span><\/p>\n<p style=\"text-align: justify;\"><span style=\"color: #993300;\">Igor Abreu<\/span><\/p>\n<p style=\"text-align: justify;\"><span style=\"color: #000000;\">Desenvolvedor, pesquisador em arte digital e arte eletr\u00f4nica. Integrante do est\u00fadio de programa\u00e7\u00e3o criativa Grama, atuou como docente no programa Nave Rio e na escola de programa\u00e7\u00e3o HT_ML, no Morro da Mineira. Realizou instala\u00e7\u00f5es interativas para eventos como Amostra Gr\u00e1tis e Circo Digital, com a instala\u00e7\u00e3o Simbinoise, criada pelo projeto Bi\u00f4nicos; e para o Mola 2016 com a instala\u00e7\u00e3o Ilume. \u00c9 colaborador do projeto de Mapeamento de Saraus do Rio de Janeiro realizado pelo Sarau do Escrit\u00f3rio.<\/span><\/p>\n<p style=\"text-align: justify;\"><span style=\"color: #993300;\">PyLadies<\/span><\/p>\n<p style=\"text-align: justify;\"><span style=\"text-decoration: underline;\"><span style=\"color: #0000ff; text-decoration: underline;\">http:\/\/brasil.pyladies.com\/<\/span><\/span><\/p>\n<p style=\"text-align: justify;\"><span style=\"color: #000000;\">Grupo internacional com foco em ajudar mais mulheres a tornarem-se participantes ativas e l\u00edderes da comunidade de c\u00f3digo aberto Python. Sua miss\u00e3o \u00e9 promover, educar e impulsionar a exist\u00eancia de uma comunidade Python diversificada atrav\u00e9s de sensibiliza\u00e7\u00e3o, educa\u00e7\u00e3o, confer\u00eancias, eventos e encontros sociais.<\/span><\/p>\n<p style=\"text-align: justify;\"><span style=\"color: #000000;\">Sil Bahia\u00a0 \u00e9 diretora de projetos do Olabi, organiza\u00e7\u00e3o focada em inova\u00e7\u00e3o social e tecnologia, por onde toca uma s\u00e9rie de iniciativas ligadas ao combate ao racismo, como a Pretalab. Mestre em Cultura e Territorialidades pela UFF, foi facilitadora da Maratona RodAda Hacker &#8211; oficinas de empoderamento feminino em novas tecnologias, coordenou o plano de comunica\u00e7\u00e3o do filme KBELA e \u00e9 colaboradora da plataforma Afroflix.<\/span><\/p>\n<p style=\"text-align: justify;\"><span style=\"color: #000000;\">Clara Sacco \u00e9 produtora cultural independente e comunicadora formada em Estudos de M\u00eddia pela Universidade Federal Fluminense. Atua em projetos que articulam juventude, tecnologia, comunica\u00e7\u00e3o, cultura e mobiliza\u00e7\u00e3o popular. Atualmente \u00e9 coordenadora do data_labe, um laborat\u00f3rio de dados e narrativas no Complexo da Mar\u00e9 e colaboradora do Observat\u00f3rio de Favelas do Rio de Janeiro.<\/span><\/p>\n<p style=\"text-align: justify;\"><span style=\"color: #993300;\">13\/10 (sexta-feira)<\/span><\/p>\n<p style=\"text-align: justify;\"><span style=\"color: #000000;\">17:30h:\u00a0 Master Class Fa\u00e7a sua pr\u00f3pria turn\u00ea &#8211; Masterclass com Vitor Brauer e Jonathan Tadeu sobre o uso de diferentes dispositivos digitais para viabilizar uma turn\u00ea de forma independente, desde a produ\u00e7\u00e3o musical das faixas at\u00e9 o merchandising, o registro e a difus\u00e3o do trabalho.<\/span><\/p>\n<p style=\"text-align: justify;\"><span style=\"color: #000000;\">19:30: Pocket Show: Victor Brauer + Jonathan Tadeu + Nathanne Rodrigues.<\/span><\/p>\n<p style=\"text-align: justify;\"><span style=\"color: #000000;\">Nathanne Rodrigues \u00e9 compositora, vocalista e guitarrista da Chico de Barro, projeto criado por ela, no in\u00edcio de 2011. J\u00e1 foi baixista em diversas bandas do cen\u00e1rio carioca, entre elas as Noras de Newton e a Def. Tamb\u00e9m tocou com Jo\u00e3o Capdeville e Almir Chiaratti.<\/span><\/p>\n<p style=\"text-align: justify;\"><span style=\"color: #000000;\">Vitor Brauer \u00e9 um dos idealizadores do selo musical independente Gera\u00e7\u00e3o Perdida de Minas Gerais, integra as bandas Lupe de Lupe e X\u00f3\u00f5, al\u00e9m de ter seu trabalho solo. Anualmente produz turn\u00eas nacionais de forma independente, estimulando tamb\u00e9m outras bandas a fazer o mesmo.<\/span><\/p>\n<p style=\"text-align: justify;\"><span style=\"color: #000000;\">Jonathan Tadeu \u00e9 artista do selo musical independente Gera\u00e7\u00e3o Perdida de Minas Gerais, integrava a banda Quase Coadjuvante, tem um trabalho ambientado no sad folk, noise, shoegaze e sad rock. Trabalha tamb\u00e9m com audiovisual e produziu a maior parte dos clipes das bandas do seu selo musical.<\/span><\/p>\n<p><strong>Sobre o projeto<\/strong><\/p>\n<p style=\"text-align: justify;\">Desde agosto o projeto Espa\u00e7o Sideral vem ocupando o quarto andar do CCBB mostrando alternativas reais que usam tecnologia a servi\u00e7o da cultura. A programa\u00e7\u00e3o foi pensada para um p\u00fablico da era p\u00f3s-digital e que \u00e9 realizada, em boa parte, por eles mesmos, representados por artistas e profissionais aut\u00f4nomos, que lidam com a modernidade do seu tempo &#8211; n\u00e3o por acaso, a premissa do projeto \u00e9 Tecnologia e Autonomia.<em> &#8220;Discutir sobre o p\u00f3s-digital \u00e9 uma demanda contempor\u00e2nea nesse tempo em que a intersec\u00e7\u00e3o do digital com o real requer novos posicionamentos da sociedade. O projeto Espa\u00e7o Sideral prop\u00f5e reflex\u00f5es sobre as possibilidades o<\/em>ferecidas pela tecnologia no que diz respeito \u00e0 empreendedorismo, produ\u00e7\u00e3o e distribui\u00e7\u00e3o de conte\u00fado culturais&#8221;, avalia F\u00e1bio Cunha, Gerente Geral do CCBB Rio.<\/p>\n<p><span style=\"color: #000000;\">Servi\u00e7o:<\/span><\/p>\n<p><span style=\"color: #000000;\">Projeto Espa\u00e7o Sideral<\/span><\/p>\n<p><span style=\"color: #000000;\">Local: Centro Cultural Banco do Brasil<\/span><\/p>\n<p><span style=\"color: #000000;\">Endere\u00e7o: Rua Primeiro de Mar\u00e7o, 66 &#8211; Centro &#8211; 20010-000 \/ Rio de Janeiro (RJ)<\/span><\/p>\n<p><span style=\"color: #000000;\">(21) 3808-2007 |<span style=\"text-decoration: underline;\"><span style=\"color: #0000ff; text-decoration: underline;\"> ccbbrio@bb.com.br<\/span><\/span><\/span><\/p>\n<p>Programa\u00e7\u00e3o completa:\u00a0<span style=\"text-decoration: underline;\"><span style=\"color: #0000ff;\"><a style=\"color: #0000ff; text-decoration: underline;\" href=\"http:\/\/www.bb.com.br\/portalbb\" target=\"_blank\" rel=\"noreferrer\">http:\/\/www.bb.com.br\/portalbb<\/a><\/span><\/span><\/p>\n<p>&nbsp;<\/p>\n","protected":false},"excerpt":{"rendered":"<p>Al\u00e9m das oficinas, debate e masterclass o evento ter\u00e1 show dos mineiros Victor Brauer e Jonathan Tadeu, representantes do coletivo Gera\u00e7\u00e3o Perdida de Minas Gerais Rio, Outubro, 2017 &#8211; H\u00e1 vida no fim do t\u00fanel para artistas que desejam ter independ\u00eancia e empreender com sabedoria. \u00c9 com essa premissa que o Espa\u00e7o Sideral abre a [&hellip;]<\/p>\n","protected":false},"author":1,"featured_media":7874,"comment_status":"open","ping_status":"open","sticky":false,"template":"","format":"standard","meta":{"_uag_custom_page_level_css":"","footnotes":""},"categories":[27],"tags":[2086,3868,4109,4115,5690,7197,7239,7543,7987,8234,9019,9705],"class_list":["post-7872","post","type-post","status-publish","format-standard","has-post-thumbnail","hentry","category-acontece","tag-centro-cultural-banco-do-brasil-rj","tag-economia-criativa","tag-empoderamento-digital","tag-empreendedorismo-digital","tag-grupo-pyladies","tag-mapeamento-e-visualizacao-de-dados","tag-maratona-rodada-hacker-oficinas-de-empoderamento-feminino","tag-mercado-e-diversidade","tag-mulheres-negras","tag-novas-tecnologias-digitais","tag-plataforma-afroflix","tag-projeto-espaco-sideral"],"blocksy_meta":[],"spectra_blocks_featured_image_url":[],"spectra_blocks_author_info":{"display_name":"Jornal da Constru\u00e7\u00e3o Civil","avatar_url":"https:\/\/secure.gravatar.com\/avatar\/973c9774fd44ddaceb026973c4962faa70fc512bc4c9da68e8ebb40fecee6540?s=96&d=mm&r=g","author_link":"https:\/\/construcaocivil.siriusmarketingedesign.com.br\/?author=1","description":"Desde de 2013, levando muitas informa\u00e7\u00f5es, lan\u00e7amentos e produtos de qualidade para toda cadeia produtiva da constru\u00e7\u00e3o. O Futuro da constru\u00e7\u00e3o passa por aqui,"},"uagb_featured_image_src":{"full":false,"thumbnail":false,"medium":false,"medium_large":false,"large":false,"1536x1536":false,"2048x2048":false},"uagb_author_info":{"display_name":"Jornal da Constru\u00e7\u00e3o Civil","author_link":"https:\/\/construcaocivil.siriusmarketingedesign.com.br\/?author=1"},"uagb_comment_info":0,"uagb_excerpt":"Al\u00e9m das oficinas, debate e masterclass o evento ter\u00e1 show dos mineiros Victor Brauer e Jonathan Tadeu, representantes do coletivo Gera\u00e7\u00e3o Perdida de Minas Gerais Rio, Outubro, 2017 &#8211; H\u00e1 vida no fim do t\u00fanel para artistas que desejam ter independ\u00eancia e empreender com sabedoria. \u00c9 com essa premissa que o Espa\u00e7o Sideral abre a&hellip;","_links":{"self":[{"href":"https:\/\/construcaocivil.siriusmarketingedesign.com.br\/index.php?rest_route=\/wp\/v2\/posts\/7872","targetHints":{"allow":["GET"]}}],"collection":[{"href":"https:\/\/construcaocivil.siriusmarketingedesign.com.br\/index.php?rest_route=\/wp\/v2\/posts"}],"about":[{"href":"https:\/\/construcaocivil.siriusmarketingedesign.com.br\/index.php?rest_route=\/wp\/v2\/types\/post"}],"author":[{"embeddable":true,"href":"https:\/\/construcaocivil.siriusmarketingedesign.com.br\/index.php?rest_route=\/wp\/v2\/users\/1"}],"replies":[{"embeddable":true,"href":"https:\/\/construcaocivil.siriusmarketingedesign.com.br\/index.php?rest_route=%2Fwp%2Fv2%2Fcomments&post=7872"}],"version-history":[{"count":0,"href":"https:\/\/construcaocivil.siriusmarketingedesign.com.br\/index.php?rest_route=\/wp\/v2\/posts\/7872\/revisions"}],"wp:attachment":[{"href":"https:\/\/construcaocivil.siriusmarketingedesign.com.br\/index.php?rest_route=%2Fwp%2Fv2%2Fmedia&parent=7872"}],"wp:term":[{"taxonomy":"category","embeddable":true,"href":"https:\/\/construcaocivil.siriusmarketingedesign.com.br\/index.php?rest_route=%2Fwp%2Fv2%2Fcategories&post=7872"},{"taxonomy":"post_tag","embeddable":true,"href":"https:\/\/construcaocivil.siriusmarketingedesign.com.br\/index.php?rest_route=%2Fwp%2Fv2%2Ftags&post=7872"}],"curies":[{"name":"wp","href":"https:\/\/api.w.org\/{rel}","templated":true}]}}