{"id":7886,"date":"2017-10-09T16:39:44","date_gmt":"2017-10-09T19:39:44","guid":{"rendered":"http:\/\/www.jornaldaconstrucaocivil.com.br\/?p=7886"},"modified":"2017-10-09T16:39:44","modified_gmt":"2017-10-09T19:39:44","slug":"ministerio-da-integracao-nacional-nota-de-esclarecimento-sobre-invasao-no-eixo-norte-do-projeto-de-integracao-do-rio-sao-francisco","status":"publish","type":"post","link":"https:\/\/construcaocivil.siriusmarketingedesign.com.br\/?p=7886","title":{"rendered":"Minist\u00e9rio da Integra\u00e7\u00e3o Nacional: Nota de Esclarecimento sobre invas\u00e3o no Eixo Norte do Projeto de Integra\u00e7\u00e3o do Rio S\u00e3o Francisco"},"content":{"rendered":"<p><em><span style=\"color: #993300;\">Bras\u00edlia, Outubro, 2017<\/span> <strong>&#8211; O Minist\u00e9rio da Integra\u00e7\u00e3o Nacional vem a p\u00fablico prestar os seguintes esclarecimentos:<\/strong><\/em><\/p>\n<p style=\"text-align: justify;\"><span style=\"color: #000000;\">1. Na \u00faltima sexta-feira (6\/10), um grupo de pessoas invadiu e depredou instala\u00e7\u00f5es do canteiro das obras de constru\u00e7\u00e3o do Trecho 1N do Eixo Norte do Projeto de Integra\u00e7\u00e3o do Rio S\u00e3o Francisco. O incidente aconteceu no munic\u00edpio de Salgueiro (PE). Foram identificados danos nas mangueiras das comportas do Reservat\u00f3rio de Tucutu, localizado em Cabrob\u00f3 (PE). Mais cedo, ainda na sexta-feira, a estrutura de controle do reservat\u00f3rio j\u00e1 havia sido danificada por picha\u00e7\u00e3o (fotos anexas). A suspeita \u00e9 de que as depreda\u00e7\u00f5es tenham sido feitas por comerciantes e credores da Mendes Jr, empresa que havia sido contratada para a obra, mas que n\u00e3o a concluiu;<\/span><\/p>\n<p style=\"text-align: justify;\"><span style=\"color: #000000;\">2. Nesta segunda-feira (9), durante verifica\u00e7\u00e3o da equipe t\u00e9cnica do Minist\u00e9rio,\u00a0 foi identificado o furto de uma bomba da comporta do Reservat\u00f3rio Tucutu.<\/span><\/p>\n<p style=\"text-align: justify;\"><span style=\"color: #000000;\">3. Esses atos criminosos p\u00f5em em risco o abastecimento de mais de 4 milh\u00f5es de pessoas da cidade de Fortaleza, no Cear\u00e1 \u2013 pr\u00f3ximo estado a ser beneficiado pelo Projeto. Cerca de tr\u00eas mil pessoas em 17 comunidades &#8211; que tamb\u00e9m poder\u00e3o vir a ser favorecidas pela chegada da \u00e1gua no Reservat\u00f3rio de Terra Nova, seguinte ao de Tucutu, &#8211; ser\u00e3o prejudicadas;<\/span><\/p>\n<p style=\"text-align: justify;\"><span style=\"color: #000000;\">4.\u00a0 A administra\u00e7\u00e3o da construtora Emsa &#8211; l\u00edder do cons\u00f3rcio que venceu a disputa para completar as obras do trecho 1N &#8211; registrou um Boletim de Ocorr\u00eancia (em anexo) denunciando e informando os acontecimentos \u00e0s autoridades policiais e a exist\u00eancia de amea\u00e7as contra a integridade f\u00edsica de seus empregados;<\/span><\/p>\n<p style=\"text-align: justify;\"><span style=\"color: #000000;\">\u00a05. H\u00e1 suspeitas de que a depreda\u00e7\u00e3o possa ter sido liderada por comerciantes da regi\u00e3o, que cobram d\u00edvidas da Construtora Mendes Jr. Segundo os credores, os d\u00e9bitos s\u00e3o da ordem de R$ 24 milh\u00f5es. A empreiteira era a respons\u00e1vel pelas obras de implanta\u00e7\u00e3o do trecho 1N, mas foi obrigada a se afastar da obra ap\u00f3s ter sido considerada inid\u00f4nea pela CGU por estar envolvida nas investiga\u00e7\u00f5es da Opera\u00e7\u00e3o Lava Jato;<\/span><\/p>\n<p style=\"text-align: justify;\"><span style=\"color: #000000;\">6. O Minist\u00e9rio da Integra\u00e7\u00e3o Nacional destaca que n\u00e3o h\u00e1 passivos seus em rela\u00e7\u00e3o \u00e0 empresa Mendes Jr. Ao contr\u00e1rio: a empresa \u00e9 que tem d\u00edvidas pendentes com a Pasta, referentes a multas por readequa\u00e7\u00e3o de pre\u00e7os e a penalidades contratuais. Os valores totais das d\u00edvidas da Mendes Jr. com o Minist\u00e9rio da Integra\u00e7\u00e3o superam os R$ 200 milh\u00f5es;<\/span><\/p>\n<p style=\"text-align: justify;\"><span style=\"color: #000000;\">7. Os d\u00e9bitos da Mendes Jr. com os comerciantes da regi\u00e3o referem-se a uma rela\u00e7\u00e3o contratual entre empresas privadas. Pela legisla\u00e7\u00e3o em vigor, o Minist\u00e9rio da Integra\u00e7\u00e3o Nacional est\u00e1 impedido de saldar d\u00edvidas da construtora com seus fornecedores. Os pagamentos aos fornecedores e comerciantes da regi\u00e3o devem, assim, ser quitados pela empresa Mendes Jr., que foi a respons\u00e1vel pela contrata\u00e7\u00e3o dos servi\u00e7os e aquisi\u00e7\u00e3o dos materiais;<\/span><\/p>\n<p style=\"text-align: justify;\"><span style=\"color: #000000;\">8. Ainda assim, sempre na tentativa de buscar uma solu\u00e7\u00e3o para a quest\u00e3o e mediar um acordo entre as partes, a equipe do Minist\u00e9rio da Integra\u00e7\u00e3o manteve reuni\u00f5es tanto com a construtora como com os credores. Mas, at\u00e9 o momento, nenhum acordo foi fechado;<\/span><\/p>\n<p style=\"text-align: justify;\"><span style=\"color: #000000;\">9. Na quinta-feira (5), a Coordenadoria-Geral de Acompanhamento de Obras e Fiscaliza\u00e7\u00e3o do Projeto de Integra\u00e7\u00e3o do Rio S\u00e3o Francisco comunicou \u00e0 Secretaria de Infraestrutura H\u00eddrica do Minist\u00e9rio da Integra\u00e7\u00e3o Nacional a exist\u00eancia de amea\u00e7as de credores da Mendes Jr. a funcion\u00e1rios do Minist\u00e9rio e do cons\u00f3rcio construtor que toca conclus\u00e3o das obras;<\/span><\/p>\n<p style=\"text-align: justify;\"><span style=\"color: #000000;\">10. As amea\u00e7as verbais s\u00e3o frequentes e agressivas. Referem-se \u00e0 inten\u00e7\u00e3o de fechar o pr\u00e9dio onde funciona a Coordena\u00e7\u00e3o do Eixo Norte e a Gerenciadora, instalados em Salgueiro (PE); invadir e paralisar o canteiro da empreiteira Emsa, assim como das suas subcontratadas; fechar a BR 116 no trecho em frente aos escrit\u00f3rios da Coordena\u00e7\u00e3o; e depredar o canal e as obras em funcionamento. Existem \u00e1udios comprobat\u00f3rios de tais amea\u00e7as &#8211; ainda sem identifica\u00e7\u00e3o dos autores (ou\u00e7a aqui \u2013 \u00a0<span style=\"text-decoration: underline;\"><span style=\"color: #0000ff; text-decoration: underline;\"><a style=\"color: #0000ff; text-decoration: underline;\" href=\"file:\/\/\/D:\/Usersjacqueline.rochaDocuments2017_MINOTA%20DE%20ESCLARECIMENTOUrlBlockedError.aspx\" target=\"_blank\" rel=\"noreferrer\">\u00e1udio 1<\/a>;\u00a0<a style=\"color: #0000ff; text-decoration: underline;\" href=\"file:\/\/\/D:\/Usersjacqueline.rochaDocuments2017_MINOTA%20DE%20ESCLARECIMENTOUrlBlockedError.aspx\" target=\"_blank\" rel=\"noreferrer\">\u00e1udio 2<\/a>;\u00a0<a style=\"color: #0000ff; text-decoration: underline;\" href=\"file:\/\/\/D:\/Usersjacqueline.rochaDocuments2017_MINOTA%20DE%20ESCLARECIMENTOUrlBlockedError.aspx\" target=\"_blank\" rel=\"noreferrer\">\u00e1udio 3<\/a><\/span><\/span>).<\/span><\/p>\n<p style=\"text-align: justify;\"><span style=\"color: #000000;\">11. Devido aos danos nas mangueiras, foi verificado vazamento de \u00f3leo no Reservat\u00f3rio de Tucutu. Para garantir a seguran\u00e7a das pessoas e da estrutura, as equipes t\u00e9cnicas do Minist\u00e9rio optaram por fechar a comporta respons\u00e1vel pela passagem da \u00e1gua do Rio S\u00e3o Francisco para os canais subsequentes;<\/span><\/p>\n<p style=\"text-align: justify;\"><span style=\"color: #000000;\">12. No momento, o Minist\u00e9rio da Integra\u00e7\u00e3o analisa as medidas legais cab\u00edveis;<\/span><\/p>\n<p style=\"text-align: justify;\"><span style=\"color: #000000;\">\u00a013. A Pasta tamb\u00e9m est\u00e1 avaliando todos os preju\u00edzos causados para que as comportas sejam reabertas o mais r\u00e1pido poss\u00edvel.<\/span><\/p>\n<p style=\"text-align: justify;\">Fonte: Ascom\/Minist\u00e9rio da Integra\u00e7\u00e3o Nacional<\/p>\n","protected":false},"excerpt":{"rendered":"<p>Bras\u00edlia, Outubro, 2017 &#8211; O Minist\u00e9rio da Integra\u00e7\u00e3o Nacional vem a p\u00fablico prestar os seguintes esclarecimentos: 1. Na \u00faltima sexta-feira (6\/10), um grupo de pessoas invadiu e depredou instala\u00e7\u00f5es do canteiro das obras de constru\u00e7\u00e3o do Trecho 1N do Eixo Norte do Projeto de Integra\u00e7\u00e3o do Rio S\u00e3o Francisco. O incidente aconteceu no munic\u00edpio de [&hellip;]<\/p>\n","protected":false},"author":1,"featured_media":0,"comment_status":"open","ping_status":"open","sticky":false,"template":"","format":"standard","meta":{"_uag_custom_page_level_css":"","footnotes":""},"categories":[27],"tags":[678,2946,3380,5307,6296,6306,7460,7709,8382,9682,10740,12426],"class_list":["post-7886","post","type-post","status-publish","format-standard","hentry","category-acontece","tag-ameacas-de-credores-da-mendes-jr","tag-construtora-emsa-lider-do-consorcio-de-conclusao-das-obras-do-eixo-1n","tag-debitos-da-mendes-jr-com-os-comerciantes-da-regiao-nordeste","tag-furto-de-uma-bomba-da-comporta-do-reservatorio-tucutu","tag-invasao-e-depredacao-do-canteiro-de-obras-do-1n-eixo-norte","tag-investigacoes-da-operacao-lava-jato","tag-mendes-jr-construtora","tag-ministerio-da-integracao-nacional","tag-obras-hidricas","tag-projeto-de-integracao-do-rio-sao-francisco","tag-secretaria-de-infraestrutura-hidrica-do-ministerio-da-integracao-nacional","tag-violencia-e-ameaca"],"blocksy_meta":[],"spectra_blocks_featured_image_url":null,"spectra_blocks_author_info":{"display_name":"Jornal da Constru\u00e7\u00e3o Civil","avatar_url":"https:\/\/secure.gravatar.com\/avatar\/973c9774fd44ddaceb026973c4962faa70fc512bc4c9da68e8ebb40fecee6540?s=96&d=mm&r=g","author_link":"https:\/\/construcaocivil.siriusmarketingedesign.com.br\/?author=1","description":"Desde de 2013, levando muitas informa\u00e7\u00f5es, lan\u00e7amentos e produtos de qualidade para toda cadeia produtiva da constru\u00e7\u00e3o. O Futuro da constru\u00e7\u00e3o passa por aqui,"},"uagb_featured_image_src":{"full":false,"thumbnail":false,"medium":false,"medium_large":false,"large":false,"1536x1536":false,"2048x2048":false},"uagb_author_info":{"display_name":"Jornal da Constru\u00e7\u00e3o Civil","author_link":"https:\/\/construcaocivil.siriusmarketingedesign.com.br\/?author=1"},"uagb_comment_info":0,"uagb_excerpt":"Bras\u00edlia, Outubro, 2017 &#8211; O Minist\u00e9rio da Integra\u00e7\u00e3o Nacional vem a p\u00fablico prestar os seguintes esclarecimentos: 1. Na \u00faltima sexta-feira (6\/10), um grupo de pessoas invadiu e depredou instala\u00e7\u00f5es do canteiro das obras de constru\u00e7\u00e3o do Trecho 1N do Eixo Norte do Projeto de Integra\u00e7\u00e3o do Rio S\u00e3o Francisco. O incidente aconteceu no munic\u00edpio de&hellip;","_links":{"self":[{"href":"https:\/\/construcaocivil.siriusmarketingedesign.com.br\/index.php?rest_route=\/wp\/v2\/posts\/7886","targetHints":{"allow":["GET"]}}],"collection":[{"href":"https:\/\/construcaocivil.siriusmarketingedesign.com.br\/index.php?rest_route=\/wp\/v2\/posts"}],"about":[{"href":"https:\/\/construcaocivil.siriusmarketingedesign.com.br\/index.php?rest_route=\/wp\/v2\/types\/post"}],"author":[{"embeddable":true,"href":"https:\/\/construcaocivil.siriusmarketingedesign.com.br\/index.php?rest_route=\/wp\/v2\/users\/1"}],"replies":[{"embeddable":true,"href":"https:\/\/construcaocivil.siriusmarketingedesign.com.br\/index.php?rest_route=%2Fwp%2Fv2%2Fcomments&post=7886"}],"version-history":[{"count":0,"href":"https:\/\/construcaocivil.siriusmarketingedesign.com.br\/index.php?rest_route=\/wp\/v2\/posts\/7886\/revisions"}],"wp:attachment":[{"href":"https:\/\/construcaocivil.siriusmarketingedesign.com.br\/index.php?rest_route=%2Fwp%2Fv2%2Fmedia&parent=7886"}],"wp:term":[{"taxonomy":"category","embeddable":true,"href":"https:\/\/construcaocivil.siriusmarketingedesign.com.br\/index.php?rest_route=%2Fwp%2Fv2%2Fcategories&post=7886"},{"taxonomy":"post_tag","embeddable":true,"href":"https:\/\/construcaocivil.siriusmarketingedesign.com.br\/index.php?rest_route=%2Fwp%2Fv2%2Ftags&post=7886"}],"curies":[{"name":"wp","href":"https:\/\/api.w.org\/{rel}","templated":true}]}}