{"id":7904,"date":"2017-10-10T18:32:23","date_gmt":"2017-10-10T21:32:23","guid":{"rendered":"https:\/\/jornaldaconstrucaocivil.com.br\/?p=7904"},"modified":"2017-10-10T18:32:23","modified_gmt":"2017-10-10T21:32:23","slug":"industria-da-construcao-lanca-campanha-nacional-de-prevencao-de-acidentes","status":"publish","type":"post","link":"https:\/\/construcaocivil.siriusmarketingedesign.com.br\/?p=7904","title":{"rendered":"Ind\u00fastria da Constru\u00e7\u00e3o lan\u00e7a campanha nacional de preven\u00e7\u00e3o de acidentes"},"content":{"rendered":"<p style=\"text-align: justify;\"><em><strong><span style=\"color: #000000;\">Expectativa \u00e9 avan\u00e7ar na redu\u00e7\u00e3o de acidentes e fortalecer a sa\u00fade e seguran\u00e7a no setor<\/span><\/strong><\/em><\/p>\n<p style=\"text-align: justify;\"><a href=\"https:\/\/jornaldaconstrucaocivil.com.br\/wp-content\/uploads\/2017\/10\/CBIC.jpg\"><img loading=\"lazy\" decoding=\"async\" class=\"size-medium wp-image-7905 alignleft\" src=\"https:\/\/jornaldaconstrucaocivil.com.br\/wp-content\/uploads\/2017\/10\/CBIC-300x80.jpg\" alt=\"CBIC\" width=\"300\" height=\"80\" \/><\/a><\/p>\n<p style=\"text-align: justify;\"><span style=\"color: #000000;\"><span style=\"color: #993300;\">Outubro, 2017<\/span> &#8211; A C\u00e2mara Brasileira da Ind\u00fastria da Constru\u00e7\u00e3o (CBIC), lan\u00e7ou hoje (10\/10) em Bras\u00edlia, a Campanha Nacional de Preven\u00e7\u00e3o de Acidentes na Ind\u00fastria da Constru\u00e7\u00e3o, combinando esfor\u00e7os com os principais atores da Seguran\u00e7a e Sa\u00fade do Trabalho: o Sesi Nacional, os Servi\u00e7os Sociais da Ind\u00fastria da Constru\u00e7\u00e3o (Seconcis) e o Minist\u00e9rio do Trabalho (MTE). In\u00e9dita, essa a\u00e7\u00e3o conjunta marca o in\u00edcio de um novo ciclo na preven\u00e7\u00e3o ao acidente de trabalho, com vistas a induzir ainda maior redu\u00e7\u00e3o na incid\u00eancia de acidentes na ind\u00fastria da constru\u00e7\u00e3o e tornar o ambiente de trabalho cada vez mais produtivo e seguro.<span style=\"color: #333399;\"><em> &#8220;O trabalhador \u00e9 o nosso grande patrim\u00f4nio e temos de cuidar bem dele. Esse \u00e9 um assunto estrat\u00e9gico para o nosso setor j\u00e1 h\u00e1 muito tempo&#8221;,<\/em><\/span> pontuou Jos\u00e9 Carlos Martins, presidente da CBIC. O lan\u00e7amento da campanha ocorreu durante a abertura do III Encontro Nacional de Seguran\u00e7a e Sa\u00fade na Ind\u00fastria da Constru\u00e7\u00e3o, realizado pela CBIC em correaliza\u00e7\u00e3o com o SESI Nacional \u2013 o painel inaugural discutiu as mudan\u00e7as geradas pela reforma trabalhista e sinalizou que empres\u00e1rios do setor e integrantes dos poderes Executivo, Judici\u00e1rio e Legislativo convergem na expectativa de que as novas regras sejam cumpridas.\u00a0<span style=\"color: #333399;\"><em> &#8220;N\u00e3o tenho d\u00favida de que a reforma entra em vigor dia 11 de novembro. N\u00f3s iremos ao STF, no momento oportuno, buscar a declara\u00e7\u00e3o de constitucionalidade&#8221;<\/em><\/span>, avisou o deputado Rog\u00e9rio Marinho (PSDB-RN), relator da reforma trabalhista na C\u00e2mara dos Deputados.<\/span><\/p>\n<p style=\"text-align: justify;\"><span style=\"color: #000000;\">Desencadeada na capital federal, a<span style=\"color: #0000ff;\"> Campanha Nacional de Preven\u00e7\u00e3o de Acidentes na Ind\u00fastria da Constru\u00e7\u00e3o (CANPAT 2017\/2018)<\/span> ser\u00e1 disseminada por todo o pa\u00eds. Para isso, a CBIC far\u00e1 eventos regionais de mobiliza\u00e7\u00e3o, para avan\u00e7ar na conscientiza\u00e7\u00e3o de empres\u00e1rios e estimular o di\u00e1logo com integrantes do poder p\u00fablico. At\u00e9 mar\u00e7o de 2018 j\u00e1 est\u00e3o confirmados semin\u00e1rios com a participa\u00e7\u00e3o do SECONCI e do Minist\u00e9rio do Trabalho: Ribeir\u00e3o Preto (SP); Fortaleza (CE); Bel\u00e9m (PA) e Goi\u00e2nia (GO). <span style=\"color: #333399;\"><em>&#8220;\u00c9 not\u00f3rio o avan\u00e7o que temos feito no setor. Os empres\u00e1rios formais j\u00e1 adquiriram a compreens\u00e3o de que o bem-estar do funcion\u00e1rio \u00e9 fundamental para a produtividade&#8221;,<\/em><\/span> diz Fernando Guedes, presidente da Comiss\u00e3o de Pol\u00edtica de Rela\u00e7\u00f5es Trabalhistas (CPRT) da CBIC. <em><span style=\"color: #333399;\">&#8220;Vamos avan\u00e7ar no objetivo de conscientizar o trabalhador e o empregador&#8221;,<\/span><\/em> acrescentou. Com essa campanha, a CBIC quer manter o incentivo e fomentar o enraizamento de uma cultura de preven\u00e7\u00e3o nas empresas da ind\u00fastria da constru\u00e7\u00e3o.<\/span><br \/>\n<img loading=\"lazy\" decoding=\"async\" class=\"alignleft\" src=\"https:\/\/gallery.mailchimp.com\/0a0e557e1f19bd31aef34f334\/images\/7f58f78b-20cc-4f4b-a32a-70a4c52c5657.jpg\" width=\"451\" height=\"121\" \/><\/p>\n<p style=\"text-align: justify;\"><span style=\"color: #000000;\">Indicadores oficiais do Minist\u00e9rio da Previd\u00eancia, com dados de 2015, apontam que a incid\u00eancia de acidentes de trabalho caiu cerca de 20% nos \u00faltimos anos (veja o quadro abaixo). Ainda assim, o Brasil ainda registra n\u00famero significativo de incidentes. <span style=\"color: #ff0000;\">&#8220;O Brasil \u00e9 campe\u00e3o em acidentes de trabalho&#8221;<\/span>, afirmou Maria Teresa Pacheco Jensen, Secret\u00e1ria de Inspe\u00e7\u00e3o do Trabalho (SIT) do Minist\u00e9rio do Trabalho. Ela destacou a import\u00e2ncia de uma a\u00e7\u00e3o articulada entre os diversos entes para potencializar os resultados. <span style=\"color: #333399;\"><em>&#8220;N\u00e3o vamos fazer preven\u00e7\u00e3o entre quatro paredes. Pessoas bem intencionadas e articuladas podem mudar o mundo&#8221;<\/em><\/span>, frisou.<\/span><\/p>\n<p style=\"text-align: justify;\"><span style=\"color: #000000;\">&#8220;\u00c9 preciso ter empresas como atores principais na gest\u00e3o da SST&#8221;, defendeu Rafael Lucchesi, diretor-presidente do SESI Nacional. Segundo ele, a entidade est\u00e1 criando oito centros de inova\u00e7\u00e3o nesse campo, tendo como premissa que os recursos aplicados na seguran\u00e7a e sa\u00fade do trabalhador retornam ao empreendedor como produtividade e lucro. <em><span style=\"color: #000080;\">&#8220;Precisamos modernizar o marco regulat\u00f3rio e melhorar o ambiente&#8221;<\/span><\/em>, frisou.<\/span><\/p>\n<p style=\"text-align: justify;\"><span style=\"color: #000000;\">O combate ao acidente de trabalho \u00e9 tema estrat\u00e9gico na agenda da ind\u00fastria da constru\u00e7\u00e3o. Nesse campo, a CBIC tem buscado solu\u00e7\u00f5es para a preven\u00e7\u00e3o de acidentes e a cria\u00e7\u00e3o de ambientes cada vez mais seguros e saud\u00e1veis para o trabalhador. Com esse objetivo foram criados os Servi\u00e7os Sociais da Constru\u00e7\u00e3o (Seconcis) em diversas unidades da Federa\u00e7\u00e3o, que realizam mais de 2 milh\u00f5es de atendimentos preventivos \u00e0 seguran\u00e7a e sa\u00fade do trabalhador por ano. <em><span style=\"color: #333399;\">&#8220;N\u00f3s come\u00e7amos como uma assist\u00eancia m\u00b4dica e evolu\u00edmos para preven\u00e7\u00e3o de acidente&#8221;<\/span><\/em>, comentou Ant\u00f4nio Carlos Salgueiro de Ara\u00fajo, presidente do Seconci Brasil. Segundo ele, o trabalhador \u00e9 o principal ativo do setor e a a\u00e7\u00e3o conjunta produzir\u00e1 maiores avan\u00e7os.<\/span><\/p>\n<p style=\"text-align: justify;\">Fonte: Imprensa\/CBIC<\/p>\n<p style=\"text-align: justify;\">\n","protected":false},"excerpt":{"rendered":"<p>Expectativa \u00e9 avan\u00e7ar na redu\u00e7\u00e3o de acidentes e fortalecer a sa\u00fade e seguran\u00e7a no setor Outubro, 2017 &#8211; A C\u00e2mara Brasileira da Ind\u00fastria da Constru\u00e7\u00e3o (CBIC), lan\u00e7ou hoje (10\/10) em Bras\u00edlia, a Campanha Nacional de Preven\u00e7\u00e3o de Acidentes na Ind\u00fastria da Constru\u00e7\u00e3o, combinando esfor\u00e7os com os principais atores da Seguran\u00e7a e Sa\u00fade do Trabalho: o [&hellip;]<\/p>\n","protected":false},"author":1,"featured_media":7905,"comment_status":"open","ping_status":"open","sticky":false,"template":"","format":"standard","meta":{"_uag_custom_page_level_css":"","footnotes":""},"categories":[27],"tags":[206,396,1574,1756,2029,2492,7720,10010,10958],"class_list":["post-7904","post","type-post","status-publish","format-standard","has-post-thumbnail","hentry","category-acontece","tag-50-mil-trabalhadores-acidentados","tag-acidentes-na-construcao-civil","tag-brasilia-df","tag-campanha-nacional-de-prevencao-de-acidentes-na-industria-da-construcao-canpat-20172018","tag-cbic","tag-comissao-de-politica-de-relacoes-trabalhistas-cprt","tag-ministerio-do-trabalho","tag-reducao-de-acidentes-e-fortalecer-a-saude-e-seguranca-no-setor","tag-servicos-sociais-da-construcao-seconcis"],"blocksy_meta":[],"spectra_blocks_featured_image_url":[],"spectra_blocks_author_info":{"display_name":"Jornal da Constru\u00e7\u00e3o Civil","avatar_url":"https:\/\/secure.gravatar.com\/avatar\/973c9774fd44ddaceb026973c4962faa70fc512bc4c9da68e8ebb40fecee6540?s=96&d=mm&r=g","author_link":"https:\/\/construcaocivil.siriusmarketingedesign.com.br\/?author=1","description":"Desde de 2013, levando muitas informa\u00e7\u00f5es, lan\u00e7amentos e produtos de qualidade para toda cadeia produtiva da constru\u00e7\u00e3o. O Futuro da constru\u00e7\u00e3o passa por aqui,"},"uagb_featured_image_src":{"full":false,"thumbnail":false,"medium":false,"medium_large":false,"large":false,"1536x1536":false,"2048x2048":false},"uagb_author_info":{"display_name":"Jornal da Constru\u00e7\u00e3o Civil","author_link":"https:\/\/construcaocivil.siriusmarketingedesign.com.br\/?author=1"},"uagb_comment_info":0,"uagb_excerpt":"Expectativa \u00e9 avan\u00e7ar na redu\u00e7\u00e3o de acidentes e fortalecer a sa\u00fade e seguran\u00e7a no setor Outubro, 2017 &#8211; A C\u00e2mara Brasileira da Ind\u00fastria da Constru\u00e7\u00e3o (CBIC), lan\u00e7ou hoje (10\/10) em Bras\u00edlia, a Campanha Nacional de Preven\u00e7\u00e3o de Acidentes na Ind\u00fastria da Constru\u00e7\u00e3o, combinando esfor\u00e7os com os principais atores da Seguran\u00e7a e Sa\u00fade do Trabalho: o&hellip;","_links":{"self":[{"href":"https:\/\/construcaocivil.siriusmarketingedesign.com.br\/index.php?rest_route=\/wp\/v2\/posts\/7904","targetHints":{"allow":["GET"]}}],"collection":[{"href":"https:\/\/construcaocivil.siriusmarketingedesign.com.br\/index.php?rest_route=\/wp\/v2\/posts"}],"about":[{"href":"https:\/\/construcaocivil.siriusmarketingedesign.com.br\/index.php?rest_route=\/wp\/v2\/types\/post"}],"author":[{"embeddable":true,"href":"https:\/\/construcaocivil.siriusmarketingedesign.com.br\/index.php?rest_route=\/wp\/v2\/users\/1"}],"replies":[{"embeddable":true,"href":"https:\/\/construcaocivil.siriusmarketingedesign.com.br\/index.php?rest_route=%2Fwp%2Fv2%2Fcomments&post=7904"}],"version-history":[{"count":0,"href":"https:\/\/construcaocivil.siriusmarketingedesign.com.br\/index.php?rest_route=\/wp\/v2\/posts\/7904\/revisions"}],"wp:attachment":[{"href":"https:\/\/construcaocivil.siriusmarketingedesign.com.br\/index.php?rest_route=%2Fwp%2Fv2%2Fmedia&parent=7904"}],"wp:term":[{"taxonomy":"category","embeddable":true,"href":"https:\/\/construcaocivil.siriusmarketingedesign.com.br\/index.php?rest_route=%2Fwp%2Fv2%2Fcategories&post=7904"},{"taxonomy":"post_tag","embeddable":true,"href":"https:\/\/construcaocivil.siriusmarketingedesign.com.br\/index.php?rest_route=%2Fwp%2Fv2%2Ftags&post=7904"}],"curies":[{"name":"wp","href":"https:\/\/api.w.org\/{rel}","templated":true}]}}