{"id":7907,"date":"2017-10-10T20:23:40","date_gmt":"2017-10-10T23:23:40","guid":{"rendered":"https:\/\/jornaldaconstrucaocivil.com.br\/?p=7907"},"modified":"2017-10-10T20:23:40","modified_gmt":"2017-10-10T23:23:40","slug":"dicas-de-casa-proteja-sua-casa-do-verao","status":"publish","type":"post","link":"https:\/\/construcaocivil.siriusmarketingedesign.com.br\/?p=7907","title":{"rendered":"Dicas de casa: Proteja sua casa do ver\u00e3o!"},"content":{"rendered":"<p><em><strong>Linha StoCoat Acryl Plus, da <span style=\"text-decoration: underline;\"><span style=\"color: #0000ff;\"><a style=\"color: #0000ff; text-decoration: underline;\" href=\"http:\/\/www.imcgrupo.com\/link.php?code=bDpodHRwJTNBJTJGJTJGc3RvYnJhc2lsLmNvbS5iciUyRjozNDg5MDE3NjU0OndlYm9icmFzQGdtYWlsLmNvbToxYTE3MTkzY2VmZDIxN2ExNTUxNGFmMjc0NTA1ZmU2NmYw\" target=\"_blank\" data-saferedirecturl=\"https:\/\/www.google.com\/url?hl=pt-PT&amp;q=http:\/\/www.imcgrupo.com\/link.php?code%3DbDpodHRwJTNBJTJGJTJGc3RvYnJhc2lsLmNvbS5iciUyRjozNDg5MDE3NjU0OndlYm9icmFzQGdtYWlsLmNvbToxYTE3MTkzY2VmZDIxN2ExNTUxNGFmMjc0NTA1ZmU2NmYw&amp;source=gmail&amp;ust=1507756005899000&amp;usg=AFQjCNHz3Wxn134h0W_uRaePd9aJzw8kag\">Sto<\/a><\/span><\/span>\u00a0<span style=\"color: #0000ff;\">Brasil,<\/span> est\u00e1 dispon\u00edvel em mais de 800 cores!<\/strong><\/em><\/p>\n<p style=\"text-align: justify;\"><span style=\"color: #000000;\"><span style=\"color: #993300;\">Outubro, 2017<\/span> &#8211; A manuten\u00e7\u00e3o da fachada \u00e9 uma grande preocupa\u00e7\u00e3o de quem opta por fazer o acabamento com pintura. Em fun\u00e7\u00e3o da a\u00e7\u00e3o do tempo e da polui\u00e7\u00e3o \u00e9 comum surgirem fissuras e manchas escuras, prejudicando o resultado est\u00e9tico deste importante cart\u00e3o de visitas. Sobretudo em cidades litor\u00e2neas, t\u00e3o populosas em toda a costa brasileira, a a\u00e7\u00e3o da maresia torna este problema ainda mais relevante.<\/span><\/p>\n<p style=\"text-align: justify;\">\n<figure id=\"attachment_7917\" aria-describedby=\"caption-attachment-7917\" style=\"width: 300px\" class=\"wp-caption alignleft\"><a href=\"https:\/\/jornaldaconstrucaocivil.com.br\/wp-content\/uploads\/2017\/10\/CASA-VERAO-II.jpg\"><img loading=\"lazy\" decoding=\"async\" class=\"wp-image-7917 size-medium\" src=\"https:\/\/jornaldaconstrucaocivil.com.br\/wp-content\/uploads\/2017\/10\/CASA-VERAO-II-300x220.jpg\" alt=\"CASA VERAO II\" width=\"300\" height=\"220\" \/><\/a><figcaption id=\"caption-attachment-7917\" class=\"wp-caption-text\">Divulga\u00e7\u00e3o<\/figcaption><\/figure>\n<p style=\"text-align: justify;\"><span style=\"color: #000000;\">Mas agora o mercado brasileiro conta com a tecnologia desenvolvida pela\u00a0\u00a0<span style=\"text-decoration: underline;\"><span style=\"color: #0000ff; text-decoration: underline;\"><a style=\"color: #0000ff; text-decoration: underline;\" href=\"http:\/\/www.imcgrupo.com\/link.php?code=bDpodHRwJTNBJTJGJTJGc3RvYnJhc2lsLmNvbS5iciUyRjozNDg5MDE3NjU0OndlYm9icmFzQGdtYWlsLmNvbToxYTE3MTkzY2VmZDIxN2ExNTUxNGFmMjc0NTA1ZmU2NmYw\" target=\"_blank\" data-saferedirecturl=\"https:\/\/www.google.com\/url?hl=pt-PT&amp;q=http:\/\/www.imcgrupo.com\/link.php?code%3DbDpodHRwJTNBJTJGJTJGc3RvYnJhc2lsLmNvbS5iciUyRjozNDg5MDE3NjU0OndlYm9icmFzQGdtYWlsLmNvbToxYTE3MTkzY2VmZDIxN2ExNTUxNGFmMjc0NTA1ZmU2NmYw&amp;source=gmail&amp;ust=1507756005899000&amp;usg=AFQjCNHz3Wxn134h0W_uRaePd9aJzw8kag\"><strong><em>Sto<\/em><\/strong><\/a><\/span><\/span><strong><em><span style=\"text-decoration: underline;\"><span style=\"color: #0000ff; text-decoration: underline;\">\u00a0<\/span><\/span>Brasil<\/em><\/strong>\u00a0 \u2013 l\u00edder em sistemas de revestimentos com isolamento t\u00e9rmico (EIFS) para fachadas, paredes e acabamentos &#8211; a linha <span style=\"text-decoration: underline;\"><span style=\"color: #0000ff; text-decoration: underline;\"><a style=\"color: #0000ff; text-decoration: underline;\" href=\"http:\/\/www.imcgrupo.com\/link.php?code=bDpodHRwJTNBJTJGJTJGc3RvYnJhc2lsLmNvbS5iciUyRnByb2R1dG9zJTJGdGludGFzJTJGc3RvY29hdC1hY3J5bC1wbHVzLTgwNjQ4JTJGOjM0ODkwMTc2NTQ6d2Vib2JyYXNAZ21haWwuY29tOmZmNzNkM2ZlNWYwZjZjYjY3MmE0NTVkMWRkOTc2NTlhMmY=\" target=\"_blank\" data-saferedirecturl=\"https:\/\/www.google.com\/url?hl=pt-PT&amp;q=http:\/\/www.imcgrupo.com\/link.php?code%3DbDpodHRwJTNBJTJGJTJGc3RvYnJhc2lsLmNvbS5iciUyRnByb2R1dG9zJTJGdGludGFzJTJGc3RvY29hdC1hY3J5bC1wbHVzLTgwNjQ4JTJGOjM0ODkwMTc2NTQ6d2Vib2JyYXNAZ21haWwuY29tOmZmNzNkM2ZlNWYwZjZjYjY3MmE0NTVkMWRkOTc2NTlhMmY%3D&amp;source=gmail&amp;ust=1507756005899000&amp;usg=AFQjCNEI4j52lsigxFaCN2extNI-dY80mA\"><em>StoCoat Acryl Plus<\/em><\/a><\/span><\/span>, uma tinta super premium de alto rendimento e cobertura, que protege a superf\u00edcie contra a a\u00e7\u00e3o do tempo, dos sais (maresia) e dos poluentes. Al\u00e9m disso, por se tratar de um revestimento elastom\u00e9rico, a\u00a0<span style=\"text-decoration: underline;\"><span style=\"color: #0000ff; text-decoration: underline;\"><a style=\"color: #0000ff; text-decoration: underline;\" href=\"http:\/\/www.imcgrupo.com\/link.php?code=bDpodHRwJTNBJTJGJTJGc3RvYnJhc2lsLmNvbS5iciUyRnByb2R1dG9zJTJGdGludGFzJTJGc3RvY29hdC1hY3J5bC1wbHVzLTgwNjQ4JTJGOjM0ODkwMTc2NTQ6d2Vib2JyYXNAZ21haWwuY29tOmZmNzNkM2ZlNWYwZjZjYjY3MmE0NTVkMWRkOTc2NTlhMmY=\" target=\"_blank\" data-saferedirecturl=\"https:\/\/www.google.com\/url?hl=pt-PT&amp;q=http:\/\/www.imcgrupo.com\/link.php?code%3DbDpodHRwJTNBJTJGJTJGc3RvYnJhc2lsLmNvbS5iciUyRnByb2R1dG9zJTJGdGludGFzJTJGc3RvY29hdC1hY3J5bC1wbHVzLTgwNjQ4JTJGOjM0ODkwMTc2NTQ6d2Vib2JyYXNAZ21haWwuY29tOmZmNzNkM2ZlNWYwZjZjYjY3MmE0NTVkMWRkOTc2NTlhMmY%3D&amp;source=gmail&amp;ust=1507756005899000&amp;usg=AFQjCNEI4j52lsigxFaCN2extNI-dY80mA\"><em>StoCoat Acryl Plus<\/em><\/a> <\/span><\/span>\u00e9 capaz de resistir a fissuras de at\u00e9 2 mm.<\/span><\/p>\n<p style=\"text-align: justify;\"><span style=\"color: #000000;\">E para ampliar as possibilidades de criatividade na escolha das cores, a <span style=\"text-decoration: underline;\"><span style=\"color: #0000ff; text-decoration: underline;\"><strong style=\"color: #0000ff; text-decoration: underline;\"><em><a style=\"color: #0000ff; text-decoration: underline;\" href=\"http:\/\/www.imcgrupo.com\/link.php?code=bDpodHRwJTNBJTJGJTJGc3RvYnJhc2lsLmNvbS5iciUyRjozNDg5MDE3NjU0OndlYm9icmFzQGdtYWlsLmNvbToxYTE3MTkzY2VmZDIxN2ExNTUxNGFmMjc0NTA1ZmU2NmYw\" target=\"_blank\" data-saferedirecturl=\"https:\/\/www.google.com\/url?hl=pt-PT&amp;q=http:\/\/www.imcgrupo.com\/link.php?code%3DbDpodHRwJTNBJTJGJTJGc3RvYnJhc2lsLmNvbS5iciUyRjozNDg5MDE3NjU0OndlYm9icmFzQGdtYWlsLmNvbToxYTE3MTkzY2VmZDIxN2ExNTUxNGFmMjc0NTA1ZmU2NmYw&amp;source=gmail&amp;ust=1507756005899000&amp;usg=AFQjCNHz3Wxn134h0W_uRaePd9aJzw8kag\">Sto<\/a>\u00a0<\/em><\/strong><\/span><\/span><strong>Brasil<\/strong> disponibiliza mais de 800 cores em tons neutros e intensos, para aplica\u00e7\u00e3o em \u00e1reas internas, externas e fachadas, garantindo beleza e qualidade por muitos anos. Com apenas uma dem\u00e3o j\u00e1 \u00e9 poss\u00edvel obter um excelente resultado.<\/span><\/p>\n<p style=\"text-align: justify;\"><span style=\"color: #993300;\">Descubra 9 motivos para escolher uma tinta Super Premium:<\/span><\/p>\n<p style=\"text-align: justify;\"><span style=\"color: #000000;\">1. <strong><span style=\"color: #0000ff;\">Base acr\u00edlica:<\/span><\/strong> possui ader\u00eancia excelente ader\u00eancia, promove a estabilidade da cor e brilho acetinado.<\/span><\/p>\n<p style=\"text-align: justify;\"><span style=\"color: #000000;\">2. <span style=\"color: #0000ff;\"><strong>Resistente ao clima e \u00e0 polui\u00e7\u00e3o:<\/strong> <\/span>repele \u00e1gua e prolonga a vida \u00fatil do substrato.<\/span><\/p>\n<p style=\"text-align: justify;\"><span style=\"color: #000000;\">3. <strong><span style=\"color: #0000ff;\">Tela de \u00edons cloreto:<\/span><\/strong> protege o a\u00e7o de refor\u00e7o embutido contra corros\u00e3o.<\/span><\/p>\n<p style=\"text-align: justify;\"><span style=\"color: #000000;\">4. <strong><span style=\"color: #0000ff;\">Resist\u00eancia ao di\u00f3xido de carbono:<\/span><\/strong> reduz consideravelmente a difus\u00e3o de CO2 no concreto e protege o a\u00e7o de refor\u00e7o embutido contra corros\u00e3o.<\/span><\/p>\n<p style=\"text-align: justify;\"><span style=\"color: #000000;\">5. <span style=\"color: #0000ff;\"><strong>N\u00e3o ret\u00e9m vapor:<\/strong><\/span> permite que o substrato respire naturalmente. \u00c9 resistente \u00e0s bolhas causadas por ar preso.<\/span><\/p>\n<p style=\"text-align: justify;\"><span style=\"color: #000000;\">6. <strong><span style=\"color: #0000ff;\">Mais de 800 cores:<\/span><\/strong> op\u00e7\u00f5es de design e facilidade para encontrar cores iguais.<\/span><\/p>\n<p style=\"text-align: justify;\"><span style=\"color: #000000;\">7. <strong><span style=\"color: #0000ff;\">F\u00e1cil aplica\u00e7\u00e3o:<\/span><\/strong> aumenta a produtividade do local de trabalho.<\/span><\/p>\n<p style=\"text-align: justify;\"><span style=\"color: #000000;\">8. <strong><span style=\"color: #0000ff;\">Limpa com \u00e1gua:<\/span><\/strong> as ferramentas podem ser reutilizadas. N\u00e3o \u00e9 necess\u00e1rio usar solventes perigosos. N\u00e3o prejudica o meio ambiente.<\/span><\/p>\n<p style=\"text-align: justify;\"><span style=\"color: #000000;\">9. <span style=\"color: #0000ff;\"><strong>Baixo n\u00edvel de Compostos Org\u00e2nicos Vol\u00e1teis (COV):<\/strong><\/span> seguro para trabalhadores e para o meio ambiente.<\/span><\/p>\n<p style=\"text-align: justify;\">Para mais informa\u00e7\u00f5es, acesse:\u00a0<span style=\"text-decoration: underline;\"><span style=\"color: #0000ff;\"><a style=\"color: #0000ff; text-decoration: underline;\" href=\"http:\/\/www.imcgrupo.com\/link.php?code=bDpodHRwJTNBJTJGJTJGc3RvYnJhc2lsLmNvbS5iciUyRnByb2R1dG9zJTJGdGludGFzJTJGc3RvY29hdC1hY3J5bC1wbHVzLTgwNjQ4JTJGOjM0ODkwMTc2NTQ6d2Vib2JyYXNAZ21haWwuY29tOmZmNzNkM2ZlNWYwZjZjYjY3MmE0NTVkMWRkOTc2NTlhMmY=\" target=\"_blank\" data-saferedirecturl=\"https:\/\/www.google.com\/url?hl=pt-PT&amp;q=http:\/\/www.imcgrupo.com\/link.php?code%3DbDpodHRwJTNBJTJGJTJGc3RvYnJhc2lsLmNvbS5iciUyRnByb2R1dG9zJTJGdGludGFzJTJGc3RvY29hdC1hY3J5bC1wbHVzLTgwNjQ4JTJGOjM0ODkwMTc2NTQ6d2Vib2JyYXNAZ21haWwuY29tOmZmNzNkM2ZlNWYwZjZjYjY3MmE0NTVkMWRkOTc2NTlhMmY%3D&amp;source=gmail&amp;ust=1507756005899000&amp;usg=AFQjCNEI4j52lsigxFaCN2extNI-dY80mA\">http:\/\/stobrasil.com.br\/<wbr \/>produtos\/tintas\/stocoat-acryl-<wbr \/>plus-80648\/<\/a><\/span><\/span><\/p>\n","protected":false},"excerpt":{"rendered":"<p>Linha StoCoat Acryl Plus, da Sto\u00a0Brasil, est\u00e1 dispon\u00edvel em mais de 800 cores! Outubro, 2017 &#8211; A manuten\u00e7\u00e3o da fachada \u00e9 uma grande preocupa\u00e7\u00e3o de quem opta por fazer o acabamento com pintura. Em fun\u00e7\u00e3o da a\u00e7\u00e3o do tempo e da polui\u00e7\u00e3o \u00e9 comum surgirem fissuras e manchas escuras, prejudicando o resultado est\u00e9tico deste importante [&hellip;]<\/p>\n","protected":false},"author":1,"featured_media":7917,"comment_status":"open","ping_status":"open","sticky":false,"template":"","format":"standard","meta":{"_uag_custom_page_level_css":"","footnotes":""},"categories":[28],"tags":[351,2826,3642,4818,7177,8660,9422,11769,11775,11776,11787],"class_list":["post-7907","post","type-post","status-publish","format-standard","has-post-thumbnail","hentry","category-arquitetura","tag-acabamento-com-pintura","tag-construcao-civil","tag-dicas-de-casa","tag-fachadas","tag-manutencao-da-fachada","tag-paredes-e-acabamentos","tag-problema-com-maresia-casas-de-praia","tag-tinta-super-premium","tag-tintas-especiais","tag-tintas-especiais-contr-maresias","tag-tintas-para-casas-e-apartamentos"],"blocksy_meta":[],"spectra_blocks_featured_image_url":[],"spectra_blocks_author_info":{"display_name":"Jornal da Constru\u00e7\u00e3o Civil","avatar_url":"https:\/\/secure.gravatar.com\/avatar\/973c9774fd44ddaceb026973c4962faa70fc512bc4c9da68e8ebb40fecee6540?s=96&d=mm&r=g","author_link":"https:\/\/construcaocivil.siriusmarketingedesign.com.br\/?author=1","description":"Desde de 2013, levando muitas informa\u00e7\u00f5es, lan\u00e7amentos e produtos de qualidade para toda cadeia produtiva da constru\u00e7\u00e3o. O Futuro da constru\u00e7\u00e3o passa por aqui,"},"uagb_featured_image_src":{"full":false,"thumbnail":false,"medium":false,"medium_large":false,"large":false,"1536x1536":false,"2048x2048":false},"uagb_author_info":{"display_name":"Jornal da Constru\u00e7\u00e3o Civil","author_link":"https:\/\/construcaocivil.siriusmarketingedesign.com.br\/?author=1"},"uagb_comment_info":0,"uagb_excerpt":"Linha StoCoat Acryl Plus, da Sto\u00a0Brasil, est\u00e1 dispon\u00edvel em mais de 800 cores! Outubro, 2017 &#8211; A manuten\u00e7\u00e3o da fachada \u00e9 uma grande preocupa\u00e7\u00e3o de quem opta por fazer o acabamento com pintura. Em fun\u00e7\u00e3o da a\u00e7\u00e3o do tempo e da polui\u00e7\u00e3o \u00e9 comum surgirem fissuras e manchas escuras, prejudicando o resultado est\u00e9tico deste importante&hellip;","_links":{"self":[{"href":"https:\/\/construcaocivil.siriusmarketingedesign.com.br\/index.php?rest_route=\/wp\/v2\/posts\/7907","targetHints":{"allow":["GET"]}}],"collection":[{"href":"https:\/\/construcaocivil.siriusmarketingedesign.com.br\/index.php?rest_route=\/wp\/v2\/posts"}],"about":[{"href":"https:\/\/construcaocivil.siriusmarketingedesign.com.br\/index.php?rest_route=\/wp\/v2\/types\/post"}],"author":[{"embeddable":true,"href":"https:\/\/construcaocivil.siriusmarketingedesign.com.br\/index.php?rest_route=\/wp\/v2\/users\/1"}],"replies":[{"embeddable":true,"href":"https:\/\/construcaocivil.siriusmarketingedesign.com.br\/index.php?rest_route=%2Fwp%2Fv2%2Fcomments&post=7907"}],"version-history":[{"count":0,"href":"https:\/\/construcaocivil.siriusmarketingedesign.com.br\/index.php?rest_route=\/wp\/v2\/posts\/7907\/revisions"}],"wp:attachment":[{"href":"https:\/\/construcaocivil.siriusmarketingedesign.com.br\/index.php?rest_route=%2Fwp%2Fv2%2Fmedia&parent=7907"}],"wp:term":[{"taxonomy":"category","embeddable":true,"href":"https:\/\/construcaocivil.siriusmarketingedesign.com.br\/index.php?rest_route=%2Fwp%2Fv2%2Fcategories&post=7907"},{"taxonomy":"post_tag","embeddable":true,"href":"https:\/\/construcaocivil.siriusmarketingedesign.com.br\/index.php?rest_route=%2Fwp%2Fv2%2Ftags&post=7907"}],"curies":[{"name":"wp","href":"https:\/\/api.w.org\/{rel}","templated":true}]}}