{"id":7919,"date":"2017-10-10T20:48:37","date_gmt":"2017-10-10T23:48:37","guid":{"rendered":"https:\/\/jornaldaconstrucaocivil.com.br\/?p=7919"},"modified":"2017-10-10T20:48:37","modified_gmt":"2017-10-10T23:48:37","slug":"moradores-protestam-no-aeroporto-do-galeao-rj-contra-remocoes-promovidas-pela-aeronautica-para-beneficiar-rede-privada-dor","status":"publish","type":"post","link":"https:\/\/construcaocivil.siriusmarketingedesign.com.br\/?p=7919","title":{"rendered":"Moradores protestam no aeroporto do Gale\u00e3o-RJ contra remo\u00e7\u00f5es promovidas pela Aeron\u00e1utica para beneficiar rede privada D\u00b4OR"},"content":{"rendered":"<p style=\"text-align: center;\"><span style=\"color: #000000;\"><strong>S.O.S MARACAJ\u00c1S\u00a0<\/strong><\/span><\/p>\n<p><span style=\"color: #993300;\">Rio, Outubro, 2017<\/span> &#8211; <span style=\"color: #000000;\">Participe do Ato P\u00fablico S.O.S MARACAJ\u00c1S contra as remo\u00e7\u00f5es nesta 4a. feira, dia 11\/10, a partir de 6h da manh\u00e3 com concentra\u00e7\u00e3o na Estrada Maracaj\u00e1, 514, Gale\u00e3o, partindo em seguida na dire\u00e7\u00e3o ao Aeroporto Internacional do Gale\u00e3o, Ilha do Governador.<\/span><\/p>\n<p style=\"text-align: justify;\"><span style=\"color: #000000;\">S\u00e3o 70 anos de desapropria\u00e7\u00f5es indevidas, descabidas e arbitrarias, por parte do GOVERNO FEDERAL e PREFEITURA DA AERON\u00c1UTICA DO GALE\u00c3O.<\/span><\/p>\n<figure id=\"attachment_7920\" aria-describedby=\"caption-attachment-7920\" style=\"width: 300px\" class=\"wp-caption alignleft\"><a href=\"https:\/\/jornaldaconstrucaocivil.com.br\/wp-content\/uploads\/2017\/10\/PROTESTO.jpg\"><img loading=\"lazy\" decoding=\"async\" class=\"wp-image-7920 size-medium\" src=\"https:\/\/jornaldaconstrucaocivil.com.br\/wp-content\/uploads\/2017\/10\/PROTESTO-300x180.jpg\" width=\"300\" height=\"180\" \/><\/a><figcaption id=\"caption-attachment-7920\" class=\"wp-caption-text\">S.O.S MARACAJ\u00c1S. Moradores lutam contra remo\u00e7\u00f5es promovida pela Aerona\u00fatica. Divulga\u00e7\u00e3o<\/figcaption><\/figure>\n<p style=\"text-align: justify;\"><span style=\"color: #000000;\">Iniciou-se com EMPRESAS E FAZENDAS na d\u00e9cada de 1930 &amp; 1940, para constru\u00e7\u00e3o das instala\u00e7\u00f5es do AEROPORTO INTERNACIONAL DO GALE\u00c3O. E nas d\u00e9cadas posteriores at\u00e9 a presente data, s\u00edtios e casas de moradores cujas suas fam\u00edlias datam da \u00e9poca de Dom Pedro I. Para a constru\u00e7\u00e3o de apartamentos para militares da AERONA\u00daTICA, foram desapropriadas fam\u00edlias que n\u00e3o receberam indeniza\u00e7\u00f5es at\u00e9 hoje. Na RADIO SONDA fam\u00edlias est\u00e3o sendo removidas a for\u00e7a sem direito a defesa e indeniza\u00e7\u00f5es. Na Estrada Maracajas fam\u00edlias est\u00e3o sendo expulsas de suas casas pela especula\u00e7\u00e3o imobili\u00e1ria e arrendamento do terreno para iniciativa privada construir um Hospital da REDE D\u00d3R, tudo patrocinado pela UNI\u00c3O (AERON\u00c1UTICA).<\/span><\/p>\n<p style=\"text-align: justify;\"><span style=\"color: #000000;\">O ecologista S\u00e9rgio Ricardo alerta que <span style=\"color: #000080;\"><em>&#8220;neste momento, est\u00e1 em curso um novo ciclo de remo\u00e7\u00f5es na cidade do Rio de Janeiro que amea\u00e7a mais de 20 mil fam\u00edlias de baixo poder aquisitivo. Trata-se da continuidade da mesma pol\u00edtica de racismo ambiental institucional que durante o per\u00edodo dos mega eventos internacionais, que culminou com as Olimp\u00edadas de 2016, despejou arbitrariamente de suas moradias mais de 67.000 pessoas de baixa renda.&#8221;<\/em><\/span><\/span><\/p>\n<p style=\"text-align: justify;\"><span style=\"color: #000000;\">Com a privatiza\u00e7\u00e3o do AEROPORTO se intensificaram os processos de desapropria\u00e7\u00f5es, n\u00e3o sendo interessante que terrenos com pequenas moradias centen\u00e1rias e sem valor comercial. Ocupassem uma regi\u00e3o descrita como classe m\u00e9dia e com terrenos muito valiosos.<\/span><\/p>\n<p style=\"text-align: justify;\"><span style=\"color: #000000;\">O PEU (Plano de Estrutura\u00e7\u00e3o Urbana) da ILHA DO GOVERNADOR n\u00e3o reconhecia o direito \u00e1 moradia no bairro do Gale\u00e3o que apresenta elevado interesse imobili\u00e1rio da iniciativa privada: o PEU priorizava as INSTALA\u00c7\u00d5ES MILITARES &amp; INICIATIVAS PRIVADAS COMO o AEROPORTO e seu entorno.<\/span><\/p>\n<p style=\"text-align: justify;\"><span style=\"color: #000000;\">Os MORADORES da ESTRADA MARACAJ\u00c1S est\u00e3o sendo removidos de suas resid\u00eancias seculares, por interesse da iniciativa privada REDE D\u00b4OR DE HOSPITAIS, mascarada pela AERONAUTICA com interesse de arrendamento das terras para iniciativa privada. A referida REDE DE HOSPITAIS j\u00e1 demonstrou interesse na \u00e1rea e falou que s\u00f3 negocia com a UNI\u00c3O\u00a0 (AERONAUTICA), se a mesma remover os moradores que encontram-se, em divisa com instala\u00e7\u00f5es de uma antiga concession\u00e1ria de ve\u00edculos. Onde h\u00e1 o interesse originalmente em construir o HOSPITAL. O JUIZ MARCELO BARBI GOMSALVES da 21\u00b0 VARA FEDERAL DO RIO DE JANEIRO, por duas vezes concedeu liminar para remo\u00e7\u00e3o das fam\u00edlias, em 30 dias com uso de for\u00e7a POLICIAL.\u00a0 N\u00e3o se deu ao trabalho de ler a defesa dos REUS e est\u00e1 sendo relapso e tendencioso mantendo liminar. Podendo vir a prejudicar v\u00e1rias fam\u00edlias, idosos e crian\u00e7as. Que n\u00e3o tem para onde ir, pois toda sua vida e gera\u00e7\u00f5es foram constru\u00eddas de forma honesta e honrosa no local.<\/span><\/p>\n<p style=\"text-align: justify;\"><span style=\"color: #000000;\">Toda hist\u00f3ria das fam\u00edlias inicia-se antes de 1900, onde s\u00f3 haviam poucas casas de pescadores na ESTRADA do GALE\u00c3O ainda sem pavimento e as referidas casas se encontravam entre TRAVESSA OLIVEIRA, ESTRADA MARACAJ\u00c1S E AVENIDA 20 DE JANEIRO.<\/span><\/p>\n<p style=\"text-align: justify;\"><span style=\"color: #000000;\">Desde o s\u00e9culo XIX quando DOM PEDRO I abre a regi\u00e3o para ca\u00e7a e reside durante alguns momentos em seu palacete na regi\u00e3o. J\u00e1 haviam as fazendas S\u00c3O BENTO E SANTA CRUZ e com o fim do IMP\u00c9RIO e in\u00edcio da REPUBLICA na parte ocidental da ilha at\u00e9 os limites da fazenda, implanta-se uma col\u00f4nia de alienados, que em 1918 foi assinado decreto passando o terreno e edifica\u00e7\u00f5es para UNI\u00c3O.<\/span><\/p>\n<p style=\"text-align: justify;\"><span style=\"color: #000000;\">Em 1920 foi instalada a BASE DA AVIA\u00c7\u00c3O NAVAL na ponta do GALE\u00c3O, e em 1940\/50 foi assinado novo decreto cedendo \u00e1reas para amplia\u00e7\u00e3o da BASE A\u00c9REA DO GALE\u00c3O e INSTALA\u00c7\u00d5ES MILITARES.<\/span><\/p>\n<p style=\"text-align: justify;\"><span style=\"color: #000000;\">Algumas dessas fam\u00edlias desde antes de 1900 residindo no local, observaram fam\u00edlias e amigos sendo expulsos pelo GOVERNO E MILITARES, sem nenhuma indeniza\u00e7\u00e3o.\u00a0 Toda a constru\u00e7\u00e3o e modifica\u00e7\u00e3o de sua regi\u00e3o, por constru\u00e7\u00f5es e aterramentos feitos devido a constru\u00e7\u00e3o do AEROPORTO.<\/span><\/p>\n<p style=\"text-align: justify;\"><span style=\"color: #000000;\">Depois de d\u00e9cadas e gera\u00e7\u00f5es querem retirar fam\u00edlias, que deram suas vidas para manter o que tinham, suas casas <span style=\"color: #ff0000;\">&#8220;seu teto&#8221;<\/span>. Hoje muitos n\u00e3o t\u00eam para onde ir, pois suas vidas est\u00e3o em suas casas. H\u00e1 ainda presente uma idosa de 93 anos que sempre morou na mesma resid\u00eancia e que hoje necessita de cuidados.<\/span><\/p>\n<p style=\"text-align: justify;\"><span style=\"color: #000000;\">Somente queremos julgamentos justos e direito \u00e0 moradia.<\/span><\/p>\n","protected":false},"excerpt":{"rendered":"<p>S.O.S MARACAJ\u00c1S\u00a0 Rio, Outubro, 2017 &#8211; Participe do Ato P\u00fablico S.O.S MARACAJ\u00c1S contra as remo\u00e7\u00f5es nesta 4a. feira, dia 11\/10, a partir de 6h da manh\u00e3 com concentra\u00e7\u00e3o na Estrada Maracaj\u00e1, 514, Gale\u00e3o, partindo em seguida na dire\u00e7\u00e3o ao Aeroporto Internacional do Gale\u00e3o, Ilha do Governador. S\u00e3o 70 anos de desapropria\u00e7\u00f5es indevidas, descabidas e arbitrarias, [&hellip;]<\/p>\n","protected":false},"author":1,"featured_media":7920,"comment_status":"open","ping_status":"open","sticky":false,"template":"","format":"standard","meta":{"_uag_custom_page_level_css":"","footnotes":""},"categories":[27],"tags":[471,483,1963,5732,5889,7844,7851,9104,9985,10536],"class_list":["post-7919","post","type-post","status-publish","format-standard","has-post-thumbnail","hentry","category-acontece","tag-aeronautica","tag-aeroporto-internacional-do-galeao","tag-casas","tag-habitacao-popular","tag-ilha-do-governador-rj","tag-moradias","tag-moradores-lutam-contra-aeronautica","tag-populacao-pobres-sofrem-com-remocoes-no-rio","tag-rede-de-hospital-dor","tag-s-o-s-maracajas"],"blocksy_meta":[],"spectra_blocks_featured_image_url":[],"spectra_blocks_author_info":{"display_name":"Jornal da Constru\u00e7\u00e3o Civil","avatar_url":"https:\/\/secure.gravatar.com\/avatar\/973c9774fd44ddaceb026973c4962faa70fc512bc4c9da68e8ebb40fecee6540?s=96&d=mm&r=g","author_link":"https:\/\/construcaocivil.siriusmarketingedesign.com.br\/?author=1","description":"Desde de 2013, levando muitas informa\u00e7\u00f5es, lan\u00e7amentos e produtos de qualidade para toda cadeia produtiva da constru\u00e7\u00e3o. O Futuro da constru\u00e7\u00e3o passa por aqui,"},"uagb_featured_image_src":{"full":false,"thumbnail":false,"medium":false,"medium_large":false,"large":false,"1536x1536":false,"2048x2048":false},"uagb_author_info":{"display_name":"Jornal da Constru\u00e7\u00e3o Civil","author_link":"https:\/\/construcaocivil.siriusmarketingedesign.com.br\/?author=1"},"uagb_comment_info":0,"uagb_excerpt":"S.O.S MARACAJ\u00c1S\u00a0 Rio, Outubro, 2017 &#8211; Participe do Ato P\u00fablico S.O.S MARACAJ\u00c1S contra as remo\u00e7\u00f5es nesta 4a. feira, dia 11\/10, a partir de 6h da manh\u00e3 com concentra\u00e7\u00e3o na Estrada Maracaj\u00e1, 514, Gale\u00e3o, partindo em seguida na dire\u00e7\u00e3o ao Aeroporto Internacional do Gale\u00e3o, Ilha do Governador. S\u00e3o 70 anos de desapropria\u00e7\u00f5es indevidas, descabidas e arbitrarias,&hellip;","_links":{"self":[{"href":"https:\/\/construcaocivil.siriusmarketingedesign.com.br\/index.php?rest_route=\/wp\/v2\/posts\/7919","targetHints":{"allow":["GET"]}}],"collection":[{"href":"https:\/\/construcaocivil.siriusmarketingedesign.com.br\/index.php?rest_route=\/wp\/v2\/posts"}],"about":[{"href":"https:\/\/construcaocivil.siriusmarketingedesign.com.br\/index.php?rest_route=\/wp\/v2\/types\/post"}],"author":[{"embeddable":true,"href":"https:\/\/construcaocivil.siriusmarketingedesign.com.br\/index.php?rest_route=\/wp\/v2\/users\/1"}],"replies":[{"embeddable":true,"href":"https:\/\/construcaocivil.siriusmarketingedesign.com.br\/index.php?rest_route=%2Fwp%2Fv2%2Fcomments&post=7919"}],"version-history":[{"count":0,"href":"https:\/\/construcaocivil.siriusmarketingedesign.com.br\/index.php?rest_route=\/wp\/v2\/posts\/7919\/revisions"}],"wp:attachment":[{"href":"https:\/\/construcaocivil.siriusmarketingedesign.com.br\/index.php?rest_route=%2Fwp%2Fv2%2Fmedia&parent=7919"}],"wp:term":[{"taxonomy":"category","embeddable":true,"href":"https:\/\/construcaocivil.siriusmarketingedesign.com.br\/index.php?rest_route=%2Fwp%2Fv2%2Fcategories&post=7919"},{"taxonomy":"post_tag","embeddable":true,"href":"https:\/\/construcaocivil.siriusmarketingedesign.com.br\/index.php?rest_route=%2Fwp%2Fv2%2Ftags&post=7919"}],"curies":[{"name":"wp","href":"https:\/\/api.w.org\/{rel}","templated":true}]}}