{"id":7933,"date":"2017-10-11T16:31:47","date_gmt":"2017-10-11T19:31:47","guid":{"rendered":"https:\/\/jornaldaconstrucaocivil.com.br\/?p=7933"},"modified":"2017-10-11T16:31:47","modified_gmt":"2017-10-11T19:31:47","slug":"industria-da-impermeabilizacao-se-reune-em-outubro-no-8o-seminario-sobre-o-tema","status":"publish","type":"post","link":"https:\/\/construcaocivil.siriusmarketingedesign.com.br\/?p=7933","title":{"rendered":"Ind\u00fastria da impermeabiliza\u00e7\u00e3o se re\u00fane em outubro no 8\u00ba semin\u00e1rio sobre o tema"},"content":{"rendered":"<p style=\"text-align: justify;\"><span style=\"color: #000000;\"><span style=\"color: #993300;\">Rio, Outubro, 2017<\/span> &#8211; A cidade do Rio ser\u00e1 sede, nos dias 25 e 26 de outubro, do 8\u00ba Semin\u00e1rio de impermeabiliza\u00e7\u00e3o, que reunir\u00e1 empresas do setor para discutir a manuten\u00e7\u00e3o nas edifica\u00e7\u00f5es. O encontro \u00e9 promovido pela Associa\u00e7\u00e3o das Empresas de Impermeabiliza\u00e7\u00e3o (AEI) do Estado do Rio de Janeiro e pelo Sindicato da Ind\u00fastria da Constru\u00e7\u00e3o Civil no Estado do Rio (Sinduscon-RJ).<\/span><\/p>\n<p style=\"text-align: justify;\"><span style=\"color: #000000;\">A programa\u00e7\u00e3o re\u00fane 20 palestras de interesse do mercado imobili\u00e1rio como um todo com temas variados: <span style=\"color: #993300;\">\u201cNovo c\u00f3digo o de obra\u201d<\/span> \u00e9 o mote da apresenta\u00e7\u00e3o do coordenador de planejamento da Secretaria Municipal de Urbanismo do Rio, Luis Gabriel Denadai; o economista Luis Fernando Mendes, da C\u00e2mara Brasileira da Ind\u00fastria da Constru\u00e7\u00e3o (CBIC), falar\u00e1 de conjuntura econ\u00f4mica. Ainda ser\u00e3o discutidas quest\u00f5es como tecnologias em inje\u00e7\u00e3o de fissuras, ader\u00eancia para mantas asf\u00e1lticas, manuten\u00e7\u00e3o e ciclo de vida das coberturas, concretos auto cicatrizantes, sistema de inje\u00e7\u00e3o de resinas, entre outros.<\/span><\/p>\n<p style=\"text-align: justify;\"><span style=\"color: #000000;\">Durante o encontro, os especialistas tamb\u00e9m ir\u00e3o falar sobre o sistema de impermeabiliza\u00e7\u00e3o e suas v\u00e1rias etapas. De acordo com a Associa\u00e7\u00e3o, a proposta \u00e9 dar visibilidade ao tema.<\/span><\/p>\n<p style=\"text-align: justify;\"><span style=\"color: #000000;\"><span style=\"color: #333399;\"><em>\u201cOs processos de impermeabiliza\u00e7\u00e3o visam bloquear a passagem de flu\u00eddos pelas estruturas. Nas partes internas das constru\u00e7\u00f5es, a impermeabiliza\u00e7\u00e3o pode criar diversos tipos de bloqueios, contra \u00e1gua do chuveiro, de lavagem de pisos ou ainda contra vapores que podem ocorrer quando temos ambientes com diferen\u00e7as de temperaturas muito diferentes entre si como em saunas, c\u00e2maras frigor\u00edficas, ambientes com exposi\u00e7\u00e3o a condensa\u00e7\u00f5es, etc\u201d,<\/em><\/span> explica Daniel Montes Rios, arquiteto e presidente da AEI.<\/span><\/p>\n<p style=\"text-align: justify;\"><strong><span style=\"color: #000000;\">Servi\u00e7o:<\/span><\/strong><\/p>\n<p style=\"text-align: justify;\"><span style=\"color: #993300;\"><strong>8\u00ba Semin\u00e1rio de impermeabiliza\u00e7\u00e3o<\/strong><\/span><\/p>\n<p style=\"text-align: justify;\"><span style=\"color: #000000;\">Local: Audit\u00f3rio do Sinduscon-Rio (Rua do Senado 213, Centro)<\/span><\/p>\n<p style=\"text-align: justify;\"><span style=\"color: #000000;\">Data: 25 e 26 de outubro (quarta e quinta-feira)<\/span><\/p>\n<p style=\"text-align: justify;\"><span style=\"color: #000000;\">Hor\u00e1rio: 8h \u00e0s 17h<\/span><\/p>\n<p style=\"text-align: justify;\"><span style=\"color: #000000;\">Informa\u00e7\u00f5es: 3860-1685 ou pelo email <span style=\"text-decoration: underline;\"><span style=\"color: #0000ff; text-decoration: underline;\">aei@aei.org.br<\/span><\/span><\/span><\/p>\n<p style=\"text-align: justify;\"><span style=\"color: #000000;\">Para se inscrever basta acessar o <span style=\"text-decoration: underline;\"><span style=\"color: #0000ff; text-decoration: underline;\">link: http:\/\/aei.org.br\/inscricoes-evento-\/<\/span><\/span><\/span><\/p>\n","protected":false},"excerpt":{"rendered":"<p>Rio, Outubro, 2017 &#8211; A cidade do Rio ser\u00e1 sede, nos dias 25 e 26 de outubro, do 8\u00ba Semin\u00e1rio de impermeabiliza\u00e7\u00e3o, que reunir\u00e1 empresas do setor para discutir a manuten\u00e7\u00e3o nas edifica\u00e7\u00f5es. O encontro \u00e9 promovido pela Associa\u00e7\u00e3o das Empresas de Impermeabiliza\u00e7\u00e3o (AEI) do Estado do Rio de Janeiro e pelo Sindicato da Ind\u00fastria [&hellip;]<\/p>\n","protected":false},"author":1,"featured_media":0,"comment_status":"open","ping_status":"open","sticky":false,"template":"","format":"standard","meta":{"_uag_custom_page_level_css":"","footnotes":""},"categories":[27],"tags":[259,1028,2826,5948,7168,7563,8220,9262,10946,11119],"class_list":["post-7933","post","type-post","status-publish","format-standard","hentry","category-acontece","tag-8o-seminario-de-impermeabilizacao","tag-associacao-das-empresas-de-impermeabilizacao-aei-rj","tag-construcao-civil","tag-imper","tag-mantas-asfalticas","tag-mercado-imobiliario","tag-novas-edificacoes","tag-predios-e-edificacoes","tag-servicos-de-manutencao","tag-sindicato-da-industria-da-construcao-do-rio-de-janeiro-sinduscon-rio"],"blocksy_meta":[],"spectra_blocks_featured_image_url":null,"spectra_blocks_author_info":{"display_name":"Jornal da Constru\u00e7\u00e3o Civil","avatar_url":"https:\/\/secure.gravatar.com\/avatar\/973c9774fd44ddaceb026973c4962faa70fc512bc4c9da68e8ebb40fecee6540?s=96&d=mm&r=g","author_link":"https:\/\/construcaocivil.siriusmarketingedesign.com.br\/?author=1","description":"Desde de 2013, levando muitas informa\u00e7\u00f5es, lan\u00e7amentos e produtos de qualidade para toda cadeia produtiva da constru\u00e7\u00e3o. O Futuro da constru\u00e7\u00e3o passa por aqui,"},"uagb_featured_image_src":{"full":false,"thumbnail":false,"medium":false,"medium_large":false,"large":false,"1536x1536":false,"2048x2048":false},"uagb_author_info":{"display_name":"Jornal da Constru\u00e7\u00e3o Civil","author_link":"https:\/\/construcaocivil.siriusmarketingedesign.com.br\/?author=1"},"uagb_comment_info":0,"uagb_excerpt":"Rio, Outubro, 2017 &#8211; A cidade do Rio ser\u00e1 sede, nos dias 25 e 26 de outubro, do 8\u00ba Semin\u00e1rio de impermeabiliza\u00e7\u00e3o, que reunir\u00e1 empresas do setor para discutir a manuten\u00e7\u00e3o nas edifica\u00e7\u00f5es. O encontro \u00e9 promovido pela Associa\u00e7\u00e3o das Empresas de Impermeabiliza\u00e7\u00e3o (AEI) do Estado do Rio de Janeiro e pelo Sindicato da Ind\u00fastria&hellip;","_links":{"self":[{"href":"https:\/\/construcaocivil.siriusmarketingedesign.com.br\/index.php?rest_route=\/wp\/v2\/posts\/7933","targetHints":{"allow":["GET"]}}],"collection":[{"href":"https:\/\/construcaocivil.siriusmarketingedesign.com.br\/index.php?rest_route=\/wp\/v2\/posts"}],"about":[{"href":"https:\/\/construcaocivil.siriusmarketingedesign.com.br\/index.php?rest_route=\/wp\/v2\/types\/post"}],"author":[{"embeddable":true,"href":"https:\/\/construcaocivil.siriusmarketingedesign.com.br\/index.php?rest_route=\/wp\/v2\/users\/1"}],"replies":[{"embeddable":true,"href":"https:\/\/construcaocivil.siriusmarketingedesign.com.br\/index.php?rest_route=%2Fwp%2Fv2%2Fcomments&post=7933"}],"version-history":[{"count":0,"href":"https:\/\/construcaocivil.siriusmarketingedesign.com.br\/index.php?rest_route=\/wp\/v2\/posts\/7933\/revisions"}],"wp:attachment":[{"href":"https:\/\/construcaocivil.siriusmarketingedesign.com.br\/index.php?rest_route=%2Fwp%2Fv2%2Fmedia&parent=7933"}],"wp:term":[{"taxonomy":"category","embeddable":true,"href":"https:\/\/construcaocivil.siriusmarketingedesign.com.br\/index.php?rest_route=%2Fwp%2Fv2%2Fcategories&post=7933"},{"taxonomy":"post_tag","embeddable":true,"href":"https:\/\/construcaocivil.siriusmarketingedesign.com.br\/index.php?rest_route=%2Fwp%2Fv2%2Ftags&post=7933"}],"curies":[{"name":"wp","href":"https:\/\/api.w.org\/{rel}","templated":true}]}}