{"id":7969,"date":"2017-10-16T18:08:39","date_gmt":"2017-10-16T21:08:39","guid":{"rendered":"https:\/\/jornaldaconstrucaocivil.com.br\/?p=7969"},"modified":"2017-10-16T18:08:39","modified_gmt":"2017-10-16T21:08:39","slug":"carta-do-presidente-aos-deputados-como-cartada-final-depoimento-de-lucio-funaro-deixa-governo-em-estado-de-nervos","status":"publish","type":"post","link":"https:\/\/construcaocivil.siriusmarketingedesign.com.br\/?p=7969","title":{"rendered":"Carta do presidente aos deputados, como cartada final. Depoimento de L\u00facio Funaro deixa governo em estado de nervos"},"content":{"rendered":"<p style=\"text-align: justify;\"><span style=\"color: #000000;\"><span style=\"color: #993300;\">Rio, Outubro, 2017<\/span> &#8211; Na v\u00e9spera da vota\u00e7\u00e3o da 2\u00aa den\u00fancia contra Temer, que ser\u00e1 julgada na c\u00e2mara federal &#8211;\u00a0<\/span>Comiss\u00e3o de Constitui\u00e7\u00e3o, Justi\u00e7a e Cidadania (CCJC), os depoimentos<span style=\"color: #000000;\">\u00a0do doleiro L\u00facio Funaro, joga um balde de \u00e1gua fria no governo Temer e gera apreens\u00e3o entre aliados. Para se defender e convencer, o presidente Michel Temer divulga carta aos deputados sobre a dela\u00e7\u00e3o de Funaro.<\/span><\/p>\n<p><span style=\"color: #993300;\"><em>Segue carta na integra\u00a0\u00a0do presidente Michel Temer aos parlamentares\u00a0\u00a0<\/em><\/span><\/p>\n<p style=\"text-align: justify;\"><em><span style=\"color: #333399;\">Prezado Parlamentar.<\/span><\/em><\/p>\n<p style=\"text-align: justify;\"><em><span style=\"color: #333399;\">A minha indigna\u00e7\u00e3o \u00e9 que me traz a voc\u00ea. S\u00e3o muitos os que me aconselham a nada dizer a respeito dos epis\u00f3dios que atingiram diretamente a minha honra. Mas para mim \u00e9 inadmiss\u00edvel. N\u00e3o posso silenciar. N\u00e3o devo silenciar.<\/span><\/em><\/p>\n<p style=\"text-align: justify;\"><em><span style=\"color: #333399;\">Tenho sido v\u00edtima desde maio de torpezas e vilezas que pouco a pouco, e agora at\u00e9 mais rapidamente, t\u00eam vindo \u00e0 luz.<\/span><\/em><\/p>\n<p style=\"text-align: justify;\"><em><span style=\"color: #333399;\">Jamais poderia acreditar que houvesse uma conspira\u00e7\u00e3o para me derrubar da Presid\u00eancia da Rep\u00fablica. Mas os fatos me convenceram. E s\u00e3o incontest\u00e1veis.<\/span><\/em><\/p>\n<p style=\"text-align: justify;\"><em><span style=\"color: #333399;\">Come\u00e7o pelo \u00e1udio da conversa entre os dirigentes da JBS. Di\u00e1logo sujo, imoral, indecente, capaz de fazer envergonhar aqueles que o ouvem. N\u00e3o s\u00f3 pelo vocabul\u00e1rio chulo, mas pelo conte\u00fado revelador de como se deu toda a trajet\u00f3ria que visava a impedir a pris\u00e3o daqueles que hoje, em face desse \u00e1udio, presos se encontram.<\/span><\/em><\/p>\n<p style=\"text-align: justify;\"><em><span style=\"color: #333399;\">Quem o ouviu verificou uma urdidura conspirat\u00f3ria dos que dele participavam demonstrando como se deu a participa\u00e7\u00e3o do ex-procurador-geral da Rep\u00fablica, por meio de seu mais pr\u00f3ximo colaborador, Dr. Marcello Miller.<\/span><\/em><\/p>\n<p style=\"text-align: justify;\"><em><span style=\"color: #333399;\">Aquele se tornou advogado da JBS enquanto ainda estava na PGR. E, dela sendo exonerado, n\u00e3o cumpriu nenhuma quarentena prevista expressamente no artigo 128, par\u00e1grafo 6\u00b0, da Constitui\u00e7\u00e3o Federal.<\/span><\/em><\/p>\n<p style=\"text-align: justify;\"><em><span style=\"color: #333399;\">Tamb\u00e9m veio a conhecimento p\u00fablico a entrevista de outro procurador, \u00c2ngelo Goulart Vilela, que permaneceu preso durante 76 dias, sem que fosse ouvido. Nela, evidenciou que o \u00fanico objetivo do ex-procurador-geral era \u201cderrubar o presidente da Rep\u00fablica\u201d.<\/span><\/em><\/p>\n<p style=\"text-align: justify;\"><em><span style=\"color: #333399;\">\u201cEle tinha pressa e precisava derrubar o presidente\u201d, disse o procurador. \u201cO Rodrigo (Janot) tinha certeza que derrubaria\u201d, afirmou. A a\u00e7\u00e3o, segundo ele, teria dois efeitos: impedir que o presidente nomeasse o novo titular da Procuradoria-Geral da Rep\u00fablica, e ser, ou indicar, o novo candidato a presidente da Rep\u00fablica. Veja que trama.<\/span><\/em><\/p>\n<p style=\"text-align: justify;\"><em><span style=\"color: #333399;\">Mas n\u00e3o \u00e9 s\u00f3. O advogado Willer Tomaz, que tamb\u00e9m ficou preso sem ser ouvido, registrou igualmente em entrevista os fatos desabonadores em rela\u00e7\u00e3o \u00e0 conduta do ex-procurador-geral.<\/span><\/em><\/p>\n<p style=\"text-align: justify;\"><em><span style=\"color: #333399;\">Em entrevista \u00e0 revista \u00c9poca, o ex-deputado Eduardo Cunha disse que a sua dela\u00e7\u00e3o n\u00e3o foi aceita porque o procurador-geral exigia que ele incriminasse o presidente da Rep\u00fablica. Esta negativa levou o procurador Janot a buscar algu\u00e9m disposto a incriminar o Presidente. Que, segundo o ex-deputado, mentiu na sua dela\u00e7\u00e3o para cumprir com as determina\u00e7\u00f5es da PGR. Ressaltando que ele, Funaro, sequer me conhecia.<\/span><\/em><\/p>\n<p style=\"text-align: justify;\"><em><span style=\"color: #333399;\">Na entrevista, o ex-deputado nega o que o dirigente-grampeador, Joesley Batista, disse na primeira grava\u00e7\u00e3o: que comprara o seu sil\u00eancio.<\/span><\/em><\/p>\n<p style=\"text-align: justify;\"><em><span style=\"color: #333399;\">No \u00e1udio vazado por \u201cacidente\u201d da conversa dos dirigentes da JBS, protagonizado por Joesley e Ricardo Saud, fica claro que o objetivo era derrubar o presidente da Rep\u00fablica.<\/span><\/em><\/p>\n<p style=\"text-align: justify;\"><em><span style=\"color: #333399;\">Joesley diz que, no momento certo, e de comum acordo com o Rodrigo Janot, o depoimento j\u00e1 acertado com L\u00facio Funaro \u201cfecharia a tampa do caix\u00e3o\u201d. Tentativa que vemos agora em execu\u00e7\u00e3o.<\/span><\/em><\/p>\n<p style=\"text-align: justify;\"><em><span style=\"color: #333399;\">Tudo combinado, tudo ajustado, tudo acertado, com o objetivo de: livrar-se de qualquer penalidade e derrubar o presidente da Rep\u00fablica.<\/span><\/em><\/p>\n<p style=\"text-align: justify;\"><em><span style=\"color: #333399;\">E agora, trazem de volta um delinquente conhecido de v\u00e1rias dela\u00e7\u00f5es premiadas n\u00e3o cumpridas para mentir, investindo contra o presidente, contra o Congresso Nacional, contra os parlamentares e partidos pol\u00edticos.<\/span><\/em><\/p>\n<p style=\"text-align: justify;\"><em><span style=\"color: #333399;\">Eu, que tenho milhares de livros vendidos de direito constitucional, com mais de 50 anos de servi\u00e7os na universidade, na advocacia, na procuradoria e nas secretarias de Estado, na presid\u00eancia da C\u00e2mara dos Deputados e agora na Presid\u00eancia da Rep\u00fablica, sou v\u00edtima de uma campanha implac\u00e1vel com ataques torpes e mentirosos. Que visam a enlamear meu nome e prejudicar a Rep\u00fablica.<\/span><\/em><\/p>\n<p style=\"text-align: justify;\"><em><span style=\"color: #333399;\">O que me deixa indignado \u00e9 ser v\u00edtima de gente t\u00e3o inescrupulosa. Mas estes epis\u00f3dios est\u00e3o sendo esclarecidos.<\/span><\/em><\/p>\n<p style=\"text-align: justify;\"><em><span style=\"color: #333399;\">A verdade que relatei logo no meu segundo pronunciamento, h\u00e1 quase cinco meses, est\u00e1 vindo \u00e0 tona. Pena que nesse largo per\u00edodo o notici\u00e1rio deu publicidade ao que diziam esses marginais. Deixaram marcas que a partir de agora procurarei eliminar, como estou buscando fazer nesta carta.<\/span><\/em><\/p>\n<p style=\"text-align: justify;\"><em><span style=\"color: #333399;\">\u00c9 um desabafo. \u00c9 uma explica\u00e7\u00e3o para aqueles que me conhecem e sabem de mim. \u00c9 uma satisfa\u00e7\u00e3o \u00e0queles que democraticamente convivem comigo.<\/span><\/em><\/p>\n<p style=\"text-align: justify;\"><em><span style=\"color: #333399;\">Afirma\u00e7\u00f5es falsas, den\u00fancias ineptas alicer\u00e7adas em fatos constru\u00eddos artificialmente e, portanto, n\u00e3o verdadeiros, sustentaram as mentiras, falsidades e inverdades que foram divulgadas. As urdiduras conspirat\u00f3rias est\u00e3o sendo expostas. A arma\u00e7\u00e3o est\u00e1 sendo desmontada.<\/span><\/em><\/p>\n<p style=\"text-align: justify;\"><em><span style=\"color: #333399;\">\u00c9 preciso restabelecer a verdade dos fatos. Foi a iniciativa do governo, somada ao apoio decisivo da C\u00e2mara dos Deputados e do Senado Federal, que possibilitou a retomada do crescimento no pa\u00eds.<\/span><\/em><\/p>\n<p><span style=\"color: #993300;\">Vejam o quadro abaixo.<\/span><\/p>\n<table width=\"602\">\n<tbody>\n<tr>\n<td width=\"189\"><span style=\"color: #000000;\"><strong>Indicadores<\/strong><\/span><\/td>\n<td width=\"225\"><span style=\"color: #000000;\"><strong>In\u00edcio do Governo<\/strong><\/span><\/td>\n<td width=\"189\"><span style=\"color: #000000;\"><strong>Governo hoje<\/strong><\/span><\/td>\n<\/tr>\n<tr>\n<td width=\"189\"><span style=\"color: #000000;\"><strong>Infla\u00e7\u00e3o (IPCA)<\/strong><\/span><\/p>\n<p><span style=\"color: #000000;\">Fonte: IBGE<\/span><\/td>\n<td width=\"225\"><span style=\"color: #000000;\"><strong>9,28%<\/strong><\/span><\/p>\n<p><span style=\"color: #000000;\">(Acumulado de 12 meses at\u00e9 abril\/2016)<\/span><\/td>\n<td width=\"189\"><span style=\"color: #000000;\"><strong>2,54%<\/strong><\/span><\/p>\n<p><span style=\"color: #000000;\">(Acumulado de 12 meses at\u00e9 setembro\/2017)<\/span><\/td>\n<\/tr>\n<tr>\n<td width=\"189\"><span style=\"color: #000000;\"><strong>Taxa b\u00e1sica de juros (SELIC)<\/strong><\/span><\/p>\n<p><span style=\"color: #000000;\">Fonte: Banco Central<\/span><\/td>\n<td width=\"225\"><span style=\"color: #000000;\"><strong>14,25%<\/strong><\/span><\/p>\n<p>&nbsp;<\/p>\n<p><span style=\"color: #000000;\">(Maio de 2016)<\/span><\/td>\n<td width=\"189\"><span style=\"color: #000000;\"><strong>8,25%<\/strong><\/span><\/p>\n<p>&nbsp;<\/p>\n<p><span style=\"color: #000000;\">(Setembro de 2017)<\/span><\/td>\n<\/tr>\n<tr>\n<td width=\"189\"><span style=\"color: #000000;\"><strong>Produ\u00e7\u00e3o Industrial<\/strong><\/span><\/p>\n<p>&nbsp;<\/p>\n<p><span style=\"color: #000000;\">Fonte: IBGE<\/span><\/td>\n<td width=\"225\"><span style=\"color: #000000;\"><strong>-9,8%<\/strong><\/span><\/p>\n<p><span style=\"color: #000000;\">(Acumulado jan-maio\/2016)<\/span><\/td>\n<td width=\"189\"><span style=\"color: #000000;\"><strong>+1,5%<\/strong><\/span><\/p>\n<p>&nbsp;<\/p>\n<p><span style=\"color: #000000;\">(Acumulado jan-ago\/2017)<\/span><\/td>\n<\/tr>\n<tr>\n<td width=\"189\"><span style=\"color: #000000;\"><strong>Produ\u00e7\u00e3o de ve\u00edculos<\/strong><\/span><\/p>\n<p><span style=\"color: #000000;\">Fonte: ANFAVEA<\/span><\/td>\n<td width=\"225\"><span style=\"color: #000000;\"><strong>-24,3%<\/strong><\/span><\/p>\n<p><span style=\"color: #000000;\">(Acumulado jan-maio\/2016)<\/span><\/td>\n<td width=\"189\"><span style=\"color: #000000;\"><strong>+27%<\/strong><\/span><\/p>\n<p><span style=\"color: #000000;\">(Acumulado jan-set\/2017)<\/span><\/td>\n<\/tr>\n<tr>\n<td width=\"189\"><span style=\"color: #000000;\"><strong>Safra de gr\u00e3os<\/strong><\/span><\/p>\n<p><span style=\"color: #000000;\"><strong>\u00a0<\/strong><\/span><\/p>\n<p><span style=\"color: #000000;\">Fonte: IBGE<\/span><\/td>\n<td width=\"225\"><span style=\"color: #000000;\"><strong>185,8 milh\u00f5es de toneladas<\/strong><\/span><\/p>\n<p><span style=\"color: #000000;\">(Produ\u00e7\u00e3o total em 2016)<\/span><\/td>\n<td width=\"189\"><span style=\"color: #000000;\"><strong>242 milh\u00f5es de toneladas<\/strong><\/span><\/p>\n<p><span style=\"color: #000000;\"><strong>\u00a0<\/strong><\/span><\/p>\n<p><span style=\"color: #000000;\">(Estimativa para 2017)<\/span><\/td>\n<\/tr>\n<tr>\n<td width=\"189\"><span style=\"color: #000000;\"><strong>Saldo Balan\u00e7a comercial<\/strong><\/span><\/p>\n<p>&nbsp;<\/p>\n<p><span style=\"color: #000000;\">Fonte: MDIC<\/span><\/td>\n<td width=\"225\"><span style=\"color: #000000;\"><strong>US$ 19,682 bilh\u00f5es<\/strong><\/span><\/p>\n<p><span style=\"color: #000000;\">(Acumulado jan-maio\/2016)<\/span><\/td>\n<td width=\"189\"><span style=\"color: #000000;\"><strong>US$ 53,275 bilh\u00f5es<\/strong><\/span><\/p>\n<p>&nbsp;<\/p>\n<p><span style=\"color: #000000;\">(Acumulado jan-set\/2017)<\/span><\/td>\n<\/tr>\n<tr>\n<td width=\"189\"><span style=\"color: #000000;\"><strong>Exporta\u00e7\u00f5es<\/strong><\/span><\/p>\n<p><span style=\"color: #000000;\">Fonte: MDIC<\/span><\/td>\n<td width=\"225\"><span style=\"color: #000000;\"><strong>US$ 73,512 bilh\u00f5es<\/strong><\/span><\/p>\n<p><span style=\"color: #000000;\">(Acumulado jan-maio\/2016)<\/span><\/td>\n<td width=\"189\"><span style=\"color: #000000;\"><strong>US$ 164,603 bilh\u00f5es<\/strong><\/span><\/p>\n<p><span style=\"color: #000000;\">(Acumulado jan-set\/2017)<\/span><\/td>\n<\/tr>\n<tr>\n<td width=\"189\"><span style=\"color: #000000;\"><strong>Importa\u00e7\u00f5es<\/strong><\/span><\/p>\n<p>&nbsp;<\/p>\n<p><span style=\"color: #000000;\">Fonte: MDIC<\/span><\/td>\n<td width=\"225\"><span style=\"color: #000000;\"><strong>US$ 53,830 bilh\u00f5es<\/strong><\/span><\/p>\n<p><span style=\"color: #000000;\">(Acumulado jan-maio\/2016)<\/span><\/td>\n<td width=\"189\"><span style=\"color: #000000;\"><strong>US$ 111,328 bilh\u00f5es<\/strong><\/span><\/p>\n<p>&nbsp;<\/p>\n<p><span style=\"color: #000000;\">(Acumulado jan-set\/2017)<\/span><\/td>\n<\/tr>\n<tr>\n<td width=\"189\"><span style=\"color: #000000;\"><strong>Saldo de postos de trabalho<\/strong><\/span><\/p>\n<p><span style=\"color: #000000;\">Fonte: CAGED\/MTE<\/span><\/td>\n<td width=\"225\"><span style=\"color: #000000;\"><strong>-448,101 mil<\/strong><\/span><\/p>\n<p><span style=\"color: #000000;\">(Acumulado jan-maio\/2016)<\/span><\/td>\n<td width=\"189\"><span style=\"color: #000000;\"><strong>+163,417 mil<\/strong><\/span><\/p>\n<p><span style=\"color: #000000;\">(Acumulado jan-ago\/2017)<\/span><\/td>\n<\/tr>\n<tr>\n<td width=\"189\"><span style=\"color: #000000;\"><strong>Investimento Estrangeiro Direto (IED)<\/strong><\/span><\/p>\n<p>&nbsp;<\/p>\n<p><span style=\"color: #000000;\">Fonte: Banco Central<\/span><\/td>\n<td width=\"225\"><span style=\"color: #000000;\"><strong>US$ 75 bilh\u00f5es<\/strong><\/span><\/p>\n<p><span style=\"color: #000000;\">(Total de IED em 2015)<\/span><\/td>\n<td width=\"189\"><span style=\"color: #000000;\"><strong>US$ 78,9 bilh\u00f5es<\/strong><\/span><\/p>\n<p><span style=\"color: #000000;\">(Total de IED em 2016)<\/span><\/p>\n<p><span style=\"color: #000000;\"><strong>* US$ 40,3 bilh\u00f5es<\/strong><\/span><\/p>\n<p><span style=\"color: #000000;\">(Acumulado jan-jul\/2017)<\/span><\/td>\n<\/tr>\n<tr>\n<td width=\"189\"><span style=\"color: #000000;\"><strong>IBOVESPA<\/strong><\/span><\/p>\n<p><span style=\"color: #000000;\"><strong>\u00a0<\/strong><\/span><\/p>\n<p>&nbsp;<\/p>\n<p><span style=\"color: #000000;\">Fonte: IBOVESPA<\/span><\/td>\n<td width=\"225\"><span style=\"color: #000000;\"><strong>53,241 mil pontos<\/strong><\/span><\/p>\n<p><span style=\"color: #000000;\">(Em 12\/05\/2016)<\/span><\/p>\n<p><span style=\"color: #000000;\">* Baixa de 37,497 mil pontos em 26\/01\/2016<\/span><\/td>\n<td width=\"189\"><span style=\"color: #000000;\"><strong>76,897 mil pontos<\/strong><\/span><\/p>\n<p><span style=\"color: #000000;\">(Em 10\/10\/2017)<\/span><\/p>\n<p><span style=\"color: #000000;\">* Novo recorde nominal<\/span><\/td>\n<\/tr>\n<tr>\n<td width=\"189\"><span style=\"color: #000000;\"><strong>PIB<\/strong><\/span><\/p>\n<p>&nbsp;<\/p>\n<p>&nbsp;<\/p>\n<p><span style=\"color: #000000;\">Fonte: IBGE<\/span><\/td>\n<td width=\"225\"><span style=\"color: #000000;\"><strong>-5,4%<\/strong><\/span><\/p>\n<p><span style=\"color: #000000;\">(Varia\u00e7\u00e3o do PIB do 1\u00ba trimestre\/2016 em rela\u00e7\u00e3o ao 1\u00ba trimestre\/2015)<\/span><\/td>\n<td width=\"189\"><span style=\"color: #000000;\"><strong>+0,3%<\/strong><\/span><\/p>\n<p><span style=\"color: #000000;\">(Varia\u00e7\u00e3o do PIB do 2\u00ba trimestre\/2017 em rela\u00e7\u00e3o ao 2\u00ba trimestre\/2016)<\/span><\/td>\n<\/tr>\n<tr>\n<td width=\"189\"><span style=\"color: #000000;\"><strong>EMBI &#8211; Risco Brasil<\/strong><\/span><\/p>\n<p><span style=\"color: #000000;\"><strong>\u00a0<\/strong><\/span><\/p>\n<p><span style=\"color: #000000;\">Fonte: IPEA\/J.P. Morgan<\/span><\/td>\n<td width=\"225\"><span style=\"color: #000000;\"><strong>544bp (pontos-base)<\/strong><\/span><\/p>\n<p><span style=\"color: #000000;\">(Em 20\/01\/2016)<\/span><\/td>\n<td width=\"189\"><span style=\"color: #000000;\"><strong>244bp (pontos-base)<\/strong><\/span><\/p>\n<p><span style=\"color: #000000;\">(Em 09\/10\/2017)<\/span><\/p>\n<p><span style=\"color: #000000;\">* Redu\u00e7\u00e3o de 55,15% no chamado \u201cspread soberano\u201d<\/span><\/td>\n<\/tr>\n<tr>\n<td width=\"189\"><span style=\"color: #000000;\"><strong>Empresas Estatais<\/strong><\/span><\/p>\n<p>&nbsp;<\/p>\n<p>&nbsp;<\/p>\n<p><span style=\"color: #993300;\">Fonte: MPDG<\/span><\/td>\n<td width=\"225\"><span style=\"color: #000000;\"><strong>Preju\u00edzo de R$ 32 bilh\u00f5es em 2015<\/strong><\/span><\/td>\n<td width=\"189\"><span style=\"color: #000000;\"><strong>Lucro de R$ 4,6 bilh\u00f5es em 2016<\/strong><\/span><\/p>\n<p><span style=\"color: #000000;\"><strong>* Lucro de R$ 17,3 bilh\u00f5es no 1\u00ba semestre de 2017<\/strong><\/span><\/td>\n<\/tr>\n<\/tbody>\n<\/table>\n<p style=\"text-align: justify;\"><span style=\"color: #000000;\">Quando se fala que a infla\u00e7\u00e3o caiu, que os juros foram reduzidos, que fomos capazes de liberar as contas inativas do FGTS e agora de antecipar as idades para percep\u00e7\u00e3o do PIS\/Pasep, tudo isso tem um significado: impedir o aumento de pre\u00e7os, valorizar o sal\u00e1rio e melhorar a vida das pessoas.<\/span><\/p>\n<p style=\"text-align: justify;\"><span style=\"color: #000000;\">Quero acrescentar o que fizemos na \u00e1rea social. No Bolsa Fam\u00edlia, por exemplo. Quando assumimos aumentamos em 12,5% seu valor. E zeramos a fila daqueles que nele queriam ingressar.<\/span><\/p>\n<p style=\"text-align: justify;\"><span style=\"color: #000000;\">Mas n\u00f3s n\u00e3o queremos que os que est\u00e3o no Bolsa Fam\u00edlia nele permane\u00e7am indefinidamente. Queremos que progridam. Por isso lan\u00e7amos o programa Progredir, com participa\u00e7\u00e3o dos bancos p\u00fablicos e da sociedade civil com vistas a inclu\u00ed-los positivamente na sociedade.<\/span><\/p>\n<p style=\"text-align: justify;\"><span style=\"color: #000000;\">Nenhum programa social foi eliminado ou reduzido. O Brasil n\u00e3o parou, apesar das den\u00fancias criminosas que acabei de apontar.<\/span><\/p>\n<p style=\"text-align: justify;\"><span style=\"color: #000000;\">O Brasil cresceu e vem crescendo. Basta verificar os investimentos estrangeiros e o interesse acentuado pelas concess\u00f5es e privatiza\u00e7\u00f5es que estamos corajosamente a realizar.<\/span><\/p>\n<p style=\"text-align: justify;\"><span style=\"color: #000000;\">E a agenda de moderniza\u00e7\u00e3o reformista do Pa\u00eds avan\u00e7a com o teto de gastos p\u00fablicos, lei das estatais, moderniza\u00e7\u00e3o trabalhista, reforma do ensino m\u00e9dio, proposta de revis\u00e3o da Previd\u00eancia, simplifica\u00e7\u00e3o tribut\u00e1ria.<\/span><\/p>\n<p style=\"text-align: justify;\"><span style=\"color: #000000;\">Em toda a minha trajet\u00f3ria pol\u00edtica a minha prega\u00e7\u00e3o foi a de juntar os brasileiros, de promover a pacifica\u00e7\u00e3o, de conversar, de dialogar. N\u00e3o acredito na tese do \u201cn\u00f3s contra eles\u201d. Acredito na uni\u00e3o dos brasileiros.<\/span><\/p>\n<p style=\"text-align: justify;\"><span style=\"color: #000000;\">O que devemos fazer agora \u00e9 continuar a construir, juntos, o Brasil. Com serenidade, modera\u00e7\u00e3o, equil\u00edbrio e solidariedade.<\/span><\/p>\n<p style=\"text-align: justify;\"><span style=\"color: #000000;\">Na certeza de que a verdade dos fatos ser\u00e1 reposta, agrade\u00e7o a sua aten\u00e7\u00e3o.<\/span><\/p>\n<p style=\"text-align: justify;\"><span style=\"color: #000000;\">\u00a0Atenciosamente,<\/span><\/p>\n<p style=\"text-align: justify;\"><img decoding=\"async\" src=\"http:\/\/emkt.fundacaoulysses.org.br\/emkt\/dados\/12258\/44946\/Image\/Assinatura_Presidente_Michel_Temer.jpeg\" alt=\"Carta do presidente Michel Temer aos parlamentares\" \/><\/p>\n","protected":false},"excerpt":{"rendered":"<p>Rio, Outubro, 2017 &#8211; Na v\u00e9spera da vota\u00e7\u00e3o da 2\u00aa den\u00fancia contra Temer, que ser\u00e1 julgada na c\u00e2mara federal &#8211;\u00a0Comiss\u00e3o de Constitui\u00e7\u00e3o, Justi\u00e7a e Cidadania (CCJC), os depoimentos\u00a0do doleiro L\u00facio Funaro, joga um balde de \u00e1gua fria no governo Temer e gera apreens\u00e3o entre aliados. Para se defender e convencer, o presidente Michel Temer divulga [&hellip;]<\/p>\n","protected":false},"author":1,"featured_media":0,"comment_status":"open","ping_status":"open","sticky":false,"template":"","format":"standard","meta":{"_uag_custom_page_level_css":"","footnotes":""},"categories":[27],"tags":[1679,1883,3217,3882,5566,7057,8461,8815,12477],"class_list":["post-7969","post","type-post","status-publish","format-standard","hentry","category-acontece","tag-caixa-economica-federal","tag-carta-de-temer-como-salvacao-aos-deputados","tag-crise-politica","tag-economia-instavel","tag-governo-michel-temer-acuado-por-denuncias","tag-lucio-funaro","tag-operacao-lava-jatojbs","tag-perigo-do-governo-temer-sofree-derrota","tag-votacao-na-camara-dos-deputados"],"blocksy_meta":[],"spectra_blocks_featured_image_url":null,"spectra_blocks_author_info":{"display_name":"Jornal da Constru\u00e7\u00e3o Civil","avatar_url":"https:\/\/secure.gravatar.com\/avatar\/973c9774fd44ddaceb026973c4962faa70fc512bc4c9da68e8ebb40fecee6540?s=96&d=mm&r=g","author_link":"https:\/\/construcaocivil.siriusmarketingedesign.com.br\/?author=1","description":"Desde de 2013, levando muitas informa\u00e7\u00f5es, lan\u00e7amentos e produtos de qualidade para toda cadeia produtiva da constru\u00e7\u00e3o. O Futuro da constru\u00e7\u00e3o passa por aqui,"},"uagb_featured_image_src":{"full":false,"thumbnail":false,"medium":false,"medium_large":false,"large":false,"1536x1536":false,"2048x2048":false},"uagb_author_info":{"display_name":"Jornal da Constru\u00e7\u00e3o Civil","author_link":"https:\/\/construcaocivil.siriusmarketingedesign.com.br\/?author=1"},"uagb_comment_info":0,"uagb_excerpt":"Rio, Outubro, 2017 &#8211; Na v\u00e9spera da vota\u00e7\u00e3o da 2\u00aa den\u00fancia contra Temer, que ser\u00e1 julgada na c\u00e2mara federal &#8211;\u00a0Comiss\u00e3o de Constitui\u00e7\u00e3o, Justi\u00e7a e Cidadania (CCJC), os depoimentos\u00a0do doleiro L\u00facio Funaro, joga um balde de \u00e1gua fria no governo Temer e gera apreens\u00e3o entre aliados. Para se defender e convencer, o presidente Michel Temer divulga&hellip;","_links":{"self":[{"href":"https:\/\/construcaocivil.siriusmarketingedesign.com.br\/index.php?rest_route=\/wp\/v2\/posts\/7969","targetHints":{"allow":["GET"]}}],"collection":[{"href":"https:\/\/construcaocivil.siriusmarketingedesign.com.br\/index.php?rest_route=\/wp\/v2\/posts"}],"about":[{"href":"https:\/\/construcaocivil.siriusmarketingedesign.com.br\/index.php?rest_route=\/wp\/v2\/types\/post"}],"author":[{"embeddable":true,"href":"https:\/\/construcaocivil.siriusmarketingedesign.com.br\/index.php?rest_route=\/wp\/v2\/users\/1"}],"replies":[{"embeddable":true,"href":"https:\/\/construcaocivil.siriusmarketingedesign.com.br\/index.php?rest_route=%2Fwp%2Fv2%2Fcomments&post=7969"}],"version-history":[{"count":0,"href":"https:\/\/construcaocivil.siriusmarketingedesign.com.br\/index.php?rest_route=\/wp\/v2\/posts\/7969\/revisions"}],"wp:attachment":[{"href":"https:\/\/construcaocivil.siriusmarketingedesign.com.br\/index.php?rest_route=%2Fwp%2Fv2%2Fmedia&parent=7969"}],"wp:term":[{"taxonomy":"category","embeddable":true,"href":"https:\/\/construcaocivil.siriusmarketingedesign.com.br\/index.php?rest_route=%2Fwp%2Fv2%2Fcategories&post=7969"},{"taxonomy":"post_tag","embeddable":true,"href":"https:\/\/construcaocivil.siriusmarketingedesign.com.br\/index.php?rest_route=%2Fwp%2Fv2%2Ftags&post=7969"}],"curies":[{"name":"wp","href":"https:\/\/api.w.org\/{rel}","templated":true}]}}