{"id":799,"date":"2016-01-29T18:40:40","date_gmt":"2016-01-29T18:40:40","guid":{"rendered":"http:\/\/www.jornaldaconstrucaocivil.com.br\/?p=799"},"modified":"2016-01-29T18:40:40","modified_gmt":"2016-01-29T18:40:40","slug":"comissao-nacional-e-ministerio-publico-do-trabalho-lancam-campanha-contra-mudanca-na-lei-do-trabalho-escravo","status":"publish","type":"post","link":"https:\/\/construcaocivil.siriusmarketingedesign.com.br\/?p=799","title":{"rendered":"Comiss\u00e3o Nacional e Minist\u00e9rio P\u00fablico do Trabalho lan\u00e7am campanha contra mudan\u00e7a na lei do trabalho escravo"},"content":{"rendered":"<p><span style=\"color: #000080;\"><strong><span style=\"font-family: 'Calibri','sans-serif'; font-size: 11pt;\"><em>Iniciativa busca conscientizar a popula\u00e7\u00e3o brasileira sobre a gravidade e a recorr\u00eancia da escravid\u00e3o no Brasil, ao mesmo tempo em que combate os projetos que tramitam no Congresso Nacional que, se aprovados, poder\u00e3o facilitar a ocorr\u00eancia de novos casos. <\/em><\/span><\/strong><\/span><\/p>\n<p><span style=\"color: #000080;\"><strong><span style=\"font-family: 'Calibri','sans-serif'; font-size: 11pt;\"><em>A campanha foi lan\u00e7ada ontem, 28 de janeiro, Dia Nacional de Combate ao Trabalho Escravo, com a presen\u00e7a do ilustre Kailash Satyarthi, vencedor do pr\u00eamio Nobel da Paz de 2014 e refer\u00eancia mundial por sua milit\u00e2ncia no combate \u00e0 pr\u00e1tica.<\/em><\/span><\/strong><\/span><\/p>\n<p><span style=\"color: #000000;\">A Comiss\u00e3o Nacional para a Erradica\u00e7\u00e3o do Trabalho Escravo e o Minist\u00e9rio P\u00fablico do Trabalho anunciaram o lan\u00e7amento da <span style=\"color: #000080;\"><strong>#SOMOSLIVRES<\/strong><\/span>, campanha nacional de preven\u00e7\u00e3o e informa\u00e7\u00e3o sobre a escravid\u00e3o contempor\u00e2nea. A iniciativa busca chamar a aten\u00e7\u00e3o para a gravidade do problema no Brasil, al\u00e9m de lutar contra mudan\u00e7as propostas em projetos de lei, atualmente em tr\u00e2mite no Congresso Nacional, que, se aprovadas, ir\u00e3o flexibilizar a defini\u00e7\u00e3o de trabalho escravo em territ\u00f3rio brasileiro e facilitar a ocorr\u00eancia de novos casos.<\/span><\/p>\n<p><span style=\"color: #000000;\">A campanha se baseou em uma recente e alarmante pesquisa realizada pela Ipsos, a pedido da Rep\u00f3rter Brasil, que identificou que a maioria dos brasileiros n\u00e3o sabe responder com clareza o que caracteriza uma situa\u00e7\u00e3o de escravid\u00e3o. O levantamento aponta ainda que 27% afirmam diretamente n\u00e3o saber do que se trata o tema.<\/span><\/p>\n<p><span style=\"color: #000000;\">\u201cPercebemos que existe hoje uma grande confus\u00e3o sobre o conceito de trabalho escravo, em especial no que se refere a condi\u00e7\u00f5es degradantes e jornada exaustiva. Falta consci\u00eancia sobre a gravidade da situa\u00e7\u00e3o, que \u00e9 muito mais s\u00e9ria do que ter alguns direitos trabalhistas desrespeitados ou receber uma remunera\u00e7\u00e3o baixa. Estamos falando, por exemplo, de amea\u00e7as de viol\u00eancia f\u00edsica e psicol\u00f3gica, condi\u00e7\u00f5es degradantes de trabalho, servid\u00e3o for\u00e7ada por d\u00edvida e jornadas exaustivas que comprometem at\u00e9 mesmo a vida do indiv\u00edduo\u201d, explica Christiane Vieira Nogueira, da Coordena\u00e7\u00e3o Nacional para Erradica\u00e7\u00e3o do Trabalho Escravo do Minist\u00e9rio P\u00fablico do Trabalho em S\u00e3o Paulo.<\/span><\/p>\n<p><span style=\"color: #000000;\">Desde 1995, quando o governo brasileiro reconheceu a exist\u00eancia do trabalho escravo no pa\u00eds, cerca de 50 mil pessoas foram resgatadas por meio de opera\u00e7\u00f5es de fiscaliza\u00e7\u00e3o do Estado em atividades ligadas \u00e0 agropecu\u00e1ria, ao extrativismo, \u00e0 produ\u00e7\u00e3o de roupas, \u00e0 constru\u00e7\u00e3o civil, ao com\u00e9rcio e \u00e0 explora\u00e7\u00e3o sexual. \u201cExiste ainda a necessidade de alertarmos para a exist\u00eancia do trabalho escravo urbano, cuja relev\u00e2ncia vem crescendo muito nos \u00faltimos anos. Infelizmente grande parte dos brasileiros ainda acredita que isso s\u00f3 acontece em zonas rurais\u201d, afirma Silvio Brasil, coordenador da Comiss\u00e3o Nacional para a Erradica\u00e7\u00e3o do Trabalho Escravo (Conatrae).<\/span><\/p>\n<p><span style=\"color: #000080;\"><strong><span style=\"color: #ff0000;\">link tem v\u00eddeo de apoio do Wagner Moura<\/span>: \u00a0<a style=\"color: #000080;\" href=\"https:\/\/www.youtube.com\/watch?v=hljxfBmjRUY&amp;feature=youtu.be\" target=\"_blank\">https:\/\/www.youtube.com\/watch?v=hljxfBmjRUY&amp;feature=youtu.be<\/a> <\/strong><\/span><\/p>\n<p><span style=\"color: #000000;\"><strong>APRESENTA\u00c7\u00c3O E LAN\u00c7AMENTO<\/strong><\/span><\/p>\n<p><span style=\"color: #000000;\">O lan\u00e7amento oficial da campanha #somoslivres aconteceu em S\u00e3o Paulo, em um evento que tamb\u00e9m contou com o apoio da Organiza\u00e7\u00e3o Internacional do Trabalho, da Comiss\u00e3o Estadual para a Erradica\u00e7\u00e3o do Trabalho Escravo de S\u00e3o Paulo, da Comiss\u00e3o Municipal para a Erradica\u00e7\u00e3o do Trabalho Escravo de S\u00e3o Paulo e da ONG Rep\u00f3rter Brasil. O encontro aconteceu no dia 28 de janeiro, Dia Nacional de Combate ao Trabalho Escravo, e contou com a presen\u00e7a de importantes \u00edcones da luta contra o trabalho, como Kailash Satyarthi, pr\u00eamio Nobel da Paz de 2014, a atriz Camila Pitanga, presidente do Movimento Humanos Direitos, L\u00e9lio Bentes, ministro do Tribunal Superior do Trabalho, Luiz Machado, coordenador do programa de combate ao trabalho escravo da Organiza\u00e7\u00e3o Internacional do Trabalho, entre outros. Na ocasi\u00e3o tamb\u00e9m foi detalhado o estudo que mostra a percep\u00e7\u00e3o do brasileiro sobre o tema.<\/span><\/p>\n<p><span style=\"color: #000000;\"><strong>\u00a0<\/strong>Kailash Satyarthi, ganhador do Pr\u00eamio Nobel da Paz de 2014 e apoiador da campanha, contou sua experi\u00eancia no combate \u00e0 escravid\u00e3o em diversas partes do mundo. Nascido na \u00cdndia, ele \u00e9 um dos l\u00edderes do movimento global contra o trabalho infantil e o trabalho escravo, tendo libertado mais de 83 mil crian\u00e7as\u00a0e milhares de adultos em seu pa\u00eds natal. Tamb\u00e9m desenvolveu um modelo de sucesso para educa\u00e7\u00e3o, reabilita\u00e7\u00e3o e reintegra\u00e7\u00e3o das v\u00edtimas, e seus esfor\u00e7os levaram \u00e0 ado\u00e7\u00e3o da conven\u00e7\u00e3o sobre as piores formas de trabalho infantil pela Organiza\u00e7\u00e3o Internacional do Trabalho.<\/span><\/p>\n<p><span style=\"color: #000000;\"><strong>MEC\u00c2NICA DA A\u00c7\u00c3O<\/strong><\/span><\/p>\n<p><span style=\"color: #000000;\">A campanha <span style=\"color: #000080;\">#somoslivres<\/span> busca envolver o p\u00fablico na causa da erradica\u00e7\u00e3o do trabalho escravo por meio de a\u00e7\u00f5es de engajamento e ativa\u00e7\u00e3o nas m\u00eddias online e off-line. \u201cQueremos gerar nas pessoas uma conex\u00e3o emocional com o tema por meio da aproxima\u00e7\u00e3o dos conceitos que definem o trabalho escravo moderno com o papel que todos possuem nessa jornada\u201d, explica Bruno D\u2019Angelo, vice-presidente da ag\u00eancia Ideal H+K Strategies, respons\u00e1vel pela concep\u00e7\u00e3o do projeto. \u201cO ponto de partida e tamb\u00e9m a proposta central da campanha \u00e9 convidar o indiv\u00edduo a pensar a partir do questionamento: \u201cqual foi o seu pior dia de trabalho?\u201d\u2019, comenta D\u00b4Angelo.<\/span><\/p>\n<p><span style=\"color: #000000;\">\u201cEntendemos que a liberdade deveria ser uma certeza na vida do ser humano. No trabalho, todo mundo consegue se lembrar de algum dia em que n\u00e3o se sentiu completamente livre, mas est\u00e1 longe de ser trabalho escravo. A ideia \u00e9 aproveitar essa mem\u00f3ria como ponto de partida para uma reflex\u00e3o maior, mostrando o que realmente significa ser escravizado\u201d, finaliza Bruno.<\/span><\/p>\n<p><span style=\"color: #000000;\">Os indiv\u00edduos impactados pela campanha, que tamb\u00e9m explorar\u00e1 ao m\u00e1ximo a hashtag #somoslivres nas redes sociais, ser\u00e3o direcionados a um hub online de ferramentas e informa\u00e7\u00f5es sobre como ajudar no combate ao trabalho escravo no Brasil, dispon\u00edvel no site: <span style=\"color: #0000ff;\"><a style=\"color: #0000ff;\" href=\"http:\/\/www.somoslivres.org\/\">www.somoslivres.org<\/a><\/span><\/span><\/p>\n<p><span style=\"color: #000000;\">Como primeira a\u00e7\u00e3o, eles poder\u00e3o atuar no combate \u00e0 tentativa de redu\u00e7\u00e3o do conceito legal de trabalho escravo, entrando em contato diretamente com parlamentares por meio de e-mails ou outros canais dispon\u00edveis no site.<\/span><\/p>\n<p><span style=\"color: #000000;\">\u201cPor meio dessa campanha esperamos conduzir o p\u00fablico a confrontar situa\u00e7\u00f5es concretas de abuso, levando-o a concluir por si s\u00f3 o quanto o trabalho escravo \u00e9 um crime muito mais grave do que costumamos imaginar\u201d, conclui Christiane Vieira, do Minist\u00e9rio P\u00fablico do Trabalho (MPT).<\/span><\/p>\n<p><span style=\"color: #993300;\"><strong>Fonte: Assessoria de Imprensa\u00a0\u00a0MPT<\/strong><\/span><\/p>\n<p>&nbsp;<\/p>\n<p>&nbsp;<\/p>\n<p>&nbsp;<\/p>\n","protected":false},"excerpt":{"rendered":"<p>Iniciativa busca conscientizar a popula\u00e7\u00e3o brasileira sobre a gravidade e a recorr\u00eancia da escravid\u00e3o no Brasil, ao mesmo tempo em que combate os projetos que tramitam no Congresso Nacional que, se aprovados, poder\u00e3o facilitar a ocorr\u00eancia de novos casos. A campanha foi lan\u00e7ada ontem, 28 de janeiro, Dia Nacional de Combate ao Trabalho Escravo, com [&hellip;]<\/p>\n","protected":false},"author":1,"featured_media":0,"comment_status":"open","ping_status":"open","sticky":false,"template":"","format":"quote","meta":{"_uag_custom_page_level_css":"","footnotes":""},"categories":[27],"tags":[1746,7941,11355,11859,12486],"class_list":["post-799","post","type-post","status-publish","format-quote","hentry","category-acontece","tag-campanha","tag-mpt","tag-somoslivres","tag-trabalho-escravo","tag-wagner-moura","post_format-post-format-quote"],"blocksy_meta":[],"spectra_blocks_featured_image_url":null,"spectra_blocks_author_info":{"display_name":"Jornal da Constru\u00e7\u00e3o Civil","avatar_url":"https:\/\/secure.gravatar.com\/avatar\/973c9774fd44ddaceb026973c4962faa70fc512bc4c9da68e8ebb40fecee6540?s=96&d=mm&r=g","author_link":"https:\/\/construcaocivil.siriusmarketingedesign.com.br\/?author=1","description":"Desde de 2013, levando muitas informa\u00e7\u00f5es, lan\u00e7amentos e produtos de qualidade para toda cadeia produtiva da constru\u00e7\u00e3o. O Futuro da constru\u00e7\u00e3o passa por aqui,"},"uagb_featured_image_src":{"full":false,"thumbnail":false,"medium":false,"medium_large":false,"large":false,"1536x1536":false,"2048x2048":false},"uagb_author_info":{"display_name":"Jornal da Constru\u00e7\u00e3o Civil","author_link":"https:\/\/construcaocivil.siriusmarketingedesign.com.br\/?author=1"},"uagb_comment_info":0,"uagb_excerpt":"Iniciativa busca conscientizar a popula\u00e7\u00e3o brasileira sobre a gravidade e a recorr\u00eancia da escravid\u00e3o no Brasil, ao mesmo tempo em que combate os projetos que tramitam no Congresso Nacional que, se aprovados, poder\u00e3o facilitar a ocorr\u00eancia de novos casos. A campanha foi lan\u00e7ada ontem, 28 de janeiro, Dia Nacional de Combate ao Trabalho Escravo, com&hellip;","_links":{"self":[{"href":"https:\/\/construcaocivil.siriusmarketingedesign.com.br\/index.php?rest_route=\/wp\/v2\/posts\/799","targetHints":{"allow":["GET"]}}],"collection":[{"href":"https:\/\/construcaocivil.siriusmarketingedesign.com.br\/index.php?rest_route=\/wp\/v2\/posts"}],"about":[{"href":"https:\/\/construcaocivil.siriusmarketingedesign.com.br\/index.php?rest_route=\/wp\/v2\/types\/post"}],"author":[{"embeddable":true,"href":"https:\/\/construcaocivil.siriusmarketingedesign.com.br\/index.php?rest_route=\/wp\/v2\/users\/1"}],"replies":[{"embeddable":true,"href":"https:\/\/construcaocivil.siriusmarketingedesign.com.br\/index.php?rest_route=%2Fwp%2Fv2%2Fcomments&post=799"}],"version-history":[{"count":0,"href":"https:\/\/construcaocivil.siriusmarketingedesign.com.br\/index.php?rest_route=\/wp\/v2\/posts\/799\/revisions"}],"wp:attachment":[{"href":"https:\/\/construcaocivil.siriusmarketingedesign.com.br\/index.php?rest_route=%2Fwp%2Fv2%2Fmedia&parent=799"}],"wp:term":[{"taxonomy":"category","embeddable":true,"href":"https:\/\/construcaocivil.siriusmarketingedesign.com.br\/index.php?rest_route=%2Fwp%2Fv2%2Fcategories&post=799"},{"taxonomy":"post_tag","embeddable":true,"href":"https:\/\/construcaocivil.siriusmarketingedesign.com.br\/index.php?rest_route=%2Fwp%2Fv2%2Ftags&post=799"}],"curies":[{"name":"wp","href":"https:\/\/api.w.org\/{rel}","templated":true}]}}