{"id":8004,"date":"2017-10-19T14:40:02","date_gmt":"2017-10-19T17:40:02","guid":{"rendered":"https:\/\/jornaldaconstrucaocivil.com.br\/?p=8004"},"modified":"2017-10-19T14:40:02","modified_gmt":"2017-10-19T17:40:02","slug":"futura-tintas-resgata-orgulho-de-ser-pintor-em-campanha-nas-redes-sociais","status":"publish","type":"post","link":"https:\/\/construcaocivil.siriusmarketingedesign.com.br\/?p=8004","title":{"rendered":"Futura Tintas resgata orgulho de ser pintor em campanha nas redes sociais"},"content":{"rendered":"<p style=\"text-align: justify;\"><em><strong><span style=\"color: #000000;\">Com adapta\u00e7\u00e3o da m\u00fasica <span style=\"color: #993300;\">\u201cOra\u00e7\u00e3o\u201d<\/span>, de L\u00e9o Fressato, v\u00eddeo refor\u00e7a valor dos profissionais em homenagem ao Dia do Pintor<\/span><\/strong><\/em><\/p>\n<p style=\"text-align: justify;\"><span style=\"color: #000000;\"><span style=\"color: #000080;\">Outubro, 2017<\/span> &#8211; Colorir o mundo como miss\u00e3o \u00e9 o conceito da nova campanha da Futura Tintas para celebrar o Dia do Pintor, comemorado ontem, quarta-feira (18). O v\u00eddeo traz a participa\u00e7\u00e3o de 170 profissionais formados pela Universidade do Pintor, projeto pioneiro de aprendizado e conhecimento (t\u00e9cnico e humano) completo e gratuito para pintores.<\/span><\/p>\n<p style=\"text-align: justify;\"><span style=\"color: #000000;\">O v\u00eddeo<span style=\"color: #0000ff;\"> \u201cNeste Outubro, cantamos alto o orgulho de ser Pintor\u201d<\/span> ser\u00e1 veiculado nas redes sociais da fabricante e foi protagonizado por colaboradores da Futura Tintas, por pintores e tamb\u00e9m pelos educadores solid\u00e1rios que fazem parte do projeto pioneiro de educa\u00e7\u00e3o profissionalizante.<\/span><\/p>\n<p><iframe loading=\"lazy\" title=\"Dia do Pintor: Homenagem Futura Tintas - 18 de outubro 2017\" width=\"1290\" height=\"726\" src=\"https:\/\/www.youtube.com\/embed\/Pj1og-9M1QY?feature=oembed\" frameborder=\"0\" allow=\"accelerometer; autoplay; clipboard-write; encrypted-media; gyroscope; picture-in-picture; web-share\" referrerpolicy=\"strict-origin-when-cross-origin\" allowfullscreen><\/iframe><\/p>\n<p style=\"text-align: justify;\"><span style=\"color: #000000;\">A homenagem \u00e9 uma adapta\u00e7\u00e3o da m\u00fasica Ora\u00e7\u00e3o, de autoria de L\u00e9o Fressato. A can\u00e7\u00e3o se tornou hit com a interpreta\u00e7\u00e3o do grupo de MPB A Banda Mais Bonita da Cidade. J\u00e1 o jingle da Futura Tintas, que valoriza o orgulho de ser pintor, foi composto por Sandra Campos, uma das l\u00edderes da Futura. As vozes s\u00e3o de Sergio Ferreira e Suely de Souza, colaboradores da empresa, com participa\u00e7\u00e3o de Ana Ferreira, filha de Sergio. Patricia Haither, tamb\u00e9m colaboradora da Futura Tintas, assina o roteiro.<span style=\"color: #333399;\"><em> \u201cO v\u00eddeo que fizemos ano passado atingiu 223 mil visualiza\u00e7\u00f5es e este ano queremos ainda mais\u201d<\/em><\/span>, conta Haither.<\/span><\/p>\n<p style=\"text-align: justify;\"><span style=\"color: #000000;\">Com produ\u00e7\u00e3o da Kaffe Films, de Curitiba, a campanha tem Gabriel Goldman na dire\u00e7\u00e3o, Osvaldo Ol\u00edvio como diretor de fotografia e Andr\u00e9 Azor como produtor. A grava\u00e7\u00e3o foi realizada pela produtora Trampolim, com sonoriza\u00e7\u00e3o e mixagem de Gabriel Nascimbeni e F\u00e1bio Barros.<\/span><\/p>\n<p style=\"text-align: justify;\"><span style=\"color: #000000;\">O v\u00eddeo est\u00e1 dispon\u00edvel nas redes sociais da Futura Tintas desde 18 de outubro.<\/span><\/p>\n<p style=\"text-align: justify;\"><strong><span style=\"color: #000000;\">Servi\u00e7os:<\/span><\/strong><\/p>\n<p style=\"text-align: justify;\"><span style=\"color: #993300;\">Universidade Futura Do Pintor<\/span><\/p>\n<p style=\"text-align: justify;\"><span style=\"color: #000000;\">Endere\u00e7o: Rua Paraupava, 56, Belenzinho \u2013 S\u00e3o Paulo\/SP<\/span><\/p>\n<p style=\"text-align: justify;\"><span style=\"color: #000000;\">Tel.: (11)2612-1940<\/span><\/p>\n<p style=\"text-align: justify;\"><span style=\"text-decoration: underline;\"><span style=\"color: #0000ff; text-decoration: underline;\">Site: www.unipintor.com.br<\/span><\/span><\/p>\n<p style=\"text-align: justify;\"><span style=\"color: #993300;\">Futura Tintas<\/span><\/p>\n<p style=\"text-align: justify;\"><span style=\"color: #000000;\">SAC: 0800 773 2900<\/span><\/p>\n<p style=\"text-align: justify;\"><span style=\"text-decoration: underline;\"><span style=\"color: #0000ff; text-decoration: underline;\">Site: www.futuratintas.com.br<\/span><\/span><\/p>\n<p>&nbsp;<\/p>\n<p>&nbsp;<\/p>\n<p>&nbsp;<\/p>\n","protected":false},"excerpt":{"rendered":"<p>Com adapta\u00e7\u00e3o da m\u00fasica \u201cOra\u00e7\u00e3o\u201d, de L\u00e9o Fressato, v\u00eddeo refor\u00e7a valor dos profissionais em homenagem ao Dia do Pintor Outubro, 2017 &#8211; Colorir o mundo como miss\u00e3o \u00e9 o conceito da nova campanha da Futura Tintas para celebrar o Dia do Pintor, comemorado ontem, quarta-feira (18). O v\u00eddeo traz a participa\u00e7\u00e3o de 170 profissionais formados [&hellip;]<\/p>\n","protected":false},"author":1,"featured_media":0,"comment_status":"open","ping_status":"open","sticky":false,"template":"","format":"standard","meta":{"_uag_custom_page_level_css":"","footnotes":""},"categories":[27],"tags":[1175,1764,1827,3612,3658,5312,7009,12103,12212],"class_list":["post-8004","post","type-post","status-publish","format-standard","hentry","category-acontece","tag-bairro-belenzinho-sp","tag-campanhas-nas-redes-socais","tag-capanha-orgulho-de-ser-pintor","tag-dia-do-pintor","tag-dicas-de-pintura","tag-futura-tintas","tag-lojas-de-tintas","tag-universidade-futuro-do-pintor","tag-varejo-material-de-pintura"],"blocksy_meta":[],"spectra_blocks_featured_image_url":null,"spectra_blocks_author_info":{"display_name":"Jornal da Constru\u00e7\u00e3o Civil","avatar_url":"https:\/\/secure.gravatar.com\/avatar\/973c9774fd44ddaceb026973c4962faa70fc512bc4c9da68e8ebb40fecee6540?s=96&d=mm&r=g","author_link":"https:\/\/construcaocivil.siriusmarketingedesign.com.br\/?author=1","description":"Desde de 2013, levando muitas informa\u00e7\u00f5es, lan\u00e7amentos e produtos de qualidade para toda cadeia produtiva da constru\u00e7\u00e3o. O Futuro da constru\u00e7\u00e3o passa por aqui,"},"uagb_featured_image_src":{"full":false,"thumbnail":false,"medium":false,"medium_large":false,"large":false,"1536x1536":false,"2048x2048":false},"uagb_author_info":{"display_name":"Jornal da Constru\u00e7\u00e3o Civil","author_link":"https:\/\/construcaocivil.siriusmarketingedesign.com.br\/?author=1"},"uagb_comment_info":0,"uagb_excerpt":"Com adapta\u00e7\u00e3o da m\u00fasica \u201cOra\u00e7\u00e3o\u201d, de L\u00e9o Fressato, v\u00eddeo refor\u00e7a valor dos profissionais em homenagem ao Dia do Pintor Outubro, 2017 &#8211; Colorir o mundo como miss\u00e3o \u00e9 o conceito da nova campanha da Futura Tintas para celebrar o Dia do Pintor, comemorado ontem, quarta-feira (18). O v\u00eddeo traz a participa\u00e7\u00e3o de 170 profissionais formados&hellip;","_links":{"self":[{"href":"https:\/\/construcaocivil.siriusmarketingedesign.com.br\/index.php?rest_route=\/wp\/v2\/posts\/8004","targetHints":{"allow":["GET"]}}],"collection":[{"href":"https:\/\/construcaocivil.siriusmarketingedesign.com.br\/index.php?rest_route=\/wp\/v2\/posts"}],"about":[{"href":"https:\/\/construcaocivil.siriusmarketingedesign.com.br\/index.php?rest_route=\/wp\/v2\/types\/post"}],"author":[{"embeddable":true,"href":"https:\/\/construcaocivil.siriusmarketingedesign.com.br\/index.php?rest_route=\/wp\/v2\/users\/1"}],"replies":[{"embeddable":true,"href":"https:\/\/construcaocivil.siriusmarketingedesign.com.br\/index.php?rest_route=%2Fwp%2Fv2%2Fcomments&post=8004"}],"version-history":[{"count":0,"href":"https:\/\/construcaocivil.siriusmarketingedesign.com.br\/index.php?rest_route=\/wp\/v2\/posts\/8004\/revisions"}],"wp:attachment":[{"href":"https:\/\/construcaocivil.siriusmarketingedesign.com.br\/index.php?rest_route=%2Fwp%2Fv2%2Fmedia&parent=8004"}],"wp:term":[{"taxonomy":"category","embeddable":true,"href":"https:\/\/construcaocivil.siriusmarketingedesign.com.br\/index.php?rest_route=%2Fwp%2Fv2%2Fcategories&post=8004"},{"taxonomy":"post_tag","embeddable":true,"href":"https:\/\/construcaocivil.siriusmarketingedesign.com.br\/index.php?rest_route=%2Fwp%2Fv2%2Ftags&post=8004"}],"curies":[{"name":"wp","href":"https:\/\/api.w.org\/{rel}","templated":true}]}}