{"id":801,"date":"2016-01-30T18:13:15","date_gmt":"2016-01-30T18:13:15","guid":{"rendered":"http:\/\/www.jornaldaconstrucaocivil.com.br\/?p=801"},"modified":"2016-01-30T18:13:15","modified_gmt":"2016-01-30T18:13:15","slug":"construcao-civil-aprova-iniciativa-do-governo-mas-rejeita-uso-do-fgts-como-lastro-para-credito-consignado","status":"publish","type":"post","link":"https:\/\/construcaocivil.siriusmarketingedesign.com.br\/?p=801","title":{"rendered":"CONSTRU\u00c7\u00c3O CIVIL APROVA INICIATIVA DO GOVERNO, MAS REJEITA USO DO FGTS COMO LASTRO PARA CR\u00c9DITO CONSIGNADO"},"content":{"rendered":"<p>&nbsp;<\/p>\n<p><span style=\"color: #0000ff;\"><span style=\"font-size: medium;\">SETOR SINALIZA VOTO DE CONFIAN\u00c7A, APOIA O DI\u00c1LOGO E ESPERA AGILIDADE <\/span>NA DEFINI\u00c7\u00c3O DE REFORMAS QUE REDUZAM OS GASTOS P\u00daBLICOS<\/span><\/p>\n<p><span style=\"color: #ff0000;\">Boletim CBIC<\/span><\/p>\n<p><span style=\"color: #000000; font-size: medium;\">O pacote de medidas para reanimar a economia anunciado pelo governo na reuni\u00e3o do Conselho de Desenvolvimento Econ\u00f4mico e Social (CDES) foi recebido com ressalvas pela constru\u00e7\u00e3o civil. O setor aprovou as medidas com que o governo planeja aquecer a economia, mas voltou a defender uma a\u00e7\u00e3o efetiva e r\u00e1pida na dire\u00e7\u00e3o de reformas estruturais que levem \u00e0 redu\u00e7\u00e3o dos gastos p\u00fablicos e ao saneamento fiscal da Uni\u00e3o, com vistas a resgatar a capacidade de investimento do pa\u00eds. Nessa agenda, o foco principal \u00e9 o corte de gastos com a m\u00e1quina p\u00fablica, a revis\u00e3o de despesas obrigat\u00f3rias e as reformas da Previd\u00eancia e trabalhista. Tr\u00eas das medidas apresentadas pela equipe econ\u00f4mica destinam-se a dinamizar a constru\u00e7\u00e3o civil: o governo autorizou o uso da multa e de parte do saldo do FGTS como garantia em opera\u00e7\u00f5es de cr\u00e9dito consignado para trabalhadores do setor privado que tenham sido demitidos sem justa causa. Essa medida ser\u00e1 tomada por interm\u00e9dio de Medida Provis\u00f3ria, depende de aprova\u00e7\u00e3o do <\/span><span style=\"font-size: medium;\"><span style=\"color: #000000;\">Congresso e, com ela, o governo espera estimular R$ 17 bilh\u00f5es no mercado; liberou R$ 10 bilh\u00f5es em recursos do FGTS para cr\u00e9dito habitacional; e abrir\u00e1 linhas de cr\u00e9dito para infraestrutura com recursos do FI-FGTS, da ordem de R$ 22 bilh\u00f5es.<\/span> <\/span><\/p>\n<figure id=\"attachment_802\" aria-describedby=\"caption-attachment-802\" style=\"width: 561px\" class=\"wp-caption alignleft\"><a href=\"http:\/\/www.jornaldaconstrucaocivil.com.br\/wp-content\/uploads\/2016\/01\/Encontro-Dilma.jpg\"><img loading=\"lazy\" decoding=\"async\" class=\"wp-image-802\" src=\"http:\/\/www.jornaldaconstrucaocivil.com.br\/wp-content\/uploads\/2016\/01\/Encontro-Dilma-300x101.jpg\" alt=\"Encontro Dilma\" width=\"561\" height=\"189\" \/><\/a><figcaption id=\"caption-attachment-802\" class=\"wp-caption-text\"><span style=\"color: #ff0000;\">Cr\u00e9dito: Roberto Stuckert Filho\/PR<\/span><\/figcaption><\/figure>\n<p><span style=\"color: #000000;\">O setor apoia as demais medidas, mas rejeita a libera\u00e7\u00e3o de recursos do FGTS para lastrear cr\u00e9dito consignado para o trabalhador da iniciativa privada. &#8220;Isso pode estimular o trabalhador a recorrer ao FGTS para pagar d\u00edvidas e induzir \u00e0 informalidade. N\u00f3s n\u00e3o concordamos&#8221;, diz Jos\u00e9 Carlos Martins, presidente da C\u00e2mara Brasileira da Ind\u00fastria da Constru\u00e7\u00e3o (CBIC) e representante da constru\u00e7\u00e3o civil no CDES. Segundo ele, \u00e9 preciso cuidado para n\u00e3o desvirtuar o modelo do Fundo nem induzir o trabalhador a mais endividamento, considerando que aqueles empregados na iniciativa privada n\u00e3o est\u00e3o protegidos pela estabilidade. Vocalizando a expectativa da constru\u00e7\u00e3o civil, Martins enfatizou que medidas pontuais s\u00e3o importantes, mas n\u00e3o substituem a\u00e7\u00f5es que corrijam os problemas estruturais e hist\u00f3ricos do pa\u00eds, cujos efeitos sustentam a crise atual e emperram uma vis\u00e3o de futuro para o Brasil.<\/span><\/p>\n<p><span style=\"color: #000000;\">Segundo ele, foi positiva a primeira reuni\u00e3o CDES, \u00f3rg\u00e3o vinculado \u00e0 Presid\u00eancia da Rep\u00fablica, mas a expectativa da constru\u00e7\u00e3o civil \u00e9 que desse di\u00e1logo resulte medidas efetivas para reverter a crise. &#8220;A reuni\u00e3o foi positiva, com propostas estruturais, mas o mais importante \u00e9 o desdobramento disso&#8221;, diz Martins. Na sua avalia\u00e7\u00e3o, a presidente Dilma Rousseff demonstrou humildade ao afirmar que n\u00e3o h\u00e1 assunto interditado para o debate e defender o di\u00e1logo, mas o desafio do governo \u00e9 apresentar rapidamente uma agenda com os pr\u00f3ximos passos na dire\u00e7\u00e3o de reformas que levem a um ajuste fiscal consistente. A constru\u00e7\u00e3o civil vem discutindo internamente, em seus f\u00f3runs, como recuperar a capacidade de investimento e melhorar o ambiente de neg\u00f3cios no Brasil.<\/span><\/p>\n<p><span style=\"color: #0000ff;\">Essa preocupa\u00e7\u00e3o tem pautado suas comiss\u00f5es <\/span><\/p>\n<p align=\"JUSTIFY\"><span style=\"color: #000000;\">t\u00e9cnicas e o di\u00e1logo de seus dirigentes \u2013 h\u00e1 consenso no setor na percep\u00e7\u00e3o de ter chegado o momento de enfrentar temas pol\u00eamicos, e at\u00e9 mesmo impopulares, para construir um horizonte de longo prazo para o pa\u00eds. &#8220;N\u00e3o d\u00e1 mais para apoiar a cria\u00e7\u00e3o ou o aumento de impostos, como a CPMF, sem resolver o tamanho da m\u00e1quina p\u00fablica e os gastos obrigat\u00f3rios&#8221;, avisa Martins. Segundo ele, a constru\u00e7\u00e3o quer debater como melhorar o gasto p\u00fablico, rever suas prioridades e pol\u00edticas de incentivo, de forma a liberar os recursos necess\u00e1rios ao investimento. &#8220;Neste momento, todos perdemos. Se n\u00e3o agirmos r\u00e1pido, muito mais ser\u00e1 perdido e levar\u00e1 mais tempo para recuperar. N\u00f3s estamos \u00e0 disposi\u00e7\u00e3o e o setor da constru\u00e7\u00e3o civil vai trabalhar fortemente. Precisamos come\u00e7ar, agora, uma negocia\u00e7\u00e3o que recoloque o pais no rumo certo&#8221;, diz Martins.<\/span><\/p>\n<p align=\"JUSTIFY\"><span style=\"color: #000000;\">&#8211;<span style=\"color: #ff0000;\"> Ou\u00e7a aqui o discurso do Ministro da Fazenda, Nelson Barbosa: https:\/\/goo.gl\/5UT12u<\/span><\/span><\/p>\n<p><span style=\"color: #ff0000;\">&#8211; Acesse as apresenta\u00e7\u00f5es do Ministro do Planejamento, Valdir Sim\u00e3o ( http:\/\/goo.gl\/7uGfwY ), e do Presidente do Banco Central Alexandre Tombini (http:\/\/goo.gl\/2mcwck ).<\/span><\/p>\n<p>Fonte: CBIC<\/p>\n<p>&nbsp;<\/p>\n<p>&nbsp;<\/p>\n<p>&nbsp;<\/p>\n<p>&nbsp;<\/p>\n<p>&nbsp;<\/p>\n<p>&nbsp;<\/p>\n<p>&nbsp;<\/p>\n","protected":false},"excerpt":{"rendered":"<p>&nbsp; SETOR SINALIZA VOTO DE CONFIAN\u00c7A, APOIA O DI\u00c1LOGO E ESPERA AGILIDADE NA DEFINI\u00c7\u00c3O DE REFORMAS QUE REDUZAM OS GASTOS P\u00daBLICOS Boletim CBIC O pacote de medidas para reanimar a economia anunciado pelo governo na reuni\u00e3o do Conselho de Desenvolvimento Econ\u00f4mico e Social (CDES) foi recebido com ressalvas pela constru\u00e7\u00e3o civil. O setor aprovou as [&hellip;]<\/p>\n","protected":false},"author":1,"featured_media":0,"comment_status":"open","ping_status":"open","sticky":false,"template":"","format":"standard","meta":{"_uag_custom_page_level_css":"","footnotes":""},"categories":[31],"tags":[2029,2826,3148,6096,6310,12165],"class_list":["post-801","post","type-post","status-publish","format-standard","hentry","category-infraestrutura","tag-cbic","tag-construcao-civil","tag-credito","tag-infraestrutura","tag-investimentos","tag-uso-fgts"],"blocksy_meta":[],"spectra_blocks_featured_image_url":null,"spectra_blocks_author_info":{"display_name":"Jornal da Constru\u00e7\u00e3o Civil","avatar_url":"https:\/\/secure.gravatar.com\/avatar\/973c9774fd44ddaceb026973c4962faa70fc512bc4c9da68e8ebb40fecee6540?s=96&d=mm&r=g","author_link":"https:\/\/construcaocivil.siriusmarketingedesign.com.br\/?author=1","description":"Desde de 2013, levando muitas informa\u00e7\u00f5es, lan\u00e7amentos e produtos de qualidade para toda cadeia produtiva da constru\u00e7\u00e3o. O Futuro da constru\u00e7\u00e3o passa por aqui,"},"uagb_featured_image_src":{"full":false,"thumbnail":false,"medium":false,"medium_large":false,"large":false,"1536x1536":false,"2048x2048":false},"uagb_author_info":{"display_name":"Jornal da Constru\u00e7\u00e3o Civil","author_link":"https:\/\/construcaocivil.siriusmarketingedesign.com.br\/?author=1"},"uagb_comment_info":0,"uagb_excerpt":"&nbsp; SETOR SINALIZA VOTO DE CONFIAN\u00c7A, APOIA O DI\u00c1LOGO E ESPERA AGILIDADE NA DEFINI\u00c7\u00c3O DE REFORMAS QUE REDUZAM OS GASTOS P\u00daBLICOS Boletim CBIC O pacote de medidas para reanimar a economia anunciado pelo governo na reuni\u00e3o do Conselho de Desenvolvimento Econ\u00f4mico e Social (CDES) foi recebido com ressalvas pela constru\u00e7\u00e3o civil. O setor aprovou as&hellip;","_links":{"self":[{"href":"https:\/\/construcaocivil.siriusmarketingedesign.com.br\/index.php?rest_route=\/wp\/v2\/posts\/801","targetHints":{"allow":["GET"]}}],"collection":[{"href":"https:\/\/construcaocivil.siriusmarketingedesign.com.br\/index.php?rest_route=\/wp\/v2\/posts"}],"about":[{"href":"https:\/\/construcaocivil.siriusmarketingedesign.com.br\/index.php?rest_route=\/wp\/v2\/types\/post"}],"author":[{"embeddable":true,"href":"https:\/\/construcaocivil.siriusmarketingedesign.com.br\/index.php?rest_route=\/wp\/v2\/users\/1"}],"replies":[{"embeddable":true,"href":"https:\/\/construcaocivil.siriusmarketingedesign.com.br\/index.php?rest_route=%2Fwp%2Fv2%2Fcomments&post=801"}],"version-history":[{"count":0,"href":"https:\/\/construcaocivil.siriusmarketingedesign.com.br\/index.php?rest_route=\/wp\/v2\/posts\/801\/revisions"}],"wp:attachment":[{"href":"https:\/\/construcaocivil.siriusmarketingedesign.com.br\/index.php?rest_route=%2Fwp%2Fv2%2Fmedia&parent=801"}],"wp:term":[{"taxonomy":"category","embeddable":true,"href":"https:\/\/construcaocivil.siriusmarketingedesign.com.br\/index.php?rest_route=%2Fwp%2Fv2%2Fcategories&post=801"},{"taxonomy":"post_tag","embeddable":true,"href":"https:\/\/construcaocivil.siriusmarketingedesign.com.br\/index.php?rest_route=%2Fwp%2Fv2%2Ftags&post=801"}],"curies":[{"name":"wp","href":"https:\/\/api.w.org\/{rel}","templated":true}]}}