{"id":8015,"date":"2017-10-20T16:30:49","date_gmt":"2017-10-20T19:30:49","guid":{"rendered":"https:\/\/jornaldaconstrucaocivil.com.br\/?p=8015"},"modified":"2017-10-20T16:30:49","modified_gmt":"2017-10-20T19:30:49","slug":"construcao-civil-gera-apenas-380-empregos-no-mes-de-setembro-segundo-caged","status":"publish","type":"post","link":"https:\/\/construcaocivil.siriusmarketingedesign.com.br\/?p=8015","title":{"rendered":"Constru\u00e7\u00e3o Civil gera apenas 380 empregos no m\u00eas de setembro, segundo CAGED"},"content":{"rendered":"<p style=\"text-align: justify;\">Da Reda\u00e7\u00e3o<\/p>\n<p style=\"text-align: justify;\"><span style=\"color: #000000;\"><span style=\"color: #993300;\">Outubro, 2017<\/span> &#8211; O Minist\u00e9rio do Trabalho divulgou ontem(19), o balan\u00e7o da abertura de novos empregos no Brasil. De acordo com dados do Cadastro Geral de Empregados e Desempregados(Caged), o pa\u00eds abriu 34.392 vagas de emprego, aumento de 0,1% em compara\u00e7\u00e3o ao m\u00eas de agosto\/17. \u00a0Apesar do crescimento positivo de postos de trabalho, os n\u00fameros s\u00e3o ainda t\u00edmidos para a dimens\u00e3o de pessoas sem empregos, cerca de 13 milh\u00f5es segundo o IBGE\u00a0 \u00e9, 22 milh\u00f5es no trabalho informal. Ou seja, o Brasil est\u00e1 com quase 1\/4 da popula\u00e7\u00e3o sem trabalho fixo mensal.\u00a0<\/span><\/p>\n<figure id=\"attachment_5923\" aria-describedby=\"caption-attachment-5923\" style=\"width: 300px\" class=\"wp-caption alignleft\"><a href=\"https:\/\/jornaldaconstrucaocivil.com.br\/wp-content\/uploads\/2017\/04\/TRABALHADORES-COMPERJ.jpg\"><img loading=\"lazy\" decoding=\"async\" class=\"wp-image-5923 size-medium\" src=\"https:\/\/jornaldaconstrucaocivil.com.br\/wp-content\/uploads\/2017\/04\/TRABALHADORES-COMPERJ-300x225.jpg\" alt=\"TRABALHADORES-COMPERJ\" width=\"300\" height=\"225\" \/><\/a><figcaption id=\"caption-attachment-5923\" class=\"wp-caption-text\">Trabalhadores da Constru\u00e7\u00e3o Civil ainda sofrem com a crise. Cr\u00e9ditos:JCC<\/figcaption><\/figure>\n<p style=\"text-align: justify;\"><span style=\"color: #000000;\">Na Constru\u00e7\u00e3o Civil, setor que sofre bastante em decorr\u00eancia de v\u00e1rios problemas, como a opera\u00e7\u00e3o Lava Jato, Falta de financiamento e investimentos para infraestrutura, \u00e9 ainda possui 5 mil obras paralisadas perdeu ao longo dos \u00faltimos anos, 1 milh\u00e3o de trabalhadores.\u00a0 Para quem s\u00f3 criou 380 empregos em setembro\/17, imagina o problema para o governo resolver.<\/span><\/p>\n<p style=\"text-align: justify;\"><span style=\"color: #000000;\">Em rela\u00e7\u00e3o aos n\u00fameros do CAGED,\u00a0 08 setores de atividade econ\u00f4mica que apresentaram crescimento no n\u00edvel de emprego s\u00e3o: Ind\u00fastria de Transforma\u00e7\u00e3o (+25.684 postos), Com\u00e9rcio (+15.040 empregos), Servi\u00e7os (+3.743) e Constru\u00e7\u00e3o Civil (<span style=\"color: #993300;\">+380 postos<\/span>). Para o Ministro do Trabalho Ronaldo Nogueira este momento reflete: <span style=\"color: #333399;\"><em>\u201cO otimismo da ind\u00fastria j\u00e1 se traduz em n\u00fameros na produ\u00e7\u00e3o e na gera\u00e7\u00e3o de empregos do setor, e esse resultado tamb\u00e9m est\u00e1 chegando a outras \u00e1reas da economia\u201d<\/em><\/span>, explica o ministro .<\/span><\/p>\n<p style=\"text-align: justify;\"><span style=\"color: #000000;\">Importante que chama muita aten\u00e7\u00e3o no setor de constru\u00e7\u00e3o civil \u00e9 que as vagas abertas s\u00e3o especialmente ligadas ao setor el\u00e9trico. Nos dados do CAGED mostra a\u00a0Constru\u00e7\u00e3o Civil registrando saldo positivo em Obras para Gera\u00e7\u00e3o e Distribui\u00e7\u00e3o de Energia El\u00e9trica e para Telecomunica\u00e7\u00f5es (+2.293 postos) e em Instala\u00e7\u00f5es El\u00e9tricas (+1.050 postos).<\/span><\/p>\n<p style=\"text-align: justify;\">Regi\u00f5es e Estados: O nordeste foi o a regi\u00e3o que mais criou empregos\u00a0com abertura de +29.644 vagas. As regi\u00f5es <span style=\"color: #000000;\">Sul (+10.534 vagas) e Norte (+5.349 vagas) tamb\u00e9m tiveram n\u00fameros positivos. J\u00e1 nas Regi\u00f5es Sudeste e Centro-Oeste houve redu\u00e7\u00e3o, respectivamente, de -8.987 postos e -2.148 empregos.<\/span><\/p>\n<p style=\"text-align: justify;\"><span style=\"color: #000000;\">O Caged foi positivo em 20 das 27 Unidades da Federa\u00e7\u00e3o. O melhor resultado do m\u00eas foi de Pernambuco, que abriu 13.992 novos empregos, motivado principalmente pela expans\u00e3o da Ind\u00fastria de Transforma\u00e7\u00e3o (+10.073 postos), Agropecu\u00e1ria (+3.728 postos), Com\u00e9rcio (+824 postos) e Constru\u00e7\u00e3o Civil (+201 postos). Tamb\u00e9m se destacaram os estados de Santa Catarina (+8.011 empregos), Alagoas (+7.411), Par\u00e1 (+3.283), Paran\u00e1 (+2.801), Bahia (+2.297), e Cear\u00e1 (+2.161).<\/span><\/p>\n<p style=\"text-align: justify;\"><span style=\"color: #000000;\">Por outro lado, o Rio de Janeiro (-4.769 empregos), Minas Gerais (-4.291) e Goi\u00e1s (-3.493) tiveram as maiores redu\u00e7\u00f5es no estoque de empregos em setembro.<\/span><\/p>\n<p style=\"text-align: justify;\"><span style=\"color: #000000;\">Sal\u00e1rio \u2013 Segundo o Caged, o sal\u00e1rio m\u00e9dio de admiss\u00e3o em setembro de 2017 foi de R$ 1.478,52 e o sal\u00e1rio m\u00e9dio de demiss\u00e3o foi de R$ 1.685,37. Em termos reais (deflacionado pelo INPC), no acumulado de 12 meses, os ganhos reais foram de R$ 78,27 (admiss\u00e3o) e R$ 59,50 (demiss\u00e3o).<\/span><\/p>\n<p style=\"text-align: justify;\">Fonte: Ascom\/Minist\u00e9rio do Trabalho<\/p>\n<p>&nbsp;<\/p>\n","protected":false},"excerpt":{"rendered":"<p>Da Reda\u00e7\u00e3o Outubro, 2017 &#8211; O Minist\u00e9rio do Trabalho divulgou ontem(19), o balan\u00e7o da abertura de novos empregos no Brasil. De acordo com dados do Cadastro Geral de Empregados e Desempregados(Caged), o pa\u00eds abriu 34.392 vagas de emprego, aumento de 0,1% em compara\u00e7\u00e3o ao m\u00eas de agosto\/17. \u00a0Apesar do crescimento positivo de postos de trabalho, [&hellip;]<\/p>\n","protected":false},"author":1,"featured_media":5923,"comment_status":"open","ping_status":"open","sticky":false,"template":"","format":"standard","meta":{"_uag_custom_page_level_css":"","footnotes":""},"categories":[27],"tags":[175,1672,2830,3199,3856,5395,5410,5554,6326,7720,8390,10111,10998],"class_list":["post-8015","post","type-post","status-publish","format-standard","has-post-thumbnail","hentry","category-acontece","tag-380-empregos-criados-na-construcao-civil","tag-caged","tag-construcao-civil-continua-em-baixa","tag-crise-ainda-persiste","tag-economia","tag-geracao-de-empregos-cresce-no-brasil","tag-geracao-e-distribuicao-de-energia-gera-empregos-na-construcao-civil","tag-governo-federal","tag-investimentos-em-infraestrutura","tag-ministerio-do-trabalho","tag-obras-paralisadas","tag-regiao-nordeste-e-o-destaque-nacional","tag-setor-de-energia"],"blocksy_meta":[],"spectra_blocks_featured_image_url":[],"spectra_blocks_author_info":{"display_name":"Jornal da Constru\u00e7\u00e3o Civil","avatar_url":"https:\/\/secure.gravatar.com\/avatar\/973c9774fd44ddaceb026973c4962faa70fc512bc4c9da68e8ebb40fecee6540?s=96&d=mm&r=g","author_link":"https:\/\/construcaocivil.siriusmarketingedesign.com.br\/?author=1","description":"Desde de 2013, levando muitas informa\u00e7\u00f5es, lan\u00e7amentos e produtos de qualidade para toda cadeia produtiva da constru\u00e7\u00e3o. O Futuro da constru\u00e7\u00e3o passa por aqui,"},"uagb_featured_image_src":{"full":false,"thumbnail":false,"medium":false,"medium_large":false,"large":false,"1536x1536":false,"2048x2048":false},"uagb_author_info":{"display_name":"Jornal da Constru\u00e7\u00e3o Civil","author_link":"https:\/\/construcaocivil.siriusmarketingedesign.com.br\/?author=1"},"uagb_comment_info":0,"uagb_excerpt":"Da Reda\u00e7\u00e3o Outubro, 2017 &#8211; O Minist\u00e9rio do Trabalho divulgou ontem(19), o balan\u00e7o da abertura de novos empregos no Brasil. De acordo com dados do Cadastro Geral de Empregados e Desempregados(Caged), o pa\u00eds abriu 34.392 vagas de emprego, aumento de 0,1% em compara\u00e7\u00e3o ao m\u00eas de agosto\/17. \u00a0Apesar do crescimento positivo de postos de trabalho,&hellip;","_links":{"self":[{"href":"https:\/\/construcaocivil.siriusmarketingedesign.com.br\/index.php?rest_route=\/wp\/v2\/posts\/8015","targetHints":{"allow":["GET"]}}],"collection":[{"href":"https:\/\/construcaocivil.siriusmarketingedesign.com.br\/index.php?rest_route=\/wp\/v2\/posts"}],"about":[{"href":"https:\/\/construcaocivil.siriusmarketingedesign.com.br\/index.php?rest_route=\/wp\/v2\/types\/post"}],"author":[{"embeddable":true,"href":"https:\/\/construcaocivil.siriusmarketingedesign.com.br\/index.php?rest_route=\/wp\/v2\/users\/1"}],"replies":[{"embeddable":true,"href":"https:\/\/construcaocivil.siriusmarketingedesign.com.br\/index.php?rest_route=%2Fwp%2Fv2%2Fcomments&post=8015"}],"version-history":[{"count":0,"href":"https:\/\/construcaocivil.siriusmarketingedesign.com.br\/index.php?rest_route=\/wp\/v2\/posts\/8015\/revisions"}],"wp:attachment":[{"href":"https:\/\/construcaocivil.siriusmarketingedesign.com.br\/index.php?rest_route=%2Fwp%2Fv2%2Fmedia&parent=8015"}],"wp:term":[{"taxonomy":"category","embeddable":true,"href":"https:\/\/construcaocivil.siriusmarketingedesign.com.br\/index.php?rest_route=%2Fwp%2Fv2%2Fcategories&post=8015"},{"taxonomy":"post_tag","embeddable":true,"href":"https:\/\/construcaocivil.siriusmarketingedesign.com.br\/index.php?rest_route=%2Fwp%2Fv2%2Ftags&post=8015"}],"curies":[{"name":"wp","href":"https:\/\/api.w.org\/{rel}","templated":true}]}}