{"id":8032,"date":"2017-10-20T16:06:05","date_gmt":"2017-10-20T19:06:05","guid":{"rendered":"https:\/\/jornaldaconstrucaocivil.com.br\/?p=8032"},"modified":"2017-10-20T16:06:05","modified_gmt":"2017-10-20T19:06:05","slug":"rio-de-janeiro-sedia-maior-evento-de-empreendedorismo-inovador-da-america-latina","status":"publish","type":"post","link":"https:\/\/construcaocivil.siriusmarketingedesign.com.br\/?p=8032","title":{"rendered":"Rio de Janeiro sedia maior evento de empreendedorismo inovador da Am\u00e9rica Latina"},"content":{"rendered":"<p style=\"text-align: justify;\"><span style=\"color: #000000;\"><em>Parque Tecnol\u00f3gico da UFRJ \u00e9 o organizador local da Confer\u00eancia Anprotec 2017, que reunir\u00e1, de 23 a 26 de\u00a0outubro, especialistas do Brasil e do mundo para debater o impacto da inova\u00e7\u00e3o na transforma\u00e7\u00e3o das cidades.<\/em><\/span><\/p>\n<p style=\"text-align: justify;\"><span style=\"color: #000000;\"><span style=\"color: #0000ff;\">Rio, outubro, 2017<\/span> &#8211; Do dia 23 ao dia 26 de outubro vai acontecer a 27\u00aa Confer\u00eancia Anprotec de Empreendedorismo e Ambientes de Inova\u00e7\u00e3o, maior evento de empreendedorismo inovador da Am\u00e9rica Latina. Realizada pela Anprotec\u00a0(Associa\u00e7\u00e3o Nacional de Entidades Promotoras de Empreendimentos Inovadores)\u00a0em parceria com o Sebrae, ela conta com a organiza\u00e7\u00e3o local do Parque Tecnol\u00f3gico da UFRJ. Comemorando os 30 anos da\u00a0entidade, essa edi\u00e7\u00e3o da confer\u00eancia, que ser\u00e1 realizada no Centro de Conven\u00e7\u00f5es Sul Am\u00e9rica, no centro da cidade,\u00a0tem como\u00a0tema <span style=\"color: #993300;\">\u201cInova\u00e7\u00e3o e empreendedorismo transformando cidades\u201d<\/span>.<\/span><\/p>\n<p style=\"text-align: justify;\"><span style=\"color: #000000;\">Desafios, conquistas e hist\u00f3rias do empreendedorismo inovador brasileiro ser\u00e3o compartilhados ao longo da programa\u00e7\u00e3o, que tamb\u00e9m prop\u00f5e uma reflex\u00e3o sobre o futuro do movimento. A programa\u00e7\u00e3o inclui palestras, cursos e debates sobre temas como governan\u00e7a de parques tecnol\u00f3gicos, a evolu\u00e7\u00e3o dos ecossistemas de inova\u00e7\u00e3o, o Brasil e a nova geopol\u00edtica global, o empreendedorismo inovador no Brasil, branding, sustentabilidade, entre outros.<\/span><\/p>\n<p style=\"text-align: justify;\"><span style=\"color: #000000;\">O evento contar\u00e1 com a presen\u00e7a de especialistas em empreendedorismo e inova\u00e7\u00e3o como Boaz Golany, vice-presidente de Rela\u00e7\u00f5es Externas e Desenvolvimento do Instituto de Tecnologia de Israel (Technion); Luis Sanz, diretor geral da Associa\u00e7\u00e3o Internacional de Parques Tecnol\u00f3gicos (IASP); Maur\u00edcio Guedes, fundador do Parque Tecnol\u00f3gico da UFRJ; Rubens Barbosa, ex-embaixador do Brasil em Londres e Washington e fundador do Instituto de Rela\u00e7\u00f5es Internacionais e Com\u00e9rcio Exterior (Irice); Josep Piqu\u00e9, presidente da Associa\u00e7\u00e3o Internacional de Parques Cient\u00edficos e \u00c1reas de Inova\u00e7\u00e3o (Iasp); Guilherme Ary Plonski, ex-presidente da Anprotec e coordenador cient\u00edfico do N\u00facleo de Pol\u00edtica e Gest\u00e3o Tecnol\u00f3gica da USP e Jorge Luis Nicolas Audy, presidente da Anprotec. A confer\u00eancia tamb\u00e9m ir\u00e1 promover uma palestra especial com o carnavalesco Paulo Barros, conhecido por inovar no carnaval carioca.<\/span><\/p>\n<p style=\"text-align: justify;\"><span style=\"color: #000000;\">Na opini\u00e3o de Jorge Audy, presidente da Anprotec, o evento esse ano tem o papel de debater quest\u00f5es importantes para o futuro do movimento empreendedor no Brasil: \u201cA confer\u00eancia Anprotec deste ano marca os 30 anos da nossa associa\u00e7\u00e3o, trazendo para o Brasil grandes autoridades mundiais da \u00e1rea de inova\u00e7\u00e3o e do empreendedorismo. A tem\u00e1tica \u00e9 extremamente atual e nos possibilitar\u00e1 refletir sobre o futuro do movimento do empreendedorismo inovador no Brasil, tendo como base o papel de transforma\u00e7\u00e3o das cidades\u201d.<\/span><\/p>\n<p style=\"text-align: justify;\"><span style=\"color: #000000;\">No dia 26, os participantes da 27\u00aa Confer\u00eancia Anprotec ter\u00e3o a op\u00e7\u00e3o de visitar dois ambientes de inova\u00e7\u00e3o relevantes para a cidade do Rio de Janeiro: o Parque Tecnol\u00f3gico da UFRJ e o Instituto G\u00eanesis, da PUC-Rio. No Parque Tecnol\u00f3gico da UFRJ a visita t\u00e9cnica contar\u00e1 com um passeio por todo ambiente de inova\u00e7\u00e3o do Parque e da Incubadora de Empresas da COPPE, al\u00e9m de visitas a laborat\u00f3rios, startups e ao centro de pesquisas da Ambev. O Instituto G\u00eanesis ir\u00e1 realizar visita ao Campus da PUC-Rio, passando por laborat\u00f3rios de Engenharia da Universidade, Sala de Empreendedorismo, Tendas de Arte e Design, e o Departamento de Design.<\/span><\/p>\n<p style=\"text-align: justify;\"><span style=\"color: #000000;\">Para Jos\u00e9 Carlos Pinto, diretor do Parque Tecnol\u00f3gico da UFRJ, uma sociedade s\u00f3 ir\u00e1 evoluir se olhar com aten\u00e7\u00e3o para as atividades de inova\u00e7\u00e3o e empreendedorismo: <span style=\"color: #333399;\"><em>\u201cNo mundo atual, a economia gira em torno do conhecimento. Um pa\u00eds que pretende avan\u00e7ar precisa pensar na qualidade dos produtos e dos servi\u00e7os que ele oferece para a sociedade. O empreendedorismo e a inova\u00e7\u00e3o t\u00eam essa importante miss\u00e3o de embarcar mais tecnologia e mais conhecimento nos nossos produtos e servi\u00e7os\u201d.<\/em><\/span><\/span><\/p>\n<p style=\"text-align: justify;\"><span style=\"color: #000000;\">Toda a programa\u00e7\u00e3o e detalhes do evento est\u00e3o no site da confer\u00eancia<\/span> (<span style=\"text-decoration: underline;\"><span style=\"color: #0000ff;\"><a style=\"color: #0000ff; text-decoration: underline;\" href=\"http:\/\/conferenciaanprotec.com.br\/\">http:\/\/conferenciaanprotec.com.br\/<\/a><\/span><\/span>)<\/p>\n<p><span style=\"color: #000000;\"><strong>Sobre a Anprotec:<\/strong><\/span><\/p>\n<p style=\"text-align: justify;\">Criada em 1987, a\u00a0<span style=\"text-decoration: underline;\"><span style=\"color: #0000ff;\"><a style=\"color: #0000ff; text-decoration: underline;\" href=\"http:\/\/anprotec.org.br\/\">Associa\u00e7\u00e3o Nacional de Entidades Promotoras de Empreendimentos Inovadores (Anprotec)<\/a><\/span><\/span>\u00a0re\u00fane cerca de 350 associados, entre incubadoras de empresas, parques tecnol\u00f3gicos, institui\u00e7\u00f5es de ensino e pesquisa, \u00f3rg\u00e3os p\u00fablicos e outras entidades ligadas a empreendedorismo e inova\u00e7\u00e3o. L\u00edder do movimento no Brasil, atua por meio da promo\u00e7\u00e3o de atividades de capacita\u00e7\u00e3o, articula\u00e7\u00e3o de pol\u00edticas p\u00fablicas, gera\u00e7\u00e3o e dissemina\u00e7\u00e3o de conhecimentos.<\/p>\n<p><span style=\"color: #000000;\"><strong>Sobre o Parque Tecnol\u00f3gico da UFRJ: <\/strong><\/span><\/p>\n<p style=\"text-align: justify;\"><span style=\"color: #000000;\">O Parque Tecnol\u00f3gico da UFRJ \u00e9 um ambiente de inova\u00e7\u00e3o dentro da UFRJ que permite a intera\u00e7\u00e3o entre a universidade \u2013 alunos e corpo t\u00e9cnico-acad\u00eamico \u2013 e as empresas, transformando conhecimento em emprego e renda e oferecendo produtos e servi\u00e7os inovadores para a sociedade. Inaugurado em 2003, o Parque ocupa uma \u00e1rea de 350 mil metros quadrados e abriga centros de pesquisa de empresas inovadoras, laborat\u00f3rios da UFRJ, uma incubadora de empresas e espa\u00e7os para desenvolvimento do empreendedorismo e inova\u00e7\u00e3o.<\/span><\/p>\n<p style=\"text-align: justify;\">Fonte: Imprensa\/Anprotec<\/p>\n","protected":false},"excerpt":{"rendered":"<p>Parque Tecnol\u00f3gico da UFRJ \u00e9 o organizador local da Confer\u00eancia Anprotec 2017, que reunir\u00e1, de 23 a 26 de\u00a0outubro, especialistas do Brasil e do mundo para debater o impacto da inova\u00e7\u00e3o na transforma\u00e7\u00e3o das cidades. Rio, outubro, 2017 &#8211; Do dia 23 ao dia 26 de outubro vai acontecer a 27\u00aa Confer\u00eancia Anprotec de Empreendedorismo [&hellip;]<\/p>\n","protected":false},"author":1,"featured_media":0,"comment_status":"open","ping_status":"open","sticky":false,"template":"","format":"standard","meta":{"_uag_custom_page_level_css":"","footnotes":""},"categories":[27],"tags":[681,1045,2265,2286,2721,3025,4117,8687,8848,10375,10721,11590],"class_list":["post-8032","post","type-post","status-publish","format-standard","hentry","category-acontece","tag-america-latina","tag-associacao-nacional-de-entidades-promotoras-de-empreendimentos-inovadores-anprotec","tag-cidades-conectadas","tag-cientistas-nacionais-e-estrangeiros","tag-conferencia-anprotec-2017","tag-conteudo-local","tag-empreendedorismo-inovador","tag-parque-tecnologico-da-ufrj","tag-pesquisadores","tag-rio-de-janeiro","tag-sebrae","tag-tecnologia-e-igual-a-geracao-de-empregos"],"blocksy_meta":[],"spectra_blocks_featured_image_url":null,"spectra_blocks_author_info":{"display_name":"Jornal da Constru\u00e7\u00e3o Civil","avatar_url":"https:\/\/secure.gravatar.com\/avatar\/973c9774fd44ddaceb026973c4962faa70fc512bc4c9da68e8ebb40fecee6540?s=96&d=mm&r=g","author_link":"https:\/\/construcaocivil.siriusmarketingedesign.com.br\/?author=1","description":"Desde de 2013, levando muitas informa\u00e7\u00f5es, lan\u00e7amentos e produtos de qualidade para toda cadeia produtiva da constru\u00e7\u00e3o. O Futuro da constru\u00e7\u00e3o passa por aqui,"},"uagb_featured_image_src":{"full":false,"thumbnail":false,"medium":false,"medium_large":false,"large":false,"1536x1536":false,"2048x2048":false},"uagb_author_info":{"display_name":"Jornal da Constru\u00e7\u00e3o Civil","author_link":"https:\/\/construcaocivil.siriusmarketingedesign.com.br\/?author=1"},"uagb_comment_info":0,"uagb_excerpt":"Parque Tecnol\u00f3gico da UFRJ \u00e9 o organizador local da Confer\u00eancia Anprotec 2017, que reunir\u00e1, de 23 a 26 de\u00a0outubro, especialistas do Brasil e do mundo para debater o impacto da inova\u00e7\u00e3o na transforma\u00e7\u00e3o das cidades. Rio, outubro, 2017 &#8211; Do dia 23 ao dia 26 de outubro vai acontecer a 27\u00aa Confer\u00eancia Anprotec de Empreendedorismo&hellip;","_links":{"self":[{"href":"https:\/\/construcaocivil.siriusmarketingedesign.com.br\/index.php?rest_route=\/wp\/v2\/posts\/8032","targetHints":{"allow":["GET"]}}],"collection":[{"href":"https:\/\/construcaocivil.siriusmarketingedesign.com.br\/index.php?rest_route=\/wp\/v2\/posts"}],"about":[{"href":"https:\/\/construcaocivil.siriusmarketingedesign.com.br\/index.php?rest_route=\/wp\/v2\/types\/post"}],"author":[{"embeddable":true,"href":"https:\/\/construcaocivil.siriusmarketingedesign.com.br\/index.php?rest_route=\/wp\/v2\/users\/1"}],"replies":[{"embeddable":true,"href":"https:\/\/construcaocivil.siriusmarketingedesign.com.br\/index.php?rest_route=%2Fwp%2Fv2%2Fcomments&post=8032"}],"version-history":[{"count":0,"href":"https:\/\/construcaocivil.siriusmarketingedesign.com.br\/index.php?rest_route=\/wp\/v2\/posts\/8032\/revisions"}],"wp:attachment":[{"href":"https:\/\/construcaocivil.siriusmarketingedesign.com.br\/index.php?rest_route=%2Fwp%2Fv2%2Fmedia&parent=8032"}],"wp:term":[{"taxonomy":"category","embeddable":true,"href":"https:\/\/construcaocivil.siriusmarketingedesign.com.br\/index.php?rest_route=%2Fwp%2Fv2%2Fcategories&post=8032"},{"taxonomy":"post_tag","embeddable":true,"href":"https:\/\/construcaocivil.siriusmarketingedesign.com.br\/index.php?rest_route=%2Fwp%2Fv2%2Ftags&post=8032"}],"curies":[{"name":"wp","href":"https:\/\/api.w.org\/{rel}","templated":true}]}}