{"id":8076,"date":"2017-10-25T12:30:06","date_gmt":"2017-10-25T15:30:06","guid":{"rendered":"https:\/\/jornaldaconstrucaocivil.com.br\/?p=8076"},"modified":"2017-10-25T12:30:06","modified_gmt":"2017-10-25T15:30:06","slug":"mostra-a-construcao-do-patrimonio-apresenta-reflexao-sobre-a-preservacao-do-patrimonio-no-brasil","status":"publish","type":"post","link":"https:\/\/construcaocivil.siriusmarketingedesign.com.br\/?p=8076","title":{"rendered":"Mostra A Constru\u00e7\u00e3o do Patrim\u00f4nio apresenta reflex\u00e3o sobre a preserva\u00e7\u00e3o do patrim\u00f4nio no Brasil"},"content":{"rendered":"<p style=\"text-align: justify;\"><em><strong><span style=\"color: #000000;\">Caixa Cultural Rio de Janeiro re\u00fane mais de 150 obras de importantes acervos brasileiros em exposi\u00e7\u00e3o<\/span><\/strong><\/em><\/p>\n<figure id=\"attachment_8078\" aria-describedby=\"caption-attachment-8078\" style=\"width: 199px\" class=\"wp-caption alignleft\"><a href=\"https:\/\/jornaldaconstrucaocivil.com.br\/wp-content\/uploads\/2017\/10\/9d6aea18-4543-4f0d-9087-c46925a8f5f3.png\"><img loading=\"lazy\" decoding=\"async\" class=\"wp-image-8078 size-medium\" src=\"https:\/\/jornaldaconstrucaocivil.com.br\/wp-content\/uploads\/2017\/10\/9d6aea18-4543-4f0d-9087-c46925a8f5f3-199x300.png\" width=\"199\" height=\"300\" \/><\/a><figcaption id=\"caption-attachment-8078\" class=\"wp-caption-text\">Fotografia\/A\u00e7\u00e3o Ensacamento (1979) 3N\u00f3s3 (Mario Ramiro, Hudinilson Jr. e Rafael Fran\u00e7a) &#8211; Monumento Gra\u00e7a I \/ Victor Brecheret<\/figcaption><\/figure>\n<p style=\"text-align: justify;\"><span style=\"color: #000000;\"><span style=\"color: #993300;\">Rio, outubro, 2017<\/span> &#8211; A CAIXA Cultural do Rio de Janeiro recebe, de 25 de outubro a 22 de dezembro de 2017, a exposi\u00e7\u00e3o A Constru\u00e7\u00e3o do Patrim\u00f4nio, que apresenta mais de 150 obras entre documentos raros, quadros e esculturas, montando um panorama de importantes momentos da hist\u00f3ria das pol\u00edticas p\u00fablicas de preserva\u00e7\u00e3o do Brasil, al\u00e9m dos desafios que envolvem a expans\u00e3o do conceito de patrim\u00f4nio. O projeto tem curadoria de Luiz Fernando de Almeida, ex-presidente do Instituto do Patrim\u00f4nio Hist\u00f3rico e Art\u00edstico Nacional (IPHAN), e patroc\u00ednio da Caixa Econ\u00f4mica Federal e do Governo Federal.<\/span><\/p>\n<p style=\"text-align: justify;\"><span style=\"color: #000000;\">A exposi\u00e7\u00e3o \u00e9 dividida em 12 ambientes. Dentre o acervo exposto, destacam-se registros e obras de Tarsila do Amaral, M\u00e1rio de Andrade, L\u00facio Costa, Marcel Gautherot, Germano Graeser, Eric Hess, Oscar Niemeyer, Pierre Verger, Mestre Vitalino e uma r\u00e9plica de Aleijadinho. Al\u00e9m de importante acervo documental do IPHAN do Rio de Janeiro, S\u00e3o Paulo e Pernambuco, a exposi\u00e7\u00e3o conta ainda com obras do Museu Hist\u00f3rico Nacional, M\u00fasica Nacional de Belas Artes, Instituto de Estudos Brasileiros (IEB-USP), MASP, Funda\u00e7\u00e3o de Arte de Ouro Preto (FAOP), Casa Juscelino Kubitschek, entre outros.<\/span><\/p>\n<p style=\"text-align: justify;\"><span style=\"color: #000000;\">Realizada pelo Instituto Pedra, a mostra faz parte da programa\u00e7\u00e3o das comemora\u00e7\u00f5es dos 80 anos de exist\u00eancia do IPHAN, uma das mais longevas institui\u00e7\u00f5es p\u00fablicas brasileiras e a primeira dedicada \u00e0 preserva\u00e7\u00e3o e promo\u00e7\u00e3o do patrim\u00f4nio cultural na Am\u00e9rica Latina.<\/span><\/p>\n<p><strong>Servi\u00e7o:<\/strong><\/p>\n<p><span style=\"color: #993300;\"><strong>A Constru\u00e7\u00e3o do Patrim\u00f4nio<\/strong><\/span><\/p>\n<p><span style=\"color: #000000;\">Entrada franca<\/span><\/p>\n<p><span style=\"color: #000000;\">Local: CAIXA Cultural Rio de Janeiro \u2013 Galerias 2 e 3<\/span><\/p>\n<p><span style=\"color: #000000;\">Endere\u00e7o: Av. Almirante Barroso, 25, Centro (Metr\u00f4 e VLT: Esta\u00e7\u00e3o Carioca)<\/span><\/p>\n<p><span style=\"color: #000000;\">Telefone: (21) 3980-3815<\/span><\/p>\n<p><span style=\"color: #000000;\">Abertura: 25 de outubro (quarta-feira), \u00e0s 19h<\/span><\/p>\n<p><span style=\"color: #000000;\">Visita\u00e7\u00e3o: de 26 de outubro a 22 de dezembro de 2017<\/span><\/p>\n<p><span style=\"color: #000000;\">Hor\u00e1rio: de ter\u00e7a-feira a domingo, das 10h \u00e0s 21h<\/span><\/p>\n<p><span style=\"color: #000000;\">Classifica\u00e7\u00e3o indicativa: Livre<\/span><\/p>\n<p><span style=\"color: #000000;\">Acesso para pessoas com defici\u00eancia<\/span><\/p>\n","protected":false},"excerpt":{"rendered":"<p>Caixa Cultural Rio de Janeiro re\u00fane mais de 150 obras de importantes acervos brasileiros em exposi\u00e7\u00e3o Rio, outubro, 2017 &#8211; A CAIXA Cultural do Rio de Janeiro recebe, de 25 de outubro a 22 de dezembro de 2017, a exposi\u00e7\u00e3o A Constru\u00e7\u00e3o do Patrim\u00f4nio, que apresenta mais de 150 obras entre documentos raros, quadros e [&hellip;]<\/p>\n","protected":false},"author":1,"featured_media":8077,"comment_status":"open","ping_status":"open","sticky":false,"template":"","format":"standard","meta":{"_uag_custom_page_level_css":"","footnotes":""},"categories":[27],"tags":[1677,3264,6225,7056,7303,7603,7880,8370,8534,10206,11524],"class_list":["post-8076","post","type-post","status-publish","format-standard","has-post-thumbnail","hentry","category-acontece","tag-caixa-cultural-rio-de-janeiro","tag-cultura-e-arte","tag-instituto-do-patrimonio-historico-e-artistico-nacional-iphan","tag-lucio-costa","tag-mario-de-andrade","tag-mestre-vitalino","tag-mostra-a-construcao-do-patrimonio","tag-obras-do-museu-historico-nacional","tag-oscar-niemeyer","tag-replica-de-aleijadinho","tag-tarsila-do-amaral"],"blocksy_meta":[],"spectra_blocks_featured_image_url":[],"spectra_blocks_author_info":{"display_name":"Jornal da Constru\u00e7\u00e3o Civil","avatar_url":"https:\/\/secure.gravatar.com\/avatar\/973c9774fd44ddaceb026973c4962faa70fc512bc4c9da68e8ebb40fecee6540?s=96&d=mm&r=g","author_link":"https:\/\/construcaocivil.siriusmarketingedesign.com.br\/?author=1","description":"Desde de 2013, levando muitas informa\u00e7\u00f5es, lan\u00e7amentos e produtos de qualidade para toda cadeia produtiva da constru\u00e7\u00e3o. O Futuro da constru\u00e7\u00e3o passa por aqui,"},"uagb_featured_image_src":{"full":false,"thumbnail":false,"medium":false,"medium_large":false,"large":false,"1536x1536":false,"2048x2048":false},"uagb_author_info":{"display_name":"Jornal da Constru\u00e7\u00e3o Civil","author_link":"https:\/\/construcaocivil.siriusmarketingedesign.com.br\/?author=1"},"uagb_comment_info":0,"uagb_excerpt":"Caixa Cultural Rio de Janeiro re\u00fane mais de 150 obras de importantes acervos brasileiros em exposi\u00e7\u00e3o Rio, outubro, 2017 &#8211; A CAIXA Cultural do Rio de Janeiro recebe, de 25 de outubro a 22 de dezembro de 2017, a exposi\u00e7\u00e3o A Constru\u00e7\u00e3o do Patrim\u00f4nio, que apresenta mais de 150 obras entre documentos raros, quadros e&hellip;","_links":{"self":[{"href":"https:\/\/construcaocivil.siriusmarketingedesign.com.br\/index.php?rest_route=\/wp\/v2\/posts\/8076","targetHints":{"allow":["GET"]}}],"collection":[{"href":"https:\/\/construcaocivil.siriusmarketingedesign.com.br\/index.php?rest_route=\/wp\/v2\/posts"}],"about":[{"href":"https:\/\/construcaocivil.siriusmarketingedesign.com.br\/index.php?rest_route=\/wp\/v2\/types\/post"}],"author":[{"embeddable":true,"href":"https:\/\/construcaocivil.siriusmarketingedesign.com.br\/index.php?rest_route=\/wp\/v2\/users\/1"}],"replies":[{"embeddable":true,"href":"https:\/\/construcaocivil.siriusmarketingedesign.com.br\/index.php?rest_route=%2Fwp%2Fv2%2Fcomments&post=8076"}],"version-history":[{"count":0,"href":"https:\/\/construcaocivil.siriusmarketingedesign.com.br\/index.php?rest_route=\/wp\/v2\/posts\/8076\/revisions"}],"wp:attachment":[{"href":"https:\/\/construcaocivil.siriusmarketingedesign.com.br\/index.php?rest_route=%2Fwp%2Fv2%2Fmedia&parent=8076"}],"wp:term":[{"taxonomy":"category","embeddable":true,"href":"https:\/\/construcaocivil.siriusmarketingedesign.com.br\/index.php?rest_route=%2Fwp%2Fv2%2Fcategories&post=8076"},{"taxonomy":"post_tag","embeddable":true,"href":"https:\/\/construcaocivil.siriusmarketingedesign.com.br\/index.php?rest_route=%2Fwp%2Fv2%2Ftags&post=8076"}],"curies":[{"name":"wp","href":"https:\/\/api.w.org\/{rel}","templated":true}]}}