{"id":8080,"date":"2017-10-25T12:49:00","date_gmt":"2017-10-25T15:49:00","guid":{"rendered":"https:\/\/jornaldaconstrucaocivil.com.br\/?p=8080"},"modified":"2017-10-25T12:49:00","modified_gmt":"2017-10-25T15:49:00","slug":"pisos-laminados-vinilicos-durafloor-e-paineis-de-madeira-duratex-sao-destaque-em-dez-ambientes-na-casacor-rio-de-janeiro","status":"publish","type":"post","link":"https:\/\/construcaocivil.siriusmarketingedesign.com.br\/?p=8080","title":{"rendered":"Pisos laminados, vin\u00edlicos Durafloor e pain\u00e9is de madeira Duratex s\u00e3o destaque em dez ambientes na CASACOR Rio de Janeiro"},"content":{"rendered":"<p style=\"text-align: justify;\"><span style=\"color: #000000;\"><span style=\"color: #993300;\">Outubro, 2017<\/span> &#8211; Primeira franquia fora de S\u00e3o Paulo, a CASACOR Rio de Janeiro, que acontece entre 24 de outubro e 30 de novembro, chega \u00e0 sua 27\u00aa edi\u00e7\u00e3o refor\u00e7ando a tem\u00e1tica <span style=\"color: #0000ff;\">&#8220;foco no essencial&#8221;<\/span>, al\u00e9m de mostrar como \u00e9 poss\u00edvel viver e trabalhar no mesmo lugar. Os pisos laminados, vin\u00edlicos Durafloor e os pain\u00e9is de madeira Duratex marcam presen\u00e7a em dez ambientes da mostra carioca.<\/span><\/p>\n<p style=\"text-align: justify;\"><span style=\"color: #000000;\">Traduzida na estrat\u00e9gia <em><span style=\"color: #333399;\">&#8220;Maneiras de se Viver. Madeiras de se fazer&#8221;<\/span><\/em>, a Duratex tem como proposta celebrar o morar, atrav\u00e9s de uma cole\u00e7\u00e3o que valoriza qualquer tipo de projeto, ao mesmo tempo em que resgata as viv\u00eancias e experi\u00eancias de cada indiv\u00edduo. Para Renata Braga, gerente de marketing e produtos da Duratex,<em><span style=\"color: #0000ff;\"> &#8220;o nosso objetivo \u00e9 mostrar a versatilidade de todas as linhas de produtos, atrav\u00e9s de combina\u00e7\u00f5es que evidenciam o modo e a hist\u00f3ria de vida de cada pessoa&#8221;<\/span><\/em>, explica.<\/span><\/p>\n<p style=\"text-align: justify;\"><span style=\"color: #000000;\">Na CASACOR Rio de Janeiro, a empresa est\u00e1 presente no loft<span style=\"color: #0000ff;\"> &#8220;Ilha Alta&#8221;<\/span>, criado pelo arquiteto M\u00e1rio Santos, em parceria com o Booking.com. Filho da conhecida arquiteta de interiores e pesquisadora de arte popular brasileira Janete Costa, M\u00e1rio est\u00e1 participando pela 19\u00aa vez e escolheu o piso laminado Durafloor padr\u00e3o Ferrara, da linha Unique, e o painel Itapu\u00e3, da linha Essencial Wood, para compor o espa\u00e7o que pede uma vida com menos pressa e consumo e mais equil\u00edbrio e experi\u00eancias.<\/span><\/p>\n<p style=\"text-align: justify;\"><span style=\"color: #000000;\">Em sua 23\u00aa participa\u00e7\u00e3o na CASACOR Rio, a designer de interiores Paola Ribeiro tamb\u00e9m apostou nos pisos da linha Unique para compor o<span style=\"color: #0000ff;\"> &#8220;SPA Deca&#8221;<\/span>. A profissional elegeu o padr\u00e3o Chamonix, tradu\u00e7\u00e3o contempor\u00e2nea para a cl\u00e1ssica espinha de peixe, para tornar a experi\u00eancia do visitante memor\u00e1vel. Al\u00e9m do piso, o espa\u00e7o tamb\u00e9m recebeu revestimento com pain\u00e9is padr\u00e3o Maragogi, da linha Design.<\/span><\/p>\n<p style=\"text-align: justify;\"><span style=\"color: #000000;\">Craques no universo infanto-juvenil, as arquitetas Leila Bittencourt e Cristiana Spinola s\u00e3o as idealizadoras do projeto <span style=\"color: #0000ff;\">&#8220;Casa de Brincar&#8221;<\/span>, um mundo l\u00fadico e divertido onde as crian\u00e7as poder\u00e3o exercitar a imagina\u00e7\u00e3o, fazer descobertas e criar. Com uma mistura de brincadeira e aprendizado, o ambiente ganhou piso laminado Durafloor padr\u00e3o Carvalho Lugano, da linha Nature, que oferece uma sensa\u00e7\u00e3o de relaxamento gra\u00e7as \u00e0 textura e entalhes que remetem \u00e0 madeira natural.<\/span><\/p>\n<p style=\"text-align: justify;\"><span style=\"color: #000000;\">A qualidade, inova\u00e7\u00e3o e sustentabilidade dos pisos laminados Durafloor tamb\u00e9m est\u00e3o presentes na <span style=\"color: #0000ff;\">&#8220;Oficina das Flores&#8221;<\/span>, projeto de Vera Rebello. Pensado para ser simples e leve, o ambiente, que abrigar\u00e1 uma floricultura e ter\u00e1 workshops ministrados pela Officina Floreale, ganhou piso Durafloor padr\u00e3o Carvalho Malta, da linha Studio, que apresenta veios e vincos aparentes que trazem o toque cl\u00e1ssico dos antigos assoalhos de t\u00e1bua corrida. Bernardo Gaudie-Ley e T\u00e2nia Braida, arquitetos respons\u00e1veis pelo projeto do loft <span style=\"color: #0000ff;\">&#8220;Box 21&#8221;<\/span>, optaram por utilizar o piso Carvalho Gante, da linha Sense, para destacar o design cosmopolita do ambiente. J\u00e1 Cristina Japiass\u00fa, profissional que assina o projeto <span style=\"color: #0000ff;\">&#8220;Loft do Empres\u00e1rio Carioca&#8221;<\/span>, escolheu o piso Carvalho Reno, da linha New Way.<\/span><\/p>\n<p style=\"text-align: justify;\"><span style=\"color: #000000;\">Com projetos residenciais e comerciais, o arquiteto Jorge Delmas optou pela versatilidade do piso vin\u00edlico Durafloor para criar o <span style=\"color: #0000ff;\">&#8220;Loft do Comandante&#8221;<\/span>. Em sua terceira edi\u00e7\u00e3o na CASACOR Rio, Delmas escolheu o padr\u00e3o Kamari, da linha Art, que tamb\u00e9m est\u00e1 presente na <span style=\"color: #0000ff;\">&#8220;Loja Indio da Costa Design&#8221;<\/span>, assinada pelo renomado designer Guto Indio da Costa. O profissional utilizou o padr\u00e3o Atlanta, que favorece o estilo industrial de decora\u00e7\u00e3o, para compor o espa\u00e7o onde ser\u00e3o expostas as pe\u00e7as do showroom.<\/span><\/p>\n<p style=\"text-align: justify;\"><span style=\"color: #000000;\">Assinado por Andr\u00e9 Piva e Vanessa Borges, o <span style=\"color: #0000ff;\">&#8220;Est\u00fadio Lumina&#8221;<\/span> tamb\u00e9m conta com os produtos Duratex. Para revestir o loft de p\u00e9-direito duplo, os arquitetos utilizaram o painel Nogueira Cadiz, da linha Prisma. A mesma linha de pain\u00e9is da Duratex tamb\u00e9m est\u00e1 presente no ambiente<span style=\"color: #0000ff;\"> &#8220;Pool Lounge&#8221;<\/span>, criado pelos profissionais F\u00e1bio Boullet e Rodrigo Jorge. A dupla usou o padr\u00e3o \u00c9bano Grigio para criar o projeto do pool bar da mostra, um ambiente despojado onde os visitantes poder\u00e3o usufruir de um terra\u00e7o com v\u00e1rias op\u00e7\u00f5es de lazer.<\/span><\/p>\n<p style=\"text-align: justify;\"><span style=\"color: #000000;\">Comandada h\u00e1 26 anos pela dupla Patr\u00edcia Quentel e Patr\u00edcia Mayer, s\u00f3cias da 3Plus, empresa respons\u00e1vel pela organiza\u00e7\u00e3o do evento, a CASACOR Rio de Janeiro acontece entre os dias 24 de outubro e 30 de novembro, no Porto Maravilha.<\/span><\/p>\n<p style=\"text-align: justify;\"><strong><span style=\"color: #000000;\">Servi\u00e7o:<\/span><\/strong><\/p>\n<p style=\"text-align: justify;\"><span style=\"color: #000000;\">Data: de 24 de outubro a 30 de novembro<\/span><\/p>\n<p style=\"text-align: justify;\"><span style=\"color: #000000;\">Hor\u00e1rio: de ter\u00e7a a domingo, das 12h \u00e0s 21h<\/span><\/p>\n<p style=\"text-align: justify;\"><span style=\"color: #000000;\">Local: <span style=\"color: #993300;\">AQWA Corporate<\/span><\/span><\/p>\n<p style=\"text-align: justify;\"><span style=\"color: #000000;\">Endere\u00e7o: Av. Oscar Niemeyer, 2.000 \u2013 Porto Maravilha (\u00a0<span style=\"text-decoration: underline;\"><span style=\"color: #0000ff;\"><a style=\"color: #0000ff; text-decoration: underline;\" href=\"https:\/\/maps.google.com\/?q=Via+Bin%C3%A1rio+do+Porto,+299&amp;entry=gmail&amp;source=g\">Via Bin\u00e1rio do Porto, 299<\/a><\/span><\/span>)<\/span><\/p>\n","protected":false},"excerpt":{"rendered":"<p>Outubro, 2017 &#8211; Primeira franquia fora de S\u00e3o Paulo, a CASACOR Rio de Janeiro, que acontece entre 24 de outubro e 30 de novembro, chega \u00e0 sua 27\u00aa edi\u00e7\u00e3o refor\u00e7ando a tem\u00e1tica &#8220;foco no essencial&#8221;, al\u00e9m de mostrar como \u00e9 poss\u00edvel viver e trabalhar no mesmo lugar. Os pisos laminados, vin\u00edlicos Durafloor e os pain\u00e9is [&hellip;]<\/p>\n","protected":false},"author":1,"featured_media":0,"comment_status":"open","ping_status":"open","sticky":false,"template":"","format":"standard","meta":{"_uag_custom_page_level_css":"","footnotes":""},"categories":[28],"tags":[1933,1958,3837,7045,8582,8946,8951,8953,9149],"class_list":["post-8080","post","type-post","status-publish","format-standard","hentry","category-arquitetura","tag-casa-e-decoracao","tag-casacor-rio-de-janeiro","tag-duratex","tag-loucas-e-metais-sanitarios","tag-paineis-de-madeira","tag-piso-vinilico","tag-pisos-e-revestimentos","tag-pisos-laminados-durafloor","tag-porto-maravilha"],"blocksy_meta":[],"spectra_blocks_featured_image_url":null,"spectra_blocks_author_info":{"display_name":"Jornal da Constru\u00e7\u00e3o Civil","avatar_url":"https:\/\/secure.gravatar.com\/avatar\/973c9774fd44ddaceb026973c4962faa70fc512bc4c9da68e8ebb40fecee6540?s=96&d=mm&r=g","author_link":"https:\/\/construcaocivil.siriusmarketingedesign.com.br\/?author=1","description":"Desde de 2013, levando muitas informa\u00e7\u00f5es, lan\u00e7amentos e produtos de qualidade para toda cadeia produtiva da constru\u00e7\u00e3o. O Futuro da constru\u00e7\u00e3o passa por aqui,"},"uagb_featured_image_src":{"full":false,"thumbnail":false,"medium":false,"medium_large":false,"large":false,"1536x1536":false,"2048x2048":false},"uagb_author_info":{"display_name":"Jornal da Constru\u00e7\u00e3o Civil","author_link":"https:\/\/construcaocivil.siriusmarketingedesign.com.br\/?author=1"},"uagb_comment_info":0,"uagb_excerpt":"Outubro, 2017 &#8211; Primeira franquia fora de S\u00e3o Paulo, a CASACOR Rio de Janeiro, que acontece entre 24 de outubro e 30 de novembro, chega \u00e0 sua 27\u00aa edi\u00e7\u00e3o refor\u00e7ando a tem\u00e1tica &#8220;foco no essencial&#8221;, al\u00e9m de mostrar como \u00e9 poss\u00edvel viver e trabalhar no mesmo lugar. Os pisos laminados, vin\u00edlicos Durafloor e os pain\u00e9is&hellip;","_links":{"self":[{"href":"https:\/\/construcaocivil.siriusmarketingedesign.com.br\/index.php?rest_route=\/wp\/v2\/posts\/8080","targetHints":{"allow":["GET"]}}],"collection":[{"href":"https:\/\/construcaocivil.siriusmarketingedesign.com.br\/index.php?rest_route=\/wp\/v2\/posts"}],"about":[{"href":"https:\/\/construcaocivil.siriusmarketingedesign.com.br\/index.php?rest_route=\/wp\/v2\/types\/post"}],"author":[{"embeddable":true,"href":"https:\/\/construcaocivil.siriusmarketingedesign.com.br\/index.php?rest_route=\/wp\/v2\/users\/1"}],"replies":[{"embeddable":true,"href":"https:\/\/construcaocivil.siriusmarketingedesign.com.br\/index.php?rest_route=%2Fwp%2Fv2%2Fcomments&post=8080"}],"version-history":[{"count":0,"href":"https:\/\/construcaocivil.siriusmarketingedesign.com.br\/index.php?rest_route=\/wp\/v2\/posts\/8080\/revisions"}],"wp:attachment":[{"href":"https:\/\/construcaocivil.siriusmarketingedesign.com.br\/index.php?rest_route=%2Fwp%2Fv2%2Fmedia&parent=8080"}],"wp:term":[{"taxonomy":"category","embeddable":true,"href":"https:\/\/construcaocivil.siriusmarketingedesign.com.br\/index.php?rest_route=%2Fwp%2Fv2%2Fcategories&post=8080"},{"taxonomy":"post_tag","embeddable":true,"href":"https:\/\/construcaocivil.siriusmarketingedesign.com.br\/index.php?rest_route=%2Fwp%2Fv2%2Ftags&post=8080"}],"curies":[{"name":"wp","href":"https:\/\/api.w.org\/{rel}","templated":true}]}}