{"id":8093,"date":"2017-10-27T13:21:27","date_gmt":"2017-10-27T16:21:27","guid":{"rendered":"https:\/\/jornaldaconstrucaocivil.com.br\/?p=8093"},"modified":"2017-10-27T13:21:27","modified_gmt":"2017-10-27T16:21:27","slug":"centrais-sindicais-buscam-apoio-da-cbic-para-destravar-obras-paralisadas-e-reaquecer-construcao-civil","status":"publish","type":"post","link":"https:\/\/construcaocivil.siriusmarketingedesign.com.br\/?p=8093","title":{"rendered":"Centrais Sindicais buscam apoio da CBIC para destravar obras paralisadas e reaquecer constru\u00e7\u00e3o civil"},"content":{"rendered":"<figure id=\"attachment_8101\" aria-describedby=\"caption-attachment-8101\" style=\"width: 300px\" class=\"wp-caption alignleft\"><a href=\"https:\/\/jornaldaconstrucaocivil.com.br\/wp-content\/uploads\/2017\/10\/CBIC.jpeg\"><img loading=\"lazy\" decoding=\"async\" class=\"wp-image-8101 size-medium\" src=\"https:\/\/jornaldaconstrucaocivil.com.br\/wp-content\/uploads\/2017\/10\/CBIC-300x154.jpeg\" width=\"300\" height=\"154\" \/><\/a><figcaption id=\"caption-attachment-8101\" class=\"wp-caption-text\">Com obras paralisadas e desemprego alto na constru\u00e7\u00e3o civil Centrais Sindicais e CBIC se re\u00fanem para reaquecer setor no pa\u00eds. Divulga\u00e7\u00e3o<\/figcaption><\/figure>\n<p style=\"text-align: justify;\"><span style=\"color: #000000;\"><span style=\"color: #333399;\">Outubro, 2017<\/span> &#8211; A paralisa\u00e7\u00e3o de obras p\u00fablicas e seus reflexos sobre a constru\u00e7\u00e3o civil \u00e9 tema priorit\u00e1rio na agenda do movimento sindical brasileiro. Esse tema foi tratado por uma delega\u00e7\u00e3o de dirigentes de cinco das mais importantes representa\u00e7\u00f5es sindicais no pa\u00eds \u2013 Central \u00danica dos Trabalhadores (CUT); For\u00e7a Sindical; Uni\u00e3o Geral dos Trabalhadores (UGT); Nova Central e a Federa\u00e7\u00e3o Internacional dos Trabalhadores da Constru\u00e7\u00e3o e da Madeira (ICM) \u2013 em audi\u00eancia com o presidente da C\u00e2mara Brasileira da Ind\u00fastria da Constru\u00e7\u00e3o (CBIC), Jos\u00e9 Carlos Martins. Na ocasi\u00e3o, os sindicalistas apresentaram as a\u00e7\u00f5es da campanha pela<span style=\"color: #0000ff;\"> &#8220;Retomada do Emprego e Contra o Desemprego, Emprego j\u00e1!&#8221;<\/span> e convidaram a CBIC a participar de audi\u00eancia p\u00fablica que ser\u00e1 realizada em 21 de novembro para debater o assunto.<span style=\"color: #993300;\"><em> &#8220;A ind\u00fastria de constru\u00e7\u00e3o civil e pesada encontra-se majoritariamente paralisada em todo o pa\u00eds. As consequ\u00eancias dessa situa\u00e7\u00e3o afetam negativamente as comunidades locais que deixam de usufruir de equipamentos importantes como creches, escolas, postos de sa\u00fade, hospitais e estradas, os trabalhadores que perdem seus empregos&#8221;<\/em><\/span>, comentou Nilson Freitas, representante da ICM.<\/span><\/p>\n<p style=\"text-align: justify;\"><span style=\"color: #000000;\">A Federa\u00e7\u00e3o Internacional, formada por 44 organiza\u00e7\u00f5es sindicais afiliadas no Brasil, desencadeou a campanha em todos os Estados brasileiros, em parceria com entidades empresariais do setor, organiza\u00e7\u00f5es da sociedade civil e autoridades p\u00fablicas municipais, estaduais e nacionais. O objetivo \u00e9 sensibilizar o governo federal para a necessidade da retomada das obras p\u00fablicas paralisadas com o intuito de gerar emprego e renda para o setor, assim como para a retomada do desenvolvimento e do bem-estar do povo brasileiro.<span style=\"color: #993300;\"><em> &#8220;Essa \u00e9 uma agenda comum, em que temos trabalhado intensamente&#8221;<\/em><\/span>, afirmou o presidente da CBIC. Segundo Jos\u00e9 Carlos Martins, a retomada de obras paralisadas pode ser um caminho, mas o reaquecimento do setor deve ser mais r\u00e1pida com a recupera\u00e7\u00e3o do investimento.<\/span><\/p>\n<p style=\"text-align: justify;\">Fonte: Boletim CBIC<\/p>\n","protected":false},"excerpt":{"rendered":"<p>Outubro, 2017 &#8211; A paralisa\u00e7\u00e3o de obras p\u00fablicas e seus reflexos sobre a constru\u00e7\u00e3o civil \u00e9 tema priorit\u00e1rio na agenda do movimento sindical brasileiro. Esse tema foi tratado por uma delega\u00e7\u00e3o de dirigentes de cinco das mais importantes representa\u00e7\u00f5es sindicais no pa\u00eds \u2013 Central \u00danica dos Trabalhadores (CUT); For\u00e7a Sindical; Uni\u00e3o Geral dos Trabalhadores (UGT); [&hellip;]<\/p>\n","protected":false},"author":1,"featured_media":8101,"comment_status":"open","ping_status":"open","sticky":false,"template":"","format":"standard","meta":{"_uag_custom_page_level_css":"","footnotes":""},"categories":[27],"tags":[63,2076,2826,4152,4905,6314,6555,8390,8393,9923,10278,10280],"class_list":["post-8093","post","type-post","status-publish","format-standard","has-post-thumbnail","hentry","category-acontece","tag-1-milhao-de-desempregados-na-construcao-civil","tag-central-unica-dos-trabalhadores-cut-forca-sindical-uniao-geral-dos-trabalhadores-ugt","tag-construcao-civil","tag-emprego-ja","tag-federacao-internacional-dos-trabalhadores-da-construcao-e-da-madeira-icm","tag-investimentos-e-creditos-para-pequenas-e-medias-empresas","tag-jose-carlos-martins-presidente-cbic","tag-obras-paralisadas","tag-obras-publicas","tag-reaquecer-economia","tag-retomada-de-obras-paralisadas","tag-retomada-do-emprego-e-contra-o-desemprego"],"blocksy_meta":[],"spectra_blocks_featured_image_url":[],"spectra_blocks_author_info":{"display_name":"Jornal da Constru\u00e7\u00e3o Civil","avatar_url":"https:\/\/secure.gravatar.com\/avatar\/973c9774fd44ddaceb026973c4962faa70fc512bc4c9da68e8ebb40fecee6540?s=96&d=mm&r=g","author_link":"https:\/\/construcaocivil.siriusmarketingedesign.com.br\/?author=1","description":"Desde de 2013, levando muitas informa\u00e7\u00f5es, lan\u00e7amentos e produtos de qualidade para toda cadeia produtiva da constru\u00e7\u00e3o. O Futuro da constru\u00e7\u00e3o passa por aqui,"},"uagb_featured_image_src":{"full":false,"thumbnail":false,"medium":false,"medium_large":false,"large":false,"1536x1536":false,"2048x2048":false},"uagb_author_info":{"display_name":"Jornal da Constru\u00e7\u00e3o Civil","author_link":"https:\/\/construcaocivil.siriusmarketingedesign.com.br\/?author=1"},"uagb_comment_info":0,"uagb_excerpt":"Outubro, 2017 &#8211; A paralisa\u00e7\u00e3o de obras p\u00fablicas e seus reflexos sobre a constru\u00e7\u00e3o civil \u00e9 tema priorit\u00e1rio na agenda do movimento sindical brasileiro. Esse tema foi tratado por uma delega\u00e7\u00e3o de dirigentes de cinco das mais importantes representa\u00e7\u00f5es sindicais no pa\u00eds \u2013 Central \u00danica dos Trabalhadores (CUT); For\u00e7a Sindical; Uni\u00e3o Geral dos Trabalhadores (UGT);&hellip;","_links":{"self":[{"href":"https:\/\/construcaocivil.siriusmarketingedesign.com.br\/index.php?rest_route=\/wp\/v2\/posts\/8093","targetHints":{"allow":["GET"]}}],"collection":[{"href":"https:\/\/construcaocivil.siriusmarketingedesign.com.br\/index.php?rest_route=\/wp\/v2\/posts"}],"about":[{"href":"https:\/\/construcaocivil.siriusmarketingedesign.com.br\/index.php?rest_route=\/wp\/v2\/types\/post"}],"author":[{"embeddable":true,"href":"https:\/\/construcaocivil.siriusmarketingedesign.com.br\/index.php?rest_route=\/wp\/v2\/users\/1"}],"replies":[{"embeddable":true,"href":"https:\/\/construcaocivil.siriusmarketingedesign.com.br\/index.php?rest_route=%2Fwp%2Fv2%2Fcomments&post=8093"}],"version-history":[{"count":0,"href":"https:\/\/construcaocivil.siriusmarketingedesign.com.br\/index.php?rest_route=\/wp\/v2\/posts\/8093\/revisions"}],"wp:attachment":[{"href":"https:\/\/construcaocivil.siriusmarketingedesign.com.br\/index.php?rest_route=%2Fwp%2Fv2%2Fmedia&parent=8093"}],"wp:term":[{"taxonomy":"category","embeddable":true,"href":"https:\/\/construcaocivil.siriusmarketingedesign.com.br\/index.php?rest_route=%2Fwp%2Fv2%2Fcategories&post=8093"},{"taxonomy":"post_tag","embeddable":true,"href":"https:\/\/construcaocivil.siriusmarketingedesign.com.br\/index.php?rest_route=%2Fwp%2Fv2%2Ftags&post=8093"}],"curies":[{"name":"wp","href":"https:\/\/api.w.org\/{rel}","templated":true}]}}