{"id":8113,"date":"2017-10-27T15:00:50","date_gmt":"2017-10-27T18:00:50","guid":{"rendered":"https:\/\/jornaldaconstrucaocivil.com.br\/?p=8113"},"modified":"2017-10-27T15:00:50","modified_gmt":"2017-10-27T18:00:50","slug":"world-design-summit-consagra-mostra-brasileira-da-decoracao","status":"publish","type":"post","link":"https:\/\/construcaocivil.siriusmarketingedesign.com.br\/?p=8113","title":{"rendered":"World Design Summit consagra mostra brasileira da decora\u00e7\u00e3o"},"content":{"rendered":"<p style=\"text-align: justify;\"><span style=\"color: #333399;\"><em><strong>Pe\u00e7as chamaram a aten\u00e7\u00e3o por materiais e design diferenciados<\/strong><\/em><\/span><\/p>\n<figure id=\"attachment_8114\" aria-describedby=\"caption-attachment-8114\" style=\"width: 202px\" class=\"wp-caption alignleft\"><a href=\"https:\/\/jornaldaconstrucaocivil.com.br\/wp-content\/uploads\/2017\/10\/A-II-estilop_strip_112043_0_full.jpg\"><img loading=\"lazy\" decoding=\"async\" class=\"wp-image-8114\" src=\"https:\/\/jornaldaconstrucaocivil.com.br\/wp-content\/uploads\/2017\/10\/A-II-estilop_strip_112043_0_full-225x300.jpg\" width=\"202\" height=\"269\" \/><\/a><figcaption id=\"caption-attachment-8114\" class=\"wp-caption-text\">Maur\u00edcio D&#8217;\u00c1vila, destaque na World Design Summit com trabalho sobre uma sociedade mais igualit\u00e1ria e diversidade cultural. Divulga\u00e7\u00e3o<\/figcaption><\/figure>\n<p style=\"text-align: justify;\"><span style=\"color: #000000;\"><span style=\"color: #993300;\">Outubro, 2017<\/span> &#8211; O Brasil foi mais uma vez destaque no exterior no World Design Summit, que aconteceu em Montreal, no Canad\u00e1, atrav\u00e9s da presen\u00e7a do designer Maur\u00edcio D&#8217;\u00c1vila, da Geo Luz&amp;Cer\u00e2mica. A mostra coloca em destaque os grandes profissionais da arquitetura e da decora\u00e7\u00e3o do s\u00e9culo. A sele\u00e7\u00e3o das obras consiste em reunir as seis maiores disciplinas do design, que buscam e carregam os conceitos de inova\u00e7\u00e3o por meio de pr\u00e1ticas sustent\u00e1veis, uma sociedade mais igualit\u00e1ria e diversidade cultural.<\/span><\/p>\n<p style=\"text-align: justify;\"><span style=\"color: #000000;\">Havia expositores do mundo todo \u2013 como Jap\u00e3o, It\u00e1lia, Espanha \u2013 e \u00edcones novos da decora\u00e7\u00e3o mundial. A marca esteve presente com nove pe\u00e7as: Eros, Guanabara, Jua, Phobos, Soleil, Tantrus, Angra, Riviera e Ipanema.<span style=\"color: #333399;\"><em> &#8220;Foi um \u00f3timo evento em termos de visibilidade. Foi como a consolida\u00e7\u00e3o de nossos neg\u00f3cios. Ganhamos aten\u00e7\u00e3o pelo design, material que o produto \u00e9 confeccionado, acabamento e delicadeza do produto&#8221;<\/em><\/span>, conta o designer.<\/span><\/p>\n<p style=\"text-align: justify;\">Para saber mais, acesse o site da mostra no\u00a0<span style=\"text-decoration: underline;\"><span style=\"color: #0000ff;\"><a style=\"color: #0000ff; text-decoration: underline;\" href=\"http:\/\/worlddesignsummit.com\/\" target=\"_blank\" data-saferedirecturl=\"https:\/\/www.google.com\/url?hl=pt-PT&amp;q=http:\/\/worlddesignsummit.com\/&amp;source=gmail&amp;ust=1509211852576000&amp;usg=AFQjCNFxZjVrGpz4fM88vQ1mnJiMAWSsUw\">http:\/\/worlddesignsummit.com\/<\/a><\/span><\/span><\/p>\n","protected":false},"excerpt":{"rendered":"<p>Pe\u00e7as chamaram a aten\u00e7\u00e3o por materiais e design diferenciados Outubro, 2017 &#8211; O Brasil foi mais uma vez destaque no exterior no World Design Summit, que aconteceu em Montreal, no Canad\u00e1, atrav\u00e9s da presen\u00e7a do designer Maur\u00edcio D&#8217;\u00c1vila, da Geo Luz&amp;Cer\u00e2mica. A mostra coloca em destaque os grandes profissionais da arquitetura e da decora\u00e7\u00e3o do [&hellip;]<\/p>\n","protected":false},"author":1,"featured_media":0,"comment_status":"open","ping_status":"open","sticky":false,"template":"","format":"standard","meta":{"_uag_custom_page_level_css":"","footnotes":""},"categories":[28],"tags":[918,1933,5380,7839,7888,9212,9536,12533],"class_list":["post-8113","post","type-post","status-publish","format-standard","hentry","category-arquitetura","tag-arquitetura-e-design","tag-casa-e-decoracao","tag-geo-luzceramica","tag-montreal-canada","tag-mostra-sobre-sociedade-mais-igualitaria-e-diversidade-cultural","tag-praticas-sustentaveis","tag-profissionais-da-arquitetura-e-da-decoracao","tag-world-design-summit-2017-consagra-brasileiro"],"blocksy_meta":[],"spectra_blocks_featured_image_url":null,"spectra_blocks_author_info":{"display_name":"Jornal da Constru\u00e7\u00e3o Civil","avatar_url":"https:\/\/secure.gravatar.com\/avatar\/973c9774fd44ddaceb026973c4962faa70fc512bc4c9da68e8ebb40fecee6540?s=96&d=mm&r=g","author_link":"https:\/\/construcaocivil.siriusmarketingedesign.com.br\/?author=1","description":"Desde de 2013, levando muitas informa\u00e7\u00f5es, lan\u00e7amentos e produtos de qualidade para toda cadeia produtiva da constru\u00e7\u00e3o. O Futuro da constru\u00e7\u00e3o passa por aqui,"},"uagb_featured_image_src":{"full":false,"thumbnail":false,"medium":false,"medium_large":false,"large":false,"1536x1536":false,"2048x2048":false},"uagb_author_info":{"display_name":"Jornal da Constru\u00e7\u00e3o Civil","author_link":"https:\/\/construcaocivil.siriusmarketingedesign.com.br\/?author=1"},"uagb_comment_info":0,"uagb_excerpt":"Pe\u00e7as chamaram a aten\u00e7\u00e3o por materiais e design diferenciados Outubro, 2017 &#8211; O Brasil foi mais uma vez destaque no exterior no World Design Summit, que aconteceu em Montreal, no Canad\u00e1, atrav\u00e9s da presen\u00e7a do designer Maur\u00edcio D&#8217;\u00c1vila, da Geo Luz&amp;Cer\u00e2mica. A mostra coloca em destaque os grandes profissionais da arquitetura e da decora\u00e7\u00e3o do&hellip;","_links":{"self":[{"href":"https:\/\/construcaocivil.siriusmarketingedesign.com.br\/index.php?rest_route=\/wp\/v2\/posts\/8113","targetHints":{"allow":["GET"]}}],"collection":[{"href":"https:\/\/construcaocivil.siriusmarketingedesign.com.br\/index.php?rest_route=\/wp\/v2\/posts"}],"about":[{"href":"https:\/\/construcaocivil.siriusmarketingedesign.com.br\/index.php?rest_route=\/wp\/v2\/types\/post"}],"author":[{"embeddable":true,"href":"https:\/\/construcaocivil.siriusmarketingedesign.com.br\/index.php?rest_route=\/wp\/v2\/users\/1"}],"replies":[{"embeddable":true,"href":"https:\/\/construcaocivil.siriusmarketingedesign.com.br\/index.php?rest_route=%2Fwp%2Fv2%2Fcomments&post=8113"}],"version-history":[{"count":0,"href":"https:\/\/construcaocivil.siriusmarketingedesign.com.br\/index.php?rest_route=\/wp\/v2\/posts\/8113\/revisions"}],"wp:attachment":[{"href":"https:\/\/construcaocivil.siriusmarketingedesign.com.br\/index.php?rest_route=%2Fwp%2Fv2%2Fmedia&parent=8113"}],"wp:term":[{"taxonomy":"category","embeddable":true,"href":"https:\/\/construcaocivil.siriusmarketingedesign.com.br\/index.php?rest_route=%2Fwp%2Fv2%2Fcategories&post=8113"},{"taxonomy":"post_tag","embeddable":true,"href":"https:\/\/construcaocivil.siriusmarketingedesign.com.br\/index.php?rest_route=%2Fwp%2Fv2%2Ftags&post=8113"}],"curies":[{"name":"wp","href":"https:\/\/api.w.org\/{rel}","templated":true}]}}