{"id":8116,"date":"2017-10-27T19:47:49","date_gmt":"2017-10-27T22:47:49","guid":{"rendered":"https:\/\/jornaldaconstrucaocivil.com.br\/?p=8116"},"modified":"2017-10-27T19:47:49","modified_gmt":"2017-10-27T22:47:49","slug":"comunidade-luta-contra-projeto-de-pch-e-pelo-direito-de-viver-em-sua-terra","status":"publish","type":"post","link":"https:\/\/construcaocivil.siriusmarketingedesign.com.br\/?p=8116","title":{"rendered":"Comunidade luta contra projeto de PCH e pelo direito de viver em sua terra"},"content":{"rendered":"<p style=\"text-align: justify;\"><em>Por\u00a0Thomas Bauer\u00a0<\/em><\/p>\n<p style=\"text-align: justify;\"><strong><span style=\"color: #993300;\">Cachoeira no sul do Maranh\u00e3o<\/span> <\/strong>\u2013 considerada a maior do estado \u2013 \u00e9 alvo de estudos para constru\u00e7\u00e3o de barragem. Trabalhadores e trabalhadoras rurais lutam para defender os bens naturais e o territ\u00f3rio onde nasceram e se criaram.\u00a0<em>\u00a0<\/em><span style=\"text-decoration: underline;\"><span style=\"color: #0000ff; text-decoration: underline;\"><a style=\"color: #0000ff; text-decoration: underline;\" href=\"http:\/\/nhp6.trk.elasticemail.com\/tracking\/click?msgid=dn8JuAdoVlk4j9-CIxZHEw2&amp;target=https%3a%2f%2fwww.facebook.com%2fhashtag%2fn%25C3%25A3opchmacap%25C3%25A1%3fsource%3dfeed_text%26story_id%3d1959260787681533&amp;v=qzYId43tLAjx5fdQnfcyWw2&amp;lc=923270246952042500\" target=\"_blank\" rel=\"noreferrer\"><em>#N\u00e3oPCHMacap\u00e1<\/em><\/a><\/span><\/span><em>\u00a0<\/em> \u00e9 uma campanha de iniciativa da comunidade que busca o apoio da sociedade.<\/p>\n<figure id=\"attachment_8117\" aria-describedby=\"caption-attachment-8117\" style=\"width: 300px\" class=\"wp-caption alignleft\"><a href=\"https:\/\/jornaldaconstrucaocivil.com.br\/wp-content\/uploads\/2017\/10\/portal_1chapada_mesas_thomas_bauer__1_.jpg\"><img loading=\"lazy\" decoding=\"async\" class=\"wp-image-8117 size-medium\" src=\"https:\/\/jornaldaconstrucaocivil.com.br\/wp-content\/uploads\/2017\/10\/portal_1chapada_mesas_thomas_bauer__1_-300x200.jpg\" alt=\"\u00a9Thomas Bauer\" width=\"300\" height=\"200\" \/><\/a><figcaption id=\"caption-attachment-8117\" class=\"wp-caption-text\">Chapada das Mesas. Cr\u00e8ditos: \u00a9Thomas Bauer<\/figcaption><\/figure>\n<p style=\"text-align: justify;\"><span style=\"color: #000000;\"><span style=\"color: #000080;\">Outubro, 2017<\/span> &#8211; Muito antes de avistar a exuberante Cachoeira do Macap\u00e1 j\u00e1 \u00e9 poss\u00edvel escutar o barulho ensurdecedor de suas \u00e1guas que descem em meio \u00e0s pedras. \u00c9 considerada a maior queda d&#8217;\u00e1gua do Maranh\u00e3o \u2013 s\u00e3o aproximadamente 65 metros de altura. Toda essa \u00e1gua vai direto para o Rio Cachoeira que, ao longo de seu curso, exibe belos c\u00e2nions e recebe as \u00e1guas dos Rios Mosquito e Macap\u00e1, al\u00e9m de abrigar diversas nascentes.<\/span><\/p>\n<p style=\"text-align: justify;\"><span style=\"color: #000000;\">A Cachoeira do Macap\u00e1 est\u00e1 situada entre os munic\u00edpios maranhenses de Balsas, Nova Colinas e Fortaleza dos Nogueiras, no sul do estado. Regi\u00e3o muito conhecida pelas belezas naturais da Chapada das Mesas, que atra\u00ed turistas adeptos do ecoturismo \u2013 isso gra\u00e7as \u00e0s in\u00fameras cachoeiras e incr\u00edveis forma\u00e7\u00f5es rochosas. Um lugar que fica ainda mais impressionante por conta do encontro dos biomas Cerrado e Amaz\u00f4nia.<\/span><\/p>\n<p style=\"text-align: justify;\"><span style=\"color: #000000;\">Um lugar de belezas e tamb\u00e9m problem\u00e1ticas desconhecidas por muitos. Moradores e moradoras da comunidade rural Macap\u00e1 \u2013 localidade pr\u00f3xima a Cachoeira de mesmo nome \u2013 t\u00eam observado ano a ano a diminui\u00e7\u00e3o das \u00e1guas. Mas isso n\u00e3o \u00e9 tudo: imagine a constru\u00e7\u00e3o de uma Pequena Central Hidrel\u00e9trica (PCH) nesta cachoeira. Pois \u00e9, h\u00e1 tempos empresas t\u00eam realizado estudos para que esse projeto saia do papel. Mas s\u00e3o os trabalhadores e trabalhadoras rurais da referida comunidade que t\u00eam resistido e denunciado essas ofensivas.<\/span><\/p>\n<p style=\"text-align: justify;\"><span style=\"color: #000000;\">Conhecida como guardi\u00e3 da Cachoeira do Macap\u00e1, dona Raimundinha Ciriano, 59 anos, \u00e9 enf\u00e1tica ao falar sobre o projeto da usina: &#8220;\u00c9 uma coisa que ningu\u00e9m quer, mo\u00e7o. Ningu\u00e9m quer mesmo&#8221;. Confira do depoimento dela<\/span><\/p>\n<p style=\"text-align: justify;\"><strong><span style=\"color: #000000;\">Expans\u00e3o agr\u00edcola<\/span><\/strong><\/p>\n<p style=\"text-align: justify;\"><span style=\"color: #000000;\">Dona Raimundinha, que nasceu e se criou nesta comunidade, afirma que tempos atr\u00e1s as \u00e1guas da Cachoeira eram mais fortes<span style=\"color: #993300;\"> &#8220;e a zuada bem maior&#8221;<\/span>. Hoje, segundo ela, as pessoas ficam admiradas com a pouca \u00e1gua. Fato que est\u00e1 ligado ao aumento significativo do desmatado na regi\u00e3o e a iniciativas governamentais como o Projeto de Desenvolvimento Agropecu\u00e1rio, PDA, do Matopiba, que abrange \u00e1reas dos estados do Maranh\u00e3o, Tocantins, Piau\u00ed e Bahia -, onde o agroneg\u00f3cio espalha-se como um c\u00e2ncer devastando as matas e as nascentes. Munic\u00edpios que comp\u00f5em a \u00e1rea do Matopiba tiveram 62,5% da vegeta\u00e7\u00e3o nativa de Cerrado desmatada, conforme apontou o Instituto de Pesquisa Ambiental da Amaz\u00f4nia (IPAM), que se baseou em dados divulgados pelo governo.<\/span><\/p>\n<figure id=\"attachment_8118\" aria-describedby=\"caption-attachment-8118\" style=\"width: 300px\" class=\"wp-caption alignright\"><a href=\"https:\/\/jornaldaconstrucaocivil.com.br\/wp-content\/uploads\/2017\/10\/Cachoeira_Macapa_4_Thomas_Bauer.jpg\"><img loading=\"lazy\" decoding=\"async\" class=\"wp-image-8118 size-medium\" src=\"https:\/\/jornaldaconstrucaocivil.com.br\/wp-content\/uploads\/2017\/10\/Cachoeira_Macapa_4_Thomas_Bauer-300x168.jpg\" alt=\"\u00a9Thomas Bauer\" width=\"300\" height=\"168\" \/><\/a><figcaption id=\"caption-attachment-8118\" class=\"wp-caption-text\">Cachoeira Macap\u00e1. Cr\u00e9ditos: \u00a9Thomas Bauer<\/figcaption><\/figure>\n<p style=\"text-align: justify;\"><span style=\"color: #000000;\">Vice-presidente da Associa\u00e7\u00e3o em Defesa da Cachoeira do Macap\u00e1 e seus afluentes (ADCMA), Jo\u00e3o Carlos \u00e9 membro de uma fam\u00edlia trabalhadora e numerosa, que tamb\u00e9m nasceu nesta comunidade, e que, ao passar dos anos, observou a regi\u00e3o mudar drasticamente. Ele recorda que sua inf\u00e2ncia foi marcada pelo trabalho na terrinha: <em><span style=\"color: #333399;\">\u201cnaquela \u00e9poca, a gente trabalhava, ajudava os pais na ro\u00e7a, s\u00f3 que a gente tamb\u00e9m tinha o nosso lazer da ro\u00e7a, nosso lazer do sert\u00e3o, a gente banhava muito no rio naqueles momentos de folga\u201d<\/span><\/em>. E s\u00e3o n\u00edtidas as altera\u00e7\u00f5es no ambiente em que Jo\u00e3o Carlos vive desde o seu nascimento.<em><span style=\"color: #333399;\"> \u201cDesde a d\u00e9cada de 1980, quando eu era garoto, o Cerrado, na verdade a nossa regi\u00e3o, vem sendo muito mal tratada\u201d<\/span><\/em>, frisa.<\/span><\/p>\n<p style=\"text-align: justify;\"><span style=\"color: #000000;\">Ao longo desses anos, moradores da Comunidade Macap\u00e1 presenciaram latifundi\u00e1rios, grande maioria do sul do Brasil, chegarem nessa regi\u00e3o em busca de terras. Esses foram e s\u00e3o co-respons\u00e1veis pela abertura de novas fronteiras agr\u00edcolas, o que contribuiu significativamente para que grandes \u00e1reas de Cerrado, at\u00e9 ent\u00e3o intactas, sumissem do mapa. Hoje, in\u00fameras fazendas s\u00e3o ocupadas por lavouras de soja, milho, e outras monoculturas. Algumas propriedades, inclusive, se utilizam de piv\u00f4s centrais, o que demanda grande quantidade de energia el\u00e9trica e \u00e1gua. Conforme alguns trabalhadores rurais, uma empresa agr\u00edcola especializada no ramo de sementes possui a inten\u00e7\u00e3o de aumentar o n\u00famero de \u00e1reas irrigadas na regi\u00e3o. Para isso se concretizar, conforme den\u00fancia de moradores da Comunidade Macap\u00e1, h\u00e1 o interesse por parte da empresa de retirar \u00e1gua do Rio Cachoeira e canaliz\u00e1-la para seus reservat\u00f3rios particulares, o que supriria a necessidade dos novos piv\u00f4s. Esses s\u00e3o alguns dos fatores que culminaram, no ano de 2008, em um intenso conflito na regi\u00e3o. <\/span><\/p>\n<p style=\"text-align: justify;\"><span style=\"color: #000000;\">Confira o depoimento de Jo\u00e3o:\u00a0<span style=\"text-decoration: underline;\"><span style=\"color: #0000ff; text-decoration: underline;\">https:\/\/goo.gl\/1mBfGj<\/span><\/span><\/span><\/p>\n<figure id=\"attachment_8119\" aria-describedby=\"caption-attachment-8119\" style=\"width: 300px\" class=\"wp-caption alignleft\"><a href=\"https:\/\/jornaldaconstrucaocivil.com.br\/wp-content\/uploads\/2017\/10\/Mapa_2Cachoeira_Macap_MA_Thomas_Bauer-e1509144026250.jpg\"><img loading=\"lazy\" decoding=\"async\" class=\"wp-image-8119 size-medium\" src=\"https:\/\/jornaldaconstrucaocivil.com.br\/wp-content\/uploads\/2017\/10\/Mapa_2Cachoeira_Macap_MA_Thomas_Bauer-300x232.jpg\" width=\"300\" height=\"232\" \/><\/a><figcaption id=\"caption-attachment-8119\" class=\"wp-caption-text\">Mapa Cachoeira Macap\u00e1 -MA. Cr\u00e9ditos: Thomas Bauer<\/figcaption><\/figure>\n<p style=\"text-align: justify;\"><span style=\"color: #000000;\">Com todas essas amea\u00e7as citadas por Jo\u00e3o Carlos, num primeiro momento a apreens\u00e3o tomou conta dos moradores da comunidade, pois temiam perder tudo aquilo que foi constru\u00eddo ao longo de d\u00e9cadas. Mas quando os\/as trabalhadores e trabalhadoras rurais foram dialogar sobre o problema, lembraram-se de outras adversidades que j\u00e1 haviam enfrentado.<em><span style=\"color: #333399;\"> \u201cEles j\u00e1 tinham instalado m\u00e1quinas para realizar a perfura\u00e7\u00e3o dos solos na cachoeira e dali a gente resolveu juntar um grupo de homens da comunidade e fomos at\u00e9 l\u00e1 e falamos que a gente n\u00e3o aceitava eles fazerem nenhum tipo de investimento, de estudo na comunidade\u201d<\/span><\/em>, conta Jo\u00e3o.<\/span><\/p>\n<p style=\"text-align: justify;\"><span style=\"color: #000000;\">Na ocasi\u00e3o, houve muita discuss\u00e3o, por\u00e9m nenhum confronto f\u00edsico. E mesmo algum tempo depois, no ano de 2011, com uma liminar expedida pelo juiz local a favor da empresa, as fam\u00edlias n\u00e3o recuaram na luta por seus direitos. Diante da resist\u00eancia, a empresa decidiu por retirar-se e os moradores n\u00e3o tiveram mais not\u00edcias ao longo dos \u00faltimos anos.<\/span><\/p>\n<p style=\"text-align: justify;\"><span style=\"color: #000000;\">Agora, no in\u00edcio de 2017, a aparente tranquilidade transformou-se novamente em grande preocupa\u00e7\u00e3o. Dona Maria Herc\u00edlia, m\u00e3e de nove filhos, trabalhava na casa de farinha em sua ro\u00e7a quando viu um carro de cor branca se aproximar. O ve\u00edculo parou na estrada de ch\u00e3o, bem na frente da trabalhadora. Em seguida, ela percebeu uma movimenta\u00e7\u00e3o estranha, e reparou que pessoas faziam uma medi\u00e7\u00e3o em alguns pontos pr\u00f3ximos a seu terreno. Confira o depoimento dela:\u00a0<span style=\"text-decoration: underline;\"><span style=\"color: #0000ff; text-decoration: underline;\">https:\/\/goo.gl\/f5gyao<\/span><\/span><\/span><\/p>\n<p style=\"text-align: justify;\"><span style=\"color: #000000;\"><span style=\"color: #333399;\"><em>&#8220;At\u00e9 pens\u00e1vamos que eles n\u00e3o iriam aparecer mais, mas eles tornaram a vir aqui querendo concluir os estudos [para a implanta\u00e7\u00e3o da PCH]. Mas a comunidade n\u00e3o esta aceitando, n\u00e3o quer nenhum tipo de acordo, de conversa com eles, porque a gente sabe que o projeto deles \u00e9 construir e o nosso projeto \u00e9 n\u00e3o construir. Ent\u00e3o a gente esta totalmente em lados opostos\u201d<\/em><\/span>, destaca o vice-presidente da ADCMA, Jo\u00e3o Carlos.<\/span><\/p>\n<p style=\"text-align: justify;\"><span style=\"color: #000000;\">Diante desta situa\u00e7\u00e3o, no dia 11 de agosto de 2017 a <span style=\"color: #0000ff;\">Associa\u00e7\u00e3o em Defesa da Cachoeira do Macap\u00e1<\/span> e seus afluentes encaminhou of\u00edcio ao Minist\u00e9rio P\u00fablico Estadual (MPE) para pedir esclarecimentos sobre o processo de licenciamento da PCH. Em resposta encaminhada ao MPE no dia 21 de agosto, o secret\u00e1rio de Meio Ambiente e Recursos Naturais do Maranh\u00e3o, Marcelo de Araujo Costa Coelho, afirma que n\u00e3o existe nenhum processo de licenciamento em andamento para referida atividade. Entretanto, um estudo da empresa PEC Energia, intitulado <span style=\"color: #993300;\">&#8216;Projeto PCH Cachoeira&#8217;<\/span>, que a Comunidade Macap\u00e1 teve acesso, mostra a clara inten\u00e7\u00e3o de se construir uma barragem na Cachoeira. Conforme o documento, apesar da elabora\u00e7\u00e3o do projeto estar no n\u00edvel b\u00e1sico, a PCH teria potencial energ\u00e9tico de 8,6 MW.<\/span><\/p>\n<p style=\"text-align: justify;\"><span style=\"color: #000000;\"><strong>Impactos<\/strong><\/span><\/p>\n<p style=\"text-align: justify;\"><span style=\"color: #000000;\">Se a preocupa\u00e7\u00e3o dos moradores ao redor da Cachoeira do Macap\u00e1 \u00e9 a de perder suas terras e ter suas casas e lavouras inundadas diante da possibilidade da constru\u00e7\u00e3o da barragem, poucos quil\u00f4metros abaixo, na comunidade Canto do Riach\u00e3o, o que tira o sono das pessoas \u00e9 a poss\u00edvel falta de \u00e1gua.<\/span><\/p>\n<p style=\"text-align: justify;\"><span style=\"color: #000000;\">Durante uma roda de conversa, Carlos Fonseca, senhor de idade e de fala firme, conta que \u00e9 propriet\u00e1rio de uma \u00e1rea \u00e0s margens do Rio Cachoeira, lugar onde planta e cria alguns animais e \u00e9 totalmente contra este projeto de constru\u00e7\u00e3o de PCH.<span style=\"color: #333399;\"><em> \u201cSe a gente analisar, n\u00e3o tem nenhuma pequena serventia para n\u00f3s, primeiramente destr\u00f3i a natureza. Outra coisa \u00e9 que desapropria muita gente que n\u00e3o merece. E a terceira coisa \u00e9 que esta barragem n\u00e3o tem utilidade, porque uma hora aquele neg\u00f3cio arrebenta l\u00e1 e tanto prejudica quem est\u00e1 em cima como quem esta abaixo\u201d,<\/em><\/span> destaca.<\/span><\/p>\n<p style=\"text-align: justify;\"><span style=\"color: #000000;\">Ant\u00f4nio Santos, presidente da Associa\u00e7\u00e3o da comunidade Canto do Riach\u00e3o, afirma que um agrimensor contratado por uma empresa agr\u00edcola de sementes da regi\u00e3o adiantou, durante uma conversa com ele, que ainda n\u00e3o existe nenhum projeto concreto pela empresa que o contratou para puxar \u00e1gua do Rio Cachoeira. Essa \u00e1gua retirada do rio seria usada, conforme moradores desta localidade, para alimentar os piv\u00f4s centrais de um latif\u00fandio. Com isso, viria a possibilidade de expans\u00e3o de \u00e1reas cultiv\u00e1veis. Esse caso \u00e9 mais um motivo de preocupa\u00e7\u00e3o para os\/as trabalhadores e trabalhadoras rurais da regi\u00e3o, pois pode contribuir para a escassez de \u00e1gua.<\/span><\/p>\n<p style=\"text-align: justify;\"><span style=\"color: #000000;\">Questionados sobre o futuro, os\/as agricultores e agricultoras familiares afirmam n\u00e3o ter d\u00favida de que se este empreendimento vier a acontecer ser\u00e1 dif\u00edcil para as comunidades sobreviverem como hoje est\u00e3o organizadas. Tanto ser\u00e1 invi\u00e1vel para aqueles atingidos diretamente pelas inunda\u00e7\u00f5es como tamb\u00e9m para as pessoas que sofreram com a falta de \u00e1gua.<\/span><\/p>\n<p style=\"text-align: justify;\"><strong><span style=\"color: #000000;\">Campanha<\/span><\/strong><\/p>\n<p style=\"text-align: justify;\"><span style=\"color: #000000;\">A Associa\u00e7\u00e3o em Defesa da Cachoeira do Macap\u00e1 e Rios Afluentes (ADCMA) luta pela preserva\u00e7\u00e3o do meio ambiente e atua em defesa da Cachoeira do Macap\u00e1 e de seus afluentes. Recentemente, foi lan\u00e7ada uma campanha que busca o apoio da sociedade na luta contra a constru\u00e7\u00e3o da PCH na cachoeira. O grupo acredita que esse projeto pode desabrigar fam\u00edlias, impactar o meio ambiente, al\u00e9m de afetar o turismo na regi\u00e3o, pois apesar de ainda ser pouco explorada turisticamente, a cachoeira est\u00e1 num projeto para ser inclu\u00edda na rota da Chapada das Mesas.<\/span><\/p>\n<p><span style=\"color: #000080;\"><em>Reportagem \/ Imagens: Thomas Bauer \u2013 CPT Bahia<\/em><\/span><\/p>\n<p><span style=\"color: #000080;\"><em>Edi\u00e7\u00e3o: Elvis Marques \u2013 CPT Nacional<\/em><\/span><\/p>\n","protected":false},"excerpt":{"rendered":"<p>Por\u00a0Thomas Bauer\u00a0 Cachoeira no sul do Maranh\u00e3o \u2013 considerada a maior do estado \u2013 \u00e9 alvo de estudos para constru\u00e7\u00e3o de barragem. Trabalhadores e trabalhadoras rurais lutam para defender os bens naturais e o territ\u00f3rio onde nasceram e se criaram.\u00a0\u00a0#N\u00e3oPCHMacap\u00e1\u00a0 \u00e9 uma campanha de iniciativa da comunidade que busca o apoio da sociedade. Outubro, 2017 [&hellip;]<\/p>\n","protected":false},"author":1,"featured_media":8117,"comment_status":"open","ping_status":"open","sticky":false,"template":"","format":"standard","meta":{"_uag_custom_page_level_css":"","footnotes":""},"categories":[37],"tags":[1165,1239,1434,2499,2598,2853,2878,3133,3134,3416,3582,5198,6219,8190,8882,9679,11475,11810],"class_list":["post-8116","post","type-post","status-publish","format-standard","has-post-thumbnail","hentry","category-sustentabilidade","tag-bahia","tag-balsas","tag-biomas-cerrado-e-amazonia","tag-comissao-pastoral-da-terra","tag-comunidade-luta-contra-projeto-de-pch","tag-construcao-de-barragem","tag-construcao-de-uma-pequena-central-hidreletrica-pch","tag-cpt-bahia","tag-cpt-nacional","tag-defesa-da-cachoeira-do-macapa-e-seus-afluentes","tag-destruicao-do-ecossistema-da-regiao","tag-fortaleza-dos-nogueiras","tag-instituto-de-pesquisa-ambiental-da-amazonia-ipam","tag-nova-colinas","tag-piaui","tag-projeto-de-desenvolvimento-agropecuario-pda-do-matopiba","tag-sustentabilidade-e-meio-ambiente","tag-tocantins"],"blocksy_meta":[],"spectra_blocks_featured_image_url":[],"spectra_blocks_author_info":{"display_name":"Jornal da Constru\u00e7\u00e3o Civil","avatar_url":"https:\/\/secure.gravatar.com\/avatar\/973c9774fd44ddaceb026973c4962faa70fc512bc4c9da68e8ebb40fecee6540?s=96&d=mm&r=g","author_link":"https:\/\/construcaocivil.siriusmarketingedesign.com.br\/?author=1","description":"Desde de 2013, levando muitas informa\u00e7\u00f5es, lan\u00e7amentos e produtos de qualidade para toda cadeia produtiva da constru\u00e7\u00e3o. O Futuro da constru\u00e7\u00e3o passa por aqui,"},"uagb_featured_image_src":{"full":false,"thumbnail":false,"medium":false,"medium_large":false,"large":false,"1536x1536":false,"2048x2048":false},"uagb_author_info":{"display_name":"Jornal da Constru\u00e7\u00e3o Civil","author_link":"https:\/\/construcaocivil.siriusmarketingedesign.com.br\/?author=1"},"uagb_comment_info":0,"uagb_excerpt":"Por\u00a0Thomas Bauer\u00a0 Cachoeira no sul do Maranh\u00e3o \u2013 considerada a maior do estado \u2013 \u00e9 alvo de estudos para constru\u00e7\u00e3o de barragem. Trabalhadores e trabalhadoras rurais lutam para defender os bens naturais e o territ\u00f3rio onde nasceram e se criaram.\u00a0\u00a0#N\u00e3oPCHMacap\u00e1\u00a0 \u00e9 uma campanha de iniciativa da comunidade que busca o apoio da sociedade. Outubro, 2017&hellip;","_links":{"self":[{"href":"https:\/\/construcaocivil.siriusmarketingedesign.com.br\/index.php?rest_route=\/wp\/v2\/posts\/8116","targetHints":{"allow":["GET"]}}],"collection":[{"href":"https:\/\/construcaocivil.siriusmarketingedesign.com.br\/index.php?rest_route=\/wp\/v2\/posts"}],"about":[{"href":"https:\/\/construcaocivil.siriusmarketingedesign.com.br\/index.php?rest_route=\/wp\/v2\/types\/post"}],"author":[{"embeddable":true,"href":"https:\/\/construcaocivil.siriusmarketingedesign.com.br\/index.php?rest_route=\/wp\/v2\/users\/1"}],"replies":[{"embeddable":true,"href":"https:\/\/construcaocivil.siriusmarketingedesign.com.br\/index.php?rest_route=%2Fwp%2Fv2%2Fcomments&post=8116"}],"version-history":[{"count":0,"href":"https:\/\/construcaocivil.siriusmarketingedesign.com.br\/index.php?rest_route=\/wp\/v2\/posts\/8116\/revisions"}],"wp:attachment":[{"href":"https:\/\/construcaocivil.siriusmarketingedesign.com.br\/index.php?rest_route=%2Fwp%2Fv2%2Fmedia&parent=8116"}],"wp:term":[{"taxonomy":"category","embeddable":true,"href":"https:\/\/construcaocivil.siriusmarketingedesign.com.br\/index.php?rest_route=%2Fwp%2Fv2%2Fcategories&post=8116"},{"taxonomy":"post_tag","embeddable":true,"href":"https:\/\/construcaocivil.siriusmarketingedesign.com.br\/index.php?rest_route=%2Fwp%2Fv2%2Ftags&post=8116"}],"curies":[{"name":"wp","href":"https:\/\/api.w.org\/{rel}","templated":true}]}}