{"id":8143,"date":"2017-10-30T15:25:04","date_gmt":"2017-10-30T18:25:04","guid":{"rendered":"https:\/\/jornaldaconstrucaocivil.com.br\/?p=8143"},"modified":"2017-10-30T15:25:04","modified_gmt":"2017-10-30T18:25:04","slug":"cbic-cria-forum-nacional-e-fortalece-projeto-o-futuro-da-minha-cidade","status":"publish","type":"post","link":"https:\/\/construcaocivil.siriusmarketingedesign.com.br\/?p=8143","title":{"rendered":"CBIC cria F\u00f3rum Nacional e fortalece projeto  O Futuro da Minha Cidade"},"content":{"rendered":"<p style=\"text-align: justify;\"><span style=\"color: #333399;\"><em><strong>Objetivo \u00e9 fomentar a troca de experi\u00eancias entre as cidades engajadas<\/strong><\/em><\/span><\/p>\n<p style=\"text-align: justify;\"><span style=\"color: #000000;\"><span style=\"color: #993300;\">Outubro, Bras\u00edlia, 2017<\/span> &#8211; Voc\u00ea quer ser protagonista ou ref\u00e9m das mudan\u00e7as? Foi para fazer essa provoca\u00e7\u00e3o que a C\u00e2mara Brasileira da Ind\u00fastria da Constru\u00e7\u00e3o (CBIC) mobilizou sua Comiss\u00e3o de Meio Ambiente (CMA) e criou o projeto <span style=\"color: #ff0000;\">O Futuro da Minha Cidade<\/span>, cujo principal objetivo \u00e9 motivar a sociedade organizada para influenciar a gest\u00e3o das cidades, pensando solu\u00e7\u00f5es para a sustentabilidade urbana, tendo como objetivo o crescimento econ\u00f4mico e a melhoria da qualidade de vida nos munic\u00edpios. Desencadeado no ano de 2014, em correaliza\u00e7\u00e3o com o Servi\u00e7o Social da Ind\u00fastria &#8211; Sesi Nacional e patroc\u00ednio nacional da Caixa Econ\u00f4mica Federal, o projeto tem como inspira\u00e7\u00e3o a experi\u00eancia bem sucedida da cidade de Maring\u00e1 (PR) e j\u00e1 mobiliza 20 cidades Brasil afora. <\/span><\/p>\n<p style=\"text-align: justify;\"><a href=\"https:\/\/jornaldaconstrucaocivil.com.br\/wp-content\/uploads\/2017\/10\/CBIC-2.jpg\"><img loading=\"lazy\" decoding=\"async\" class=\"size-medium wp-image-8144 alignleft\" src=\"https:\/\/jornaldaconstrucaocivil.com.br\/wp-content\/uploads\/2017\/10\/CBIC-2-300x77.jpg\" alt=\"CBIC\" width=\"300\" height=\"77\" \/><\/a><\/p>\n<p style=\"text-align: justify;\"><span style=\"color: #000000;\">Para articular esse di\u00e1logo, cada cidade cria um Conselho formado por cidad\u00e3os comprometidos e envolvidos com a concretiza\u00e7\u00e3o das propostas: s\u00e3o os<span style=\"color: #993300;\"> &#8220;apaixonados&#8221;<\/span> \u2013 para fortalecer ainda mais o projeto e favorecer a dissemina\u00e7\u00e3o das boas pr\u00e1ticas, a CBIC criar\u00e1 um f\u00f3rum nacional, aglutinando todos os Conselhos e Grupos Articulados instalados. O an\u00fancio ser\u00e1 feito durante workshop marcado para o dia 31\/10, a partir das 09h, no audit\u00f3rio do Conselho de Desenvolvimento Econ\u00f4mico, Sustent\u00e1vel e Estrat\u00e9gico de Goi\u00e2nia (Codese), na cidade de Goi\u00e2nia-GO.<\/span><\/p>\n<p style=\"text-align: justify;\"><span style=\"color: #000000;\"><span style=\"color: #333399;\"><em>&#8220;Esse projeto d\u00e1 voz ao cidad\u00e3o, estimulando que cada um assuma o compromisso de pensar sua cidade e atuar para que as melhores pr\u00e1ticas sejam adotadas, em benef\u00edcio da coletividade&#8221;<\/em><\/span>, diz Jos\u00e9 Carlos Martins, presidente da CBIC. <span style=\"color: #333399;\"><em>&#8220;A atua\u00e7\u00e3o no tema Cidades Sustent\u00e1veis \u00e9 priorit\u00e1rio para a Comiss\u00e3o de Meio Ambiente e os resultados exitosos de <span style=\"color: #ff0000;\">O Futuro da Minha Cidade<\/span>, que ser\u00e3o apresentados em Goi\u00e2nia, uma das cidades que s\u00e3o refer\u00eancias para o projeto, mostra o amadurecimento da articula\u00e7\u00e3o do setor para apoiar no empoderamento dos habitantes que vivem sua cidade&#8221;<\/em><\/span>, diz Nilson Sarti, presidente da CMA\/CBIC. Ambos destacam que a experi\u00eancia acumulada por O Futuro da Minha Cidade demonstra que o cidad\u00e3o sabe o que \u00e9 melhor para a cidade em que vive e est\u00e1 dispon\u00edvel para apoiar e fiscalizar o poder p\u00fablico, de forma a induzir e fiscalizar a execu\u00e7\u00e3o das melhores iniciativas.<\/span><\/p>\n<p style=\"text-align: justify;\"><span style=\"color: #000000;\">Para o presidente do CODESE, Euclides Siqueira Barbo, a sociedade come\u00e7a a perceber que n\u00e3o pode esperar que o poder p\u00fablico assuma sozinho a responsabilidade pela condu\u00e7\u00e3o de um futuro que, na verdade, pertence a todos. <em><span style=\"color: #333399;\">&#8220;O conhecimento, a participa\u00e7\u00e3o direta do cidad\u00e3o, o engajamento de cada pe\u00e7a desse coletivo nos possibilita processar dados e produzir documentos anal\u00edticos de realidade para auxiliar o poder p\u00fablico na constru\u00e7\u00e3o de metas alcan\u00e7\u00e1veis, com vistas a construir, de forma racional, esse futuro por n\u00f3s almejado e projetado&#8221;<\/span><\/em>. Barbo ressalta, ainda, a import\u00e2ncia de consensos e trabalhos em parceria, no sentido de desenvolver instrumentos efetivos para a aplica\u00e7\u00e3o pr\u00e1tica dessas ideias.<\/span><\/p>\n<p style=\"text-align: justify;\"><span style=\"color: #000000;\">O projeto <span style=\"color: #ff0000;\">O Futuro da Minha Cidade<\/span> vem produzindo uma revolu\u00e7\u00e3o silenciosa nas cidades onde foi implantado, mudando de forma positiva a rela\u00e7\u00e3o do cidad\u00e3o e dos setores organizados com a comunidade. Hoje, est\u00e3o implantados e em plena atividade os conselhos das cidades de Aparecida de Goi\u00e2nia (GO), Goi\u00e2nia (GO), Bras\u00edlia (DF), Bel\u00e9m (PA), Cascavel (PR), Campo Grande (MS), Caxias do Sul (RS), Chapec\u00f3 (SC), Itapema (SC), Joinville (SC), Manaus (AM), Natal (RN), Porto Velho (RO), Santa Maria (RS), S\u00e3o Gon\u00e7alo do Amarante (CE), S\u00e3o Lu\u00eds (MA), Teresina (PI), Uberl\u00e2ndia (MG), Vit\u00f3ria (ES) e Volta Redonda (RJ).<\/span><\/p>\n<p style=\"text-align: justify;\"><span style=\"color: #000000;\"><span style=\"color: #333399;\"><em>&#8220;Se o prefeito for comprometido vai entender que se a sociedade se organiza e apresenta um projeto, n\u00e3o tem como n\u00e3o dar certo. A proposta j\u00e1 vem revestida de legitimidade e evita conflitos. Se continuarmos com a dissemina\u00e7\u00e3o deste projeto, teremos um Pa\u00eds muito diferente do que hoje encontramos&#8221;<\/em><\/span>, afirma o engenheiro S\u00edlvio Barros, ex-prefeito de Maring\u00e1, cidade pioneira nessa experi\u00eancia, e consultor da CBIC. Durante sua segunda gest\u00e3o, iniciada em 2009, Barros apoiou o Conselho de Desenvolvimento Econ\u00f4mico de Maring\u00e1 (Codem), que desenvolve a\u00e7\u00f5es objetivando o planejamento da cidade a longo prazo, cujo modelo tem sido replicado com sucesso por O Futuro da Minha Cidade. Ao longo de seus dois mandatos, Barros foi premiado pela ado\u00e7\u00e3o de boas pr\u00e1ticas de gest\u00e3o na administra\u00e7\u00e3o p\u00fablica e tornou-se refer\u00eancia nacional.<\/span><\/p>\n<p style=\"text-align: justify;\"><span style=\"color: #000000;\"><strong>EVENTO AGLUTINADOR<\/strong> \u2013 Os Conselhos fomentados por <span style=\"color: #ff0000;\">O Futuro da Minha Cidade<\/span> s\u00e3o formados por representantes da sociedade organizada e da popula\u00e7\u00e3o das cidades, organizados em equipes que absorvem diversas fun\u00e7\u00f5es: os representantes, que lideram a\u00e7\u00f5es de sensibiliza\u00e7\u00e3o e mobiliza\u00e7\u00e3o de lideran\u00e7as; os participantes, que s\u00e3o formadores de opini\u00e3o e podem mobilizar seus conhecimentos, habilidades e atitudes; e os facilitadores, que s\u00e3o treinados para planejar, preparar e administrar o processo. O conselho tem a incumb\u00eancia de pensar o futuro da cidade num horizonte de 20 anos, formular um plano estrat\u00e9gico e desencadear a necess\u00e1ria articula\u00e7\u00e3o com o poder p\u00fablico para que as a\u00e7\u00f5es saiam do papel.<\/span><\/p>\n<p style=\"text-align: justify;\"><span style=\"color: #000000;\">O <span style=\"color: #0000ff;\">Workshop O Futuro da Minha Cidade<\/span> levar\u00e1 \u00e0 capital de Goi\u00e1s dirigentes e empres\u00e1rios da ind\u00fastria da constru\u00e7\u00e3o, representantes dos Conselhos instalados no \u00e2mbito do projeto em diversas cidades brasileiras, autoridades da administra\u00e7\u00e3o p\u00fablica e muito outros apaixonados. Goi\u00e2nia j\u00e1 aderiu ao projeto e suas a\u00e7\u00f5es est\u00e3o bem avan\u00e7adas. Uma das metas do projeto colocadas pela popula\u00e7\u00e3o \u00e9 elevar o \u00cdndice de Desenvolvimento Humano (IDH) da cidade da 45\u00aa posi\u00e7\u00e3o para a 10\u00aa no Brasil. O Codese criou 11 c\u00e2maras t\u00e9cnicas, alinhadas com a voca\u00e7\u00e3o econ\u00f4mica da cidade: Vestu\u00e1rio e Moda; Turismo de Neg\u00f3cios; Polo Educacional; Polo Tecnol\u00f3gico; Log\u00edstica e Distribui\u00e7\u00e3o; Neg\u00f3cios Agropecu\u00e1rios; Sa\u00fade; Desenvolvimento Urbano; Melhoria da Gest\u00e3o P\u00fablica (Desburocratiza\u00e7\u00e3o), Goi\u00e2nia Social e Seguran\u00e7a.<\/span><\/p>\n<p style=\"text-align: justify;\">Links:\u00a0<span style=\"text-decoration: underline;\"><span style=\"color: #0000ff; text-decoration: underline;\">http:\/\/bit.ly\/2zRxS8E<\/span><\/span><\/p>\n<p style=\"text-align: justify;\">Programa\u00e7\u00e3o:<span style=\"text-decoration: underline;\"><span style=\"color: #0000ff; text-decoration: underline;\">\u00a0http:\/\/bit.ly\/2lpIIjG<\/span><\/span><\/p>\n<p style=\"text-align: justify;\">Fonte: Imprensa\/CBIC<\/p>\n","protected":false},"excerpt":{"rendered":"<p>Objetivo \u00e9 fomentar a troca de experi\u00eancias entre as cidades engajadas Outubro, Bras\u00edlia, 2017 &#8211; Voc\u00ea quer ser protagonista ou ref\u00e9m das mudan\u00e7as? Foi para fazer essa provoca\u00e7\u00e3o que a C\u00e2mara Brasileira da Ind\u00fastria da Constru\u00e7\u00e3o (CBIC) mobilizou sua Comiss\u00e3o de Meio Ambiente (CMA) e criou o projeto O Futuro da Minha Cidade, cujo principal [&hellip;]<\/p>\n","protected":false},"author":1,"featured_media":0,"comment_status":"open","ping_status":"open","sticky":false,"template":"","format":"standard","meta":{"_uag_custom_page_level_css":"","footnotes":""},"categories":[27],"tags":[2029,2275,2781,5518,5911,6096,7301,7773,8317,8982,9431,10926,11333,11470,11483,11818,12528],"class_list":["post-8143","post","type-post","status-publish","format-standard","hentry","category-acontece","tag-cbic","tag-cidades-que-queremos","tag-conselho-de-desenvolvimento-economico","tag-goias-go","tag-ilumincacao-publica","tag-infraestrutura","tag-maringa-pr","tag-mobilidade-urbana","tag-o-futuro-da-minha-cidade","tag-planejamento-urbano","tag-problemas-nas-cidades","tag-servico-social-da-industria-sesi-nacional","tag-solucoes-para-a-sustentabilidade-urbana","tag-sustentabilidade","tag-sustentavel-e-estrategico-de-goiania-codese","tag-tolerancia","tag-workshop-o-futuro-da-minha-cidade"],"blocksy_meta":[],"spectra_blocks_featured_image_url":null,"spectra_blocks_author_info":{"display_name":"Jornal da Constru\u00e7\u00e3o Civil","avatar_url":"https:\/\/secure.gravatar.com\/avatar\/973c9774fd44ddaceb026973c4962faa70fc512bc4c9da68e8ebb40fecee6540?s=96&d=mm&r=g","author_link":"https:\/\/construcaocivil.siriusmarketingedesign.com.br\/?author=1","description":"Desde de 2013, levando muitas informa\u00e7\u00f5es, lan\u00e7amentos e produtos de qualidade para toda cadeia produtiva da constru\u00e7\u00e3o. O Futuro da constru\u00e7\u00e3o passa por aqui,"},"uagb_featured_image_src":{"full":false,"thumbnail":false,"medium":false,"medium_large":false,"large":false,"1536x1536":false,"2048x2048":false},"uagb_author_info":{"display_name":"Jornal da Constru\u00e7\u00e3o Civil","author_link":"https:\/\/construcaocivil.siriusmarketingedesign.com.br\/?author=1"},"uagb_comment_info":0,"uagb_excerpt":"Objetivo \u00e9 fomentar a troca de experi\u00eancias entre as cidades engajadas Outubro, Bras\u00edlia, 2017 &#8211; Voc\u00ea quer ser protagonista ou ref\u00e9m das mudan\u00e7as? Foi para fazer essa provoca\u00e7\u00e3o que a C\u00e2mara Brasileira da Ind\u00fastria da Constru\u00e7\u00e3o (CBIC) mobilizou sua Comiss\u00e3o de Meio Ambiente (CMA) e criou o projeto O Futuro da Minha Cidade, cujo principal&hellip;","_links":{"self":[{"href":"https:\/\/construcaocivil.siriusmarketingedesign.com.br\/index.php?rest_route=\/wp\/v2\/posts\/8143","targetHints":{"allow":["GET"]}}],"collection":[{"href":"https:\/\/construcaocivil.siriusmarketingedesign.com.br\/index.php?rest_route=\/wp\/v2\/posts"}],"about":[{"href":"https:\/\/construcaocivil.siriusmarketingedesign.com.br\/index.php?rest_route=\/wp\/v2\/types\/post"}],"author":[{"embeddable":true,"href":"https:\/\/construcaocivil.siriusmarketingedesign.com.br\/index.php?rest_route=\/wp\/v2\/users\/1"}],"replies":[{"embeddable":true,"href":"https:\/\/construcaocivil.siriusmarketingedesign.com.br\/index.php?rest_route=%2Fwp%2Fv2%2Fcomments&post=8143"}],"version-history":[{"count":0,"href":"https:\/\/construcaocivil.siriusmarketingedesign.com.br\/index.php?rest_route=\/wp\/v2\/posts\/8143\/revisions"}],"wp:attachment":[{"href":"https:\/\/construcaocivil.siriusmarketingedesign.com.br\/index.php?rest_route=%2Fwp%2Fv2%2Fmedia&parent=8143"}],"wp:term":[{"taxonomy":"category","embeddable":true,"href":"https:\/\/construcaocivil.siriusmarketingedesign.com.br\/index.php?rest_route=%2Fwp%2Fv2%2Fcategories&post=8143"},{"taxonomy":"post_tag","embeddable":true,"href":"https:\/\/construcaocivil.siriusmarketingedesign.com.br\/index.php?rest_route=%2Fwp%2Fv2%2Ftags&post=8143"}],"curies":[{"name":"wp","href":"https:\/\/api.w.org\/{rel}","templated":true}]}}