{"id":8158,"date":"2017-10-31T13:25:23","date_gmt":"2017-10-31T16:25:23","guid":{"rendered":"https:\/\/jornaldaconstrucaocivil.com.br\/?p=8158"},"modified":"2017-10-31T13:25:23","modified_gmt":"2017-10-31T16:25:23","slug":"por-eficiencia-e-economia-luminarias-de-led-se-tornam-a-pedida-do-mercado","status":"publish","type":"post","link":"https:\/\/construcaocivil.siriusmarketingedesign.com.br\/?p=8158","title":{"rendered":"Por efici\u00eancia e economia lumin\u00e1rias de Led se tornam a pedida do mercado"},"content":{"rendered":"<p style=\"text-align: justify;\"><em>Por Severian Rocha\u00a0<\/em><\/p>\n<p style=\"text-align: justify;\"><span style=\"color: #000000;\"><span style=\"color: #993300;\">Outubro, 2017<\/span> &#8211; Utilizadas na ilumina\u00e7\u00e3o p\u00fablica, nos pr\u00e9dios p\u00fablicos, em empreendimentos comerciais e residenciais, a febre positiva das l\u00e2mpadas e lumin\u00e1rias de led se tornou uma realidade no pa\u00eds. Al\u00e9m da praticidade nas instala\u00e7\u00f5es, os consumidores brasileiros, ao utilizarem as l\u00e2mpadas e lumin\u00e1rias de led, obt\u00e9m redu\u00e7\u00e3o do consumo de energia, ou seja: conta de luz fica mais barata no final do m\u00eas.<\/span><\/p>\n<figure id=\"attachment_8160\" aria-describedby=\"caption-attachment-8160\" style=\"width: 300px\" class=\"wp-caption alignleft\"><a href=\"https:\/\/jornaldaconstrucaocivil.com.br\/wp-content\/uploads\/2017\/10\/AA-TRAMONTINA.jpg\"><img loading=\"lazy\" decoding=\"async\" class=\"wp-image-8160 size-medium\" src=\"https:\/\/jornaldaconstrucaocivil.com.br\/wp-content\/uploads\/2017\/10\/AA-TRAMONTINA-300x156.jpg\" alt=\"AA TRAMONTINA\" width=\"300\" height=\"156\" \/><\/a><figcaption id=\"caption-attachment-8160\" class=\"wp-caption-text\">Tstore Tramontina<\/figcaption><\/figure>\n<p style=\"text-align: justify;\"><span style=\"color: #000000;\">O Jornal da Constru\u00e7\u00e3o Civil(site), atento ao movimento do setor conversou com o Roberto Aimi, diretor executivo da Tramontina, empresa refer\u00eancia nacional que atende v\u00e1rios nichos de mercado com produtos para Constru\u00e7\u00e3o Civil &#8211; Casa, Jardim, Ferramentas Profissionais, Material El\u00e9trico e, que recentemente abriu em algumas cidades do pa\u00eds, um novo conceito de lojas, as TSTORE.\u00a0 Al\u00e9m de lan\u00e7ar v\u00e1rios modelos de lumin\u00e1rias para atender a demanda crescente do mercado interno e externo.<\/span><\/p>\n<p style=\"text-align: justify;\"><strong><span style=\"color: #000000;\">Entrevista Especial\u00a0<\/span><\/strong><\/p>\n<p style=\"text-align: justify;\"><span style=\"color: #000000;\"><strong>JCC<\/strong> \u2013 Nestes \u00faltimos anos, muitas empresas tiveram que reinventar suas a\u00e7\u00f5es comerciais. Umas focaram no mercado externo, outras reduziram suas \u00e1reas de atendimento em algumas regi\u00f5es ou at\u00e9 fecharam algumas lojas f\u00edsicas. A Tramontina parece que foi o contr\u00e1rio, abriu v\u00e1rias lojas\u00a0<\/span><span style=\"color: #000000;\">TStore pelo pa\u00eds. Conte um pouco sobre ?<\/span><\/p>\n<figure id=\"attachment_8159\" aria-describedby=\"caption-attachment-8159\" style=\"width: 249px\" class=\"wp-caption alignright\"><a href=\"https:\/\/jornaldaconstrucaocivil.com.br\/wp-content\/uploads\/2017\/10\/Tramontina-Lampada-LED-Plafon-Quadrado-de-Embutir.jpg\"><img loading=\"lazy\" decoding=\"async\" class=\"wp-image-8159\" src=\"https:\/\/jornaldaconstrucaocivil.com.br\/wp-content\/uploads\/2017\/10\/Tramontina-Lampada-LED-Plafon-Quadrado-de-Embutir-300x176.jpg\" width=\"249\" height=\"146\" \/><\/a><figcaption id=\"caption-attachment-8159\" class=\"wp-caption-text\">Tramontina Lampada LED Plafon Quadrado de Embutir<\/figcaption><\/figure>\n<p style=\"text-align: justify;\"><span style=\"color: #000000;\"><strong><span style=\"color: #0000ff;\">Roberto Aimi &#8211; Tramontina<\/span><\/strong> &#8211; Com 106 anos, a trajet\u00f3ria da Tramontina sempre foi marcada pela voca\u00e7\u00e3o industrial. A empresa iniciou investimento no varejo em outubro de 2013, com a primeira Tstore Tramontina no Rio de Janeiro. O ponto de venda na Casa Shopping, marcou um novo conceito e posicionamento da empresa, inaugurando uma esp\u00e9cie de laborat\u00f3rio para a marca, que busca recriar a experi\u00eancia de compra. Hoje s\u00e3o sete Tstores no pa\u00eds (tr\u00eas no Rio de Janeiro, duas em S\u00e3o Paulo, uma em Farroupilha (RS) e uma em Salvador), duas no exterior &#8211; Chile e Col\u00f4mbia -, al\u00e9m de atua\u00e7\u00e3o varejista junto \u00e0 sede em Carlos Barbosa. Todas seguem a mesma identidade visual e projeto arquitet\u00f4nico planejado para valorizar a diversidade de produtos e agu\u00e7ar o prazer de fazer bonito a qualquer hora do dia. O ambiente trabalha com os sentidos dos consumidores a partir de servi\u00e7os diferenciados de DNA olfativo e auditivo. O mix \u00e9 dividido em diferentes mundos: cortar, equipar, servir, festejar, preparar, surpreender, tem\u00e1ticos e mobiliar. Refor\u00e7am o compromisso da Tramontina em se aproximar do consumidor final em espa\u00e7o cuidadosamente desenhado n\u00e3o apenas para proporcionar vendas, mas uma experi\u00eancia de compra e marca.<\/span><\/p>\n<p style=\"text-align: justify;\"><span style=\"color: #000000;\"><strong>JCC<\/strong> \u2013 Qual o foco dessas lojas? Utilidades dom\u00e9sticas ou o cliente pode encontrar material el\u00e9trico, ferramentas e outros produtos da empresa ?<\/span><\/p>\n<p style=\"text-align: justify;\"><span style=\"color: #000000;\"><strong><span style=\"color: #0000ff;\">Roberto Aimi &#8211; Tramontina<\/span><\/strong> &#8211; As T stores, lojas pr\u00f3prias da Tramontina, foram criadas especialmente para valorizar a diversidade de produtos e agu\u00e7ar o prazer de fazer bonito a qualquer hora do dia &#8211; seja por meio de utens\u00edlios e equipamentos para cozinha, eletros, ferramentas para agricultura, jardinagem, manuten\u00e7\u00e3o industrial e automotiva, ve\u00edculos utilit\u00e1rios, constru\u00e7\u00e3o civil, al\u00e9m de materiais el\u00e9tricos e m\u00f3veis de madeira ou pl\u00e1stico. Nas lojas localizadas no Rio Grande do Sul \u00e9 poss\u00edvel encontrar o mix completo de produtos Tramontina. Nas demais regi\u00f5es, o foco \u00e9 utilidades dom\u00e9sticas e eletros.<\/span><\/p>\n<figure id=\"attachment_8161\" aria-describedby=\"caption-attachment-8161\" style=\"width: 221px\" class=\"wp-caption alignleft\"><a href=\"https:\/\/jornaldaconstrucaocivil.com.br\/wp-content\/uploads\/2017\/10\/A-OK-Tramontina-Lampada-LED-Alta-Potencia.jpg\"><img loading=\"lazy\" decoding=\"async\" class=\"wp-image-8161\" src=\"https:\/\/jornaldaconstrucaocivil.com.br\/wp-content\/uploads\/2017\/10\/A-OK-Tramontina-Lampada-LED-Alta-Potencia-300x300.jpg\" width=\"221\" height=\"221\" \/><\/a><figcaption id=\"caption-attachment-8161\" class=\"wp-caption-text\">Tramontina Lampada LED Alta Potencia<\/figcaption><\/figure>\n<p style=\"text-align: justify;\"><span style=\"color: #000000;\">As unidades re\u00fanem ideias para abrir a casa com beleza, estilo e afeto, oferecendo verdadeiras experi\u00eancias de compra. Nelas, \u00e9 poss\u00edvel perceber a setoriza\u00e7\u00e3o dos mix da marca, que conta hoje com mais de 18 mil itens. S\u00e3o divididos em diferentes mundos: cortar, equipar, servir, festejar, preparar, surpreender, tem\u00e1ticos e mobiliar.<\/span><\/p>\n<p style=\"text-align: justify;\"><span style=\"color: #000000;\"><strong>JCC<\/strong> \u2013 Em todas as lojas de ferragens\/material de constru\u00e7\u00e3o do Brasil encontramos produtos da Tramontina. As lojas TStore concorrem com essas lojas do varejo de rua? Ou essas lojas servem mais para fortalecer a marca da empresa junto ao consumidor \u2013 uma forma de se modernizar ?<\/span><\/p>\n<p style=\"text-align: justify;\"><span style=\"color: #000000;\"><strong><span style=\"color: #0000ff;\">Roberto Aimi &#8211; Tramontina<\/span><\/strong> &#8211; As T stores Tramontina foram desenhadas para promover experi\u00eancia de compra e marca. \u00c9 l\u00e1 onde o consumidor conhece a diversidade de produtos, participa de workshops e, nas lojas do RS, personaliza produtos como as facas. Um espa\u00e7o que privilegia o contato com o consumidor e refor\u00e7a o compromisso da Tramontina em fazer parte da vida das pessoas, seja na mesa preparada para o jantar, no bolo rec\u00e9m\u00a0 sa\u00eddo do forno, no caf\u00e9 coado para acompanhar uma conversa, nos reparos da casa ou no jardim decorado para receber os amigos. S\u00e3o sensa\u00e7\u00f5es como essas que a Tramontina quer despertar em quem passa por suas lojas conceito, muito al\u00e9m de simplesmente proporcionar a venda.<\/span><\/p>\n<figure id=\"attachment_8162\" aria-describedby=\"caption-attachment-8162\" style=\"width: 232px\" class=\"wp-caption alignright\"><a href=\"https:\/\/jornaldaconstrucaocivil.com.br\/wp-content\/uploads\/2017\/10\/ACC1Tramontina-Luminaria-LED.jpg\"><img loading=\"lazy\" decoding=\"async\" class=\"wp-image-8162\" src=\"https:\/\/jornaldaconstrucaocivil.com.br\/wp-content\/uploads\/2017\/10\/ACC1Tramontina-Luminaria-LED-300x219.jpg\" alt=\"Tramontina Lumin\u00e1ria LED\" width=\"232\" height=\"169\" \/><\/a><figcaption id=\"caption-attachment-8162\" class=\"wp-caption-text\">Tramontina Lumin\u00e1ria LED<\/figcaption><\/figure>\n<p style=\"text-align: justify;\"><span style=\"color: #000000;\"><strong>JCC<\/strong> \u2013 No momento, no Brasil se fala muito em solu\u00e7\u00f5es e inova\u00e7\u00f5es sustent\u00e1veis. Sabemos que a empresa est\u00e1 investindo bastante nas lumin\u00e1rias e l\u00e2mpadas de Led. Essas l\u00e2mpadas produzidas e desenvolvidas pela Tramontina seguem essa linha de produto sustent\u00e1vel ?<\/span><\/p>\n<p style=\"text-align: justify;\"><span style=\"color: #000000;\"><strong><span style=\"color: #0000ff;\">Roberto Aimi &#8211; Tramontina<\/span> <\/strong>&#8211; Sem d\u00favida, o crescimento da tecnologia LED no pa\u00eds est\u00e1 fortemente apoiado em dois fatores determinantes: a economia de energia que proporcionada (cerca de 85%) e, que impacta diretamente na conta de luz do consumidor e a durabilidade do produto em torno de 25 mil horas.<\/span><\/p>\n<p style=\"text-align: justify;\"><span style=\"color: #993300;\">Para mais detalhes acesse<\/span>:\u00a0<span style=\"text-decoration: underline;\"><span style=\"color: #0000ff; text-decoration: underline;\"><em>www.tramontina.com.br<\/em><\/span><\/span><\/p>\n","protected":false},"excerpt":{"rendered":"<p>Por Severian Rocha\u00a0 Outubro, 2017 &#8211; Utilizadas na ilumina\u00e7\u00e3o p\u00fablica, nos pr\u00e9dios p\u00fablicos, em empreendimentos comerciais e residenciais, a febre positiva das l\u00e2mpadas e lumin\u00e1rias de led se tornou uma realidade no pa\u00eds. Al\u00e9m da praticidade nas instala\u00e7\u00f5es, os consumidores brasileiros, ao utilizarem as l\u00e2mpadas e lumin\u00e1rias de led, obt\u00e9m redu\u00e7\u00e3o do consumo de energia, [&hellip;]<\/p>\n","protected":false},"author":1,"featured_media":8160,"comment_status":"open","ping_status":"open","sticky":false,"template":"","format":"standard","meta":{"_uag_custom_page_level_css":"","footnotes":""},"categories":[33],"tags":[529,1355,1935,2211,3873,4979,6719,7082,8287,9108,10375,10384,10581,10668,11868,11988,12215],"class_list":["post-8158","post","type-post","status-publish","format-standard","has-post-thumbnail","hentry","category-mercado","tag-agricultura","tag-bento-goncalves-rs","tag-casa-e-jardim","tag-chile","tag-economia-de-energia","tag-ferramentas-eletricas","tag-lancamentos-de-novas-luminarias","tag-luminarias-de-led","tag-novos-negocios","tag-por-eficiencia-e-economia-luminarias-de-led-se-tornam-a-pedida-do-mercado","tag-rio-de-janeiro","tag-rio-grande-do-sul","tag-salvador","tag-sao-paulo","tag-tramontina","tag-tstores","tag-varejo-de-rua"],"blocksy_meta":[],"spectra_blocks_featured_image_url":[],"spectra_blocks_author_info":{"display_name":"Jornal da Constru\u00e7\u00e3o Civil","avatar_url":"https:\/\/secure.gravatar.com\/avatar\/973c9774fd44ddaceb026973c4962faa70fc512bc4c9da68e8ebb40fecee6540?s=96&d=mm&r=g","author_link":"https:\/\/construcaocivil.siriusmarketingedesign.com.br\/?author=1","description":"Desde de 2013, levando muitas informa\u00e7\u00f5es, lan\u00e7amentos e produtos de qualidade para toda cadeia produtiva da constru\u00e7\u00e3o. O Futuro da constru\u00e7\u00e3o passa por aqui,"},"uagb_featured_image_src":{"full":false,"thumbnail":false,"medium":false,"medium_large":false,"large":false,"1536x1536":false,"2048x2048":false},"uagb_author_info":{"display_name":"Jornal da Constru\u00e7\u00e3o Civil","author_link":"https:\/\/construcaocivil.siriusmarketingedesign.com.br\/?author=1"},"uagb_comment_info":0,"uagb_excerpt":"Por Severian Rocha\u00a0 Outubro, 2017 &#8211; Utilizadas na ilumina\u00e7\u00e3o p\u00fablica, nos pr\u00e9dios p\u00fablicos, em empreendimentos comerciais e residenciais, a febre positiva das l\u00e2mpadas e lumin\u00e1rias de led se tornou uma realidade no pa\u00eds. Al\u00e9m da praticidade nas instala\u00e7\u00f5es, os consumidores brasileiros, ao utilizarem as l\u00e2mpadas e lumin\u00e1rias de led, obt\u00e9m redu\u00e7\u00e3o do consumo de energia,&hellip;","_links":{"self":[{"href":"https:\/\/construcaocivil.siriusmarketingedesign.com.br\/index.php?rest_route=\/wp\/v2\/posts\/8158","targetHints":{"allow":["GET"]}}],"collection":[{"href":"https:\/\/construcaocivil.siriusmarketingedesign.com.br\/index.php?rest_route=\/wp\/v2\/posts"}],"about":[{"href":"https:\/\/construcaocivil.siriusmarketingedesign.com.br\/index.php?rest_route=\/wp\/v2\/types\/post"}],"author":[{"embeddable":true,"href":"https:\/\/construcaocivil.siriusmarketingedesign.com.br\/index.php?rest_route=\/wp\/v2\/users\/1"}],"replies":[{"embeddable":true,"href":"https:\/\/construcaocivil.siriusmarketingedesign.com.br\/index.php?rest_route=%2Fwp%2Fv2%2Fcomments&post=8158"}],"version-history":[{"count":0,"href":"https:\/\/construcaocivil.siriusmarketingedesign.com.br\/index.php?rest_route=\/wp\/v2\/posts\/8158\/revisions"}],"wp:attachment":[{"href":"https:\/\/construcaocivil.siriusmarketingedesign.com.br\/index.php?rest_route=%2Fwp%2Fv2%2Fmedia&parent=8158"}],"wp:term":[{"taxonomy":"category","embeddable":true,"href":"https:\/\/construcaocivil.siriusmarketingedesign.com.br\/index.php?rest_route=%2Fwp%2Fv2%2Fcategories&post=8158"},{"taxonomy":"post_tag","embeddable":true,"href":"https:\/\/construcaocivil.siriusmarketingedesign.com.br\/index.php?rest_route=%2Fwp%2Fv2%2Ftags&post=8158"}],"curies":[{"name":"wp","href":"https:\/\/api.w.org\/{rel}","templated":true}]}}