{"id":8171,"date":"2017-10-31T17:24:21","date_gmt":"2017-10-31T20:24:21","guid":{"rendered":"https:\/\/jornaldaconstrucaocivil.com.br\/?p=8171"},"modified":"2017-10-31T17:24:21","modified_gmt":"2017-10-31T20:24:21","slug":"breton-e-ornare-convidam-para-almoco-especial-na-casacor-rio-de-janeiro","status":"publish","type":"post","link":"https:\/\/construcaocivil.siriusmarketingedesign.com.br\/?p=8171","title":{"rendered":"Breton e Ornare convidam para almo\u00e7o especial na Casacor Rio de Janeiro"},"content":{"rendered":"<p><span style=\"color: #993300;\">Rio, Outubro, 2017<\/span> <span style=\"color: #000000;\">&#8211; Na pr\u00f3xima quarta-feira (1), a partir das 12h, Breton e Ornare promovem um almo\u00e7o na 27\u00aa edi\u00e7\u00e3o da CASACOR RJ, no restaurante da mostra, assinado pelo decorador Antonio Neves da Rocha.<\/span><\/p>\n<p><span style=\"color: #000000;\">Na ocasi\u00e3o, Anette Rivkind e Esther Schattan, diretoras da Breton e da Ornare, receber\u00e3o os convidados \u2013 entre eles, nomes renomados do universo de arquitetura, decora\u00e7\u00e3o e design.<\/span><\/p>\n<p><strong><span style=\"color: #000000;\">Servi\u00e7o<\/span><\/strong><\/p>\n<p><strong><span style=\"color: #0000ff;\">Almo\u00e7o Breton e Ornare \u2013 CASACOR RJ<\/span><\/strong><\/p>\n<p><span style=\"color: #000000;\">Data: 1 de novembro<\/span><\/p>\n<p><span style=\"color: #000000;\">Hor\u00e1rio: 12h<\/span><\/p>\n<p><span style=\"color: #000000;\">Local: CASACOR\u00a0\u00a0<span style=\"text-decoration: underline;\"><span style=\"color: #0000ff; text-decoration: underline;\"><a style=\"color: #0000ff; text-decoration: underline;\" href=\"https:\/\/maps.google.com\/?q=Rio+de+Janeiro+-+Via+Bin%C3%A1rio+do+Porto,+n%C2%BA+299&amp;entry=gmail&amp;source=g\">Rio de Janeiro &#8211; Via Bin\u00e1rio do Porto, n\u00ba 299<\/a>,\u00a0<\/span><\/span>no Porto Maravilha<\/span><\/p>\n","protected":false},"excerpt":{"rendered":"<p>Rio, Outubro, 2017 &#8211; Na pr\u00f3xima quarta-feira (1), a partir das 12h, Breton e Ornare promovem um almo\u00e7o na 27\u00aa edi\u00e7\u00e3o da CASACOR RJ, no restaurante da mostra, assinado pelo decorador Antonio Neves da Rocha. Na ocasi\u00e3o, Anette Rivkind e Esther Schattan, diretoras da Breton e da Ornare, receber\u00e3o os convidados \u2013 entre eles, nomes [&hellip;]<\/p>\n","protected":false},"author":1,"featured_media":0,"comment_status":"open","ping_status":"open","sticky":false,"template":"","format":"standard","meta":{"_uag_custom_page_level_css":"","footnotes":""},"categories":[27],"tags":[671,1592,1916,1959,3547,7546,7883,9149,9541],"class_list":["post-8171","post","type-post","status-publish","format-standard","hentry","category-acontece","tag-ambientes-decorados","tag-breton-e-ornare-convidam-para-almoco-especial-na-casacor-rio-de-janeiro","tag-casa-cor-rio-2017","tag-casacor-sp-2017","tag-designer-e-decoracao","tag-mercado-e-novos-negocios","tag-mostra-de-designer","tag-porto-maravilha","tag-profissionais-de-arquitetura-e-urbanismo"],"blocksy_meta":[],"spectra_blocks_featured_image_url":null,"spectra_blocks_author_info":{"display_name":"Jornal da Constru\u00e7\u00e3o Civil","avatar_url":"https:\/\/secure.gravatar.com\/avatar\/973c9774fd44ddaceb026973c4962faa70fc512bc4c9da68e8ebb40fecee6540?s=96&d=mm&r=g","author_link":"https:\/\/construcaocivil.siriusmarketingedesign.com.br\/?author=1","description":"Desde de 2013, levando muitas informa\u00e7\u00f5es, lan\u00e7amentos e produtos de qualidade para toda cadeia produtiva da constru\u00e7\u00e3o. O Futuro da constru\u00e7\u00e3o passa por aqui,"},"uagb_featured_image_src":{"full":false,"thumbnail":false,"medium":false,"medium_large":false,"large":false,"1536x1536":false,"2048x2048":false},"uagb_author_info":{"display_name":"Jornal da Constru\u00e7\u00e3o Civil","author_link":"https:\/\/construcaocivil.siriusmarketingedesign.com.br\/?author=1"},"uagb_comment_info":0,"uagb_excerpt":"Rio, Outubro, 2017 &#8211; Na pr\u00f3xima quarta-feira (1), a partir das 12h, Breton e Ornare promovem um almo\u00e7o na 27\u00aa edi\u00e7\u00e3o da CASACOR RJ, no restaurante da mostra, assinado pelo decorador Antonio Neves da Rocha. Na ocasi\u00e3o, Anette Rivkind e Esther Schattan, diretoras da Breton e da Ornare, receber\u00e3o os convidados \u2013 entre eles, nomes&hellip;","_links":{"self":[{"href":"https:\/\/construcaocivil.siriusmarketingedesign.com.br\/index.php?rest_route=\/wp\/v2\/posts\/8171","targetHints":{"allow":["GET"]}}],"collection":[{"href":"https:\/\/construcaocivil.siriusmarketingedesign.com.br\/index.php?rest_route=\/wp\/v2\/posts"}],"about":[{"href":"https:\/\/construcaocivil.siriusmarketingedesign.com.br\/index.php?rest_route=\/wp\/v2\/types\/post"}],"author":[{"embeddable":true,"href":"https:\/\/construcaocivil.siriusmarketingedesign.com.br\/index.php?rest_route=\/wp\/v2\/users\/1"}],"replies":[{"embeddable":true,"href":"https:\/\/construcaocivil.siriusmarketingedesign.com.br\/index.php?rest_route=%2Fwp%2Fv2%2Fcomments&post=8171"}],"version-history":[{"count":0,"href":"https:\/\/construcaocivil.siriusmarketingedesign.com.br\/index.php?rest_route=\/wp\/v2\/posts\/8171\/revisions"}],"wp:attachment":[{"href":"https:\/\/construcaocivil.siriusmarketingedesign.com.br\/index.php?rest_route=%2Fwp%2Fv2%2Fmedia&parent=8171"}],"wp:term":[{"taxonomy":"category","embeddable":true,"href":"https:\/\/construcaocivil.siriusmarketingedesign.com.br\/index.php?rest_route=%2Fwp%2Fv2%2Fcategories&post=8171"},{"taxonomy":"post_tag","embeddable":true,"href":"https:\/\/construcaocivil.siriusmarketingedesign.com.br\/index.php?rest_route=%2Fwp%2Fv2%2Ftags&post=8171"}],"curies":[{"name":"wp","href":"https:\/\/api.w.org\/{rel}","templated":true}]}}