{"id":8182,"date":"2017-11-03T18:17:04","date_gmt":"2017-11-03T21:17:04","guid":{"rendered":"https:\/\/jornaldaconstrucaocivil.com.br\/?p=8182"},"modified":"2017-11-03T18:17:04","modified_gmt":"2017-11-03T21:17:04","slug":"crescer-com-o-brasil-e-a-aposta-da-breton-e-da-ornare-empresas-destaques-na-casa-cor-rio-2017","status":"publish","type":"post","link":"https:\/\/construcaocivil.siriusmarketingedesign.com.br\/?p=8182","title":{"rendered":"Crescer com o Brasil \u00e9 a aposta da Breton e da Ornare. Empresas destaques na Casa Cor Rio 2017"},"content":{"rendered":"<p style=\"text-align: justify;\"><em>Por Severian Rocha\u00a0<\/em><\/p>\n<p style=\"text-align: justify;\"><span style=\"color: #993300;\">Rio, Novembro, 2017<\/span> <span style=\"color: #000000;\">&#8211; Num modern\u00edssimo pr\u00e9dio rec\u00e9m-inaugurado no Porto Maravilha, o AQWA Corporate acontece a mais renomada e concorrida mostra de arquitetura e designer da Am\u00e9rica Latina, a CASA COR \u2013 edi\u00e7\u00e3o Rio de Janeiro. Este ano, cerca de 40 profissionais de arquitetura, designers e paisagistas de todo pa\u00eds mostram seu talento ao mercado nacional e internacional.<\/span><\/p>\n<figure id=\"attachment_8183\" aria-describedby=\"caption-attachment-8183\" style=\"width: 252px\" class=\"wp-caption alignleft\"><a href=\"https:\/\/jornaldaconstrucaocivil.com.br\/wp-content\/uploads\/2017\/11\/101_1829-e1509728748595.jpg\"><img loading=\"lazy\" decoding=\"async\" class=\"wp-image-8183\" src=\"https:\/\/jornaldaconstrucaocivil.com.br\/wp-content\/uploads\/2017\/11\/101_1829-300x225.jpg\" width=\"252\" height=\"189\" \/><\/a><figcaption id=\"caption-attachment-8183\" class=\"wp-caption-text\">Esther Schattan \u2013 S\u00f3cia diretora da Ornare(esq.) e , Anikette Rivkind, diretora comercial da Breton(dir). Foto:JCC<\/figcaption><\/figure>\n<p style=\"text-align: justify;\"><span style=\"color: #000000;\">Al\u00e9m, dos profissionais, a mostra apresenta grandes escrit\u00f3rios e empresas especialistas em diversos ambientes, seja corporativo, residencial ou comercial. Nesta edi\u00e7\u00e3o Rio, o Jornal da Constru\u00e7\u00e3o Civil acompanhou duas grandes empesas brasileiras, a Breton e a\u00a0 Ornare.\u00a0<\/span><\/p>\n<p style=\"text-align: justify;\"><span style=\"color: #000000;\">A Breton, empresa de fabricante de m\u00f3veis, com 50 anos de exist\u00eancia completados neste ano, sempre trazendo ao mercado qualidade, design exclusivo e inova\u00e7\u00e3o de seus produtos, al\u00e9m de ser grande fornecedora da Casa Cor, privilegia o universo da arquitetura brasileira, da decora\u00e7\u00e3o e do design.<\/span><\/p>\n<p style=\"text-align: justify;\"><span style=\"color: #000000;\">Segundo a diretora comercial da empresa, Anikette Rivkind:\u00a0A Breton tem uma preocupa\u00e7\u00e3o imensa com a CASA COR, privilegiando muito seus arquitetos.\u00a0 <span style=\"color: #333399;\"><em>\u201cSomos felizes em ser grande fornecedor da mostra. A Breton est\u00e1 a\u00ed para servir a todos com qualidade, gosto e dedica\u00e7\u00e3o em tudo que precisar. \u00c9 uma marca com 50 anos no Brasil, h\u00e1 10 anos no Rio e estamos presente no pa\u00eds todo e estamos\u00a0 confiantes no mercado brasileiro, n\u00e3o temos do que nos queixar \u201c<\/em><\/span>, finalizou entusiasmada Anikette.<\/span><\/p>\n<p style=\"text-align: justify;\"><span style=\"color: #000000;\">\u00a0J\u00e1 a Ornare, destaca outro olhar. A marca de m\u00f3veis sob medida, \u00e9 refer\u00eancia de exclusividade, originalidade e sofistica\u00e7\u00e3o est\u00e3o presentes em todo o territ\u00f3rio nacional e no exterior, como nos Estados Unidos.<\/span><\/p>\n<p style=\"text-align: justify;\"><span style=\"color: #000000;\">Esther Schattan \u2013 S\u00f3cia diretora da companhia comenta: <span style=\"color: #333399;\"><em>\u201cSomos uma empresa que existe h\u00e1 31 anos, e na CasaCor, estamos nos espa\u00e7os do Loft da Investidora e no Loft do Jovem. Em termos de expans\u00e3o internacional temos 04 showroom nos EUA( Miami, Nova York, Dallas e Los Angeles), \u00e9 nossa meta \u00e9 atingir todas as \u00a0Am\u00e9ricas. No Brasil temos acompanhado o crescimento do mercado imobili\u00e1rio e por isso estamos renovando os nossos showroom, no caso de Bras\u00edlia(DF) e Cuiab\u00e1(MS) e abrindo novos showroom, como em Florian\u00f3polis(SC) e Manaus(AM); e para n\u00f3s \u00e9 uma felicidade em atendera esse p\u00fablico de alto padr\u00e3o e bastante exigente\u201d<\/em><\/span>, disse confiante.\u00a0<\/span><\/p>\n<p style=\"text-align: justify;\">Acesse em<span style=\"text-decoration: underline;\"><span style=\"color: #0000ff; text-decoration: underline;\"> www.breton.com.br<\/span><\/span> e\u00a0<span style=\"text-decoration: underline;\"><span style=\"color: #0000ff; text-decoration: underline;\">www.ornare.com.br<\/span><\/span><\/p>\n<p>&nbsp;<\/p>\n<p>&nbsp;<\/p>\n<p style=\"text-align: justify;\">\n","protected":false},"excerpt":{"rendered":"<p>Por Severian Rocha\u00a0 Rio, Novembro, 2017 &#8211; Num modern\u00edssimo pr\u00e9dio rec\u00e9m-inaugurado no Porto Maravilha, o AQWA Corporate acontece a mais renomada e concorrida mostra de arquitetura e designer da Am\u00e9rica Latina, a CASA COR \u2013 edi\u00e7\u00e3o Rio de Janeiro. Este ano, cerca de 40 profissionais de arquitetura, designers e paisagistas de todo pa\u00eds mostram seu [&hellip;]<\/p>\n","protected":false},"author":1,"featured_media":8183,"comment_status":"open","ping_status":"open","sticky":false,"template":"","format":"standard","meta":{"_uag_custom_page_level_css":"","footnotes":""},"categories":[28],"tags":[735,835,908,1591,1593,1911,1933,2339,3556,4519,4605,7552,7577,7584,7882,7918,8529,9149,10375],"class_list":["post-8182","post","type-post","status-publish","format-standard","has-post-thumbnail","hentry","category-arquitetura","tag-anikette-rivkind","tag-aqwa-corporate","tag-arquitetos","tag-breton","tag-breton-moveis","tag-casa-cor-2017","tag-casa-e-decoracao","tag-clientes-de-alto-padrao","tag-designers-e-paisagistas","tag-espaco-loft-da-investidora-e-loft-do-jovem","tag-esther-schattan","tag-mercado-em-crescimentos-de-alto-padrao-e-luxo","tag-mercado-internacional","tag-mercado-nacional","tag-mostra-de-arquiteturadecoracaodesign","tag-moveis-sob-medida","tag-ornare","tag-porto-maravilha","tag-rio-de-janeiro"],"blocksy_meta":[],"spectra_blocks_featured_image_url":[],"spectra_blocks_author_info":{"display_name":"Jornal da Constru\u00e7\u00e3o Civil","avatar_url":"https:\/\/secure.gravatar.com\/avatar\/973c9774fd44ddaceb026973c4962faa70fc512bc4c9da68e8ebb40fecee6540?s=96&d=mm&r=g","author_link":"https:\/\/construcaocivil.siriusmarketingedesign.com.br\/?author=1","description":"Desde de 2013, levando muitas informa\u00e7\u00f5es, lan\u00e7amentos e produtos de qualidade para toda cadeia produtiva da constru\u00e7\u00e3o. O Futuro da constru\u00e7\u00e3o passa por aqui,"},"uagb_featured_image_src":{"full":false,"thumbnail":false,"medium":false,"medium_large":false,"large":false,"1536x1536":false,"2048x2048":false},"uagb_author_info":{"display_name":"Jornal da Constru\u00e7\u00e3o Civil","author_link":"https:\/\/construcaocivil.siriusmarketingedesign.com.br\/?author=1"},"uagb_comment_info":0,"uagb_excerpt":"Por Severian Rocha\u00a0 Rio, Novembro, 2017 &#8211; Num modern\u00edssimo pr\u00e9dio rec\u00e9m-inaugurado no Porto Maravilha, o AQWA Corporate acontece a mais renomada e concorrida mostra de arquitetura e designer da Am\u00e9rica Latina, a CASA COR \u2013 edi\u00e7\u00e3o Rio de Janeiro. Este ano, cerca de 40 profissionais de arquitetura, designers e paisagistas de todo pa\u00eds mostram seu&hellip;","_links":{"self":[{"href":"https:\/\/construcaocivil.siriusmarketingedesign.com.br\/index.php?rest_route=\/wp\/v2\/posts\/8182","targetHints":{"allow":["GET"]}}],"collection":[{"href":"https:\/\/construcaocivil.siriusmarketingedesign.com.br\/index.php?rest_route=\/wp\/v2\/posts"}],"about":[{"href":"https:\/\/construcaocivil.siriusmarketingedesign.com.br\/index.php?rest_route=\/wp\/v2\/types\/post"}],"author":[{"embeddable":true,"href":"https:\/\/construcaocivil.siriusmarketingedesign.com.br\/index.php?rest_route=\/wp\/v2\/users\/1"}],"replies":[{"embeddable":true,"href":"https:\/\/construcaocivil.siriusmarketingedesign.com.br\/index.php?rest_route=%2Fwp%2Fv2%2Fcomments&post=8182"}],"version-history":[{"count":0,"href":"https:\/\/construcaocivil.siriusmarketingedesign.com.br\/index.php?rest_route=\/wp\/v2\/posts\/8182\/revisions"}],"wp:attachment":[{"href":"https:\/\/construcaocivil.siriusmarketingedesign.com.br\/index.php?rest_route=%2Fwp%2Fv2%2Fmedia&parent=8182"}],"wp:term":[{"taxonomy":"category","embeddable":true,"href":"https:\/\/construcaocivil.siriusmarketingedesign.com.br\/index.php?rest_route=%2Fwp%2Fv2%2Fcategories&post=8182"},{"taxonomy":"post_tag","embeddable":true,"href":"https:\/\/construcaocivil.siriusmarketingedesign.com.br\/index.php?rest_route=%2Fwp%2Fv2%2Ftags&post=8182"}],"curies":[{"name":"wp","href":"https:\/\/api.w.org\/{rel}","templated":true}]}}