{"id":8228,"date":"2017-11-08T19:11:23","date_gmt":"2017-11-08T22:11:23","guid":{"rendered":"https:\/\/jornaldaconstrucaocivil.com.br\/?p=8228"},"modified":"2017-11-08T19:11:23","modified_gmt":"2017-11-08T22:11:23","slug":"medida-provisoria-do-governo-federal-para-revisar-o-marco-legal-do-saneamento-pode-desestruturar-totalmente-o-setor-afirma-abes","status":"publish","type":"post","link":"https:\/\/construcaocivil.siriusmarketingedesign.com.br\/?p=8228","title":{"rendered":"Medida Provis\u00f3ria do Governo Federal para revisar o Marco Legal do Saneamento pode desestruturar totalmente o setor, afirma ABES"},"content":{"rendered":"<p style=\"text-align: justify;\"><span style=\"color: #000000;\"><span style=\"color: #993300;\">Novembro, 2017<\/span> &#8211; A proposta de revis\u00e3o do Marco Legal do Saneamento do Minist\u00e9rio das cidades pode desestruturar totalmente o setor no Brasil, alerta o presidente da Associa\u00e7\u00e3o Brasileira de Engenharia Sanit\u00e1ria e Ambiental, Roberval Tavares de Souza. A ABES participou na ter\u00e7a-feira, 7 e novembro, de reuni\u00e3o com o Minist\u00e9rio das Cidades para discutir a revis\u00e3o do Marco Legal do Saneamento. Na semana passada, a entidade j\u00e1 havia enviado ao ministro das Cidades, Bruno Ara\u00fajo, carta em que sugeria duas a\u00e7\u00f5es imediatas ao Minist\u00e9rio (leia aqui a \u00edntegra da carta\u00a0<span style=\"text-decoration: underline;\"><span style=\"color: #0000ff; text-decoration: underline;\">http:\/\/abes-dn.org.br\/wp-content\/uploads\/2016\/06\/carta-ao-minist%C3%A9rio-das-cidades_altera%C3%A7%C3%A3o-do-marco-legal.pdf).<\/span><\/span><\/span><\/p>\n<p style=\"text-align: justify;\">E defendeu, no encontro da ter\u00e7a, em Bras\u00edlia, as propostas contidas no documento CONTRIBUI\u00c7\u00d5ES DA ABES A MINUTA APRESENTADA PARA ALTERA\u00c7\u00c3O DA LEI 9.984\/00 E LEI 11.445\/07 (leia aqui:\u00a0<span style=\"color: #0000ff;\"><a style=\"color: #0000ff;\" href=\"http:\/\/abes-dn.org.br\/wp-content\/uploads\/2016\/06\/Contrib_MCidades-_marcolegal.pdf\" target=\"_blank\" rel=\"noreferrer\">http:\/\/abes-dn.org.br\/wp<wbr \/>-content\/uploads\/2016\/06\/Contr<wbr \/>ib_MCidades-_marcolegal.pdf<\/a>\u00a0).<\/span><\/p>\n<p style=\"text-align: justify;\"><span style=\"color: #000000;\">As sugest\u00f5es dizem respeito a dois aspectos que a ABES considera cruciais:<\/span><\/p>\n<p style=\"text-align: justify;\"><span style=\"color: #000000;\">&#8211; o Minist\u00e9rio pretende utilizar medida provis\u00f3ria para a revis\u00e3o, o que significa fazer uso de instrumento pouco democr\u00e1tico; a ABES prop\u00f5e alterar a legisla\u00e7\u00e3o descrita na proposta referenciada por meio do mesmo mecanismo legal, ou seja, Projeto de Lei. A possibilidade de altera\u00e7\u00e3o por medida provis\u00f3ria poder\u00e1 ser considerada ato inconstitucional, enquanto o projeto de lei abre o debate no Legislativo, permitindo a maior participa\u00e7\u00e3o da sociedade.\u201d<\/span><\/p>\n<p style=\"text-align: justify;\"><span style=\"color: #000000;\"><strong>&#8211; Artigo 10-A<\/strong>, que trata sobre o chamamento p\u00fablico de antes do contrato programa: a ABES sugere a retirada deste artigo que altera a <span style=\"color: #993300;\">Lei 11.445 de 05 de janeiro de 2007<\/span>. Esse artigo aumenta ainda mais a sele\u00e7\u00e3o adversa ao interesse p\u00fablico, ou seja, induz as operadoras p\u00fablicas e privadas a competir apenas por munic\u00edpios superavit\u00e1rios, deixando os deficit\u00e1rios ao encargo dos munic\u00edpios e estados. Dessa maneira, dificulta a presta\u00e7\u00e3o do servi\u00e7o de forma regionalizada e, ao dificultar a pr\u00e1tica de subs\u00eddios cruzados, agrava as diferen\u00e7as na qualidade e na cobertura dos servi\u00e7os, com preju\u00edzo para a popula\u00e7\u00e3o mais carente.<\/span><\/p>\n<p style=\"text-align: justify;\"><span style=\"color: #000000;\"><span style=\"color: #333399;\"><em>\u201cComo frisamos no documento enviado, o objetivo das sugest\u00f5es da ABES \u00e9 viabilizar o debate amplo e para que este n\u00e3o fique concentrado apenas nos temas destacados, impactando na discuss\u00e3o dos demais itens da altera\u00e7\u00e3o. Como uma entidade que h\u00e1 51 anos atua pelo saneamento ambiental, pela sa\u00fade e pela qualidade de vida das pessoas, estamos \u00e0 disposi\u00e7\u00e3o para colaborar com propostas e a\u00e7\u00f5es que melhorem o saneamento no Brasil, sempre defendendo o debate plural e a participa\u00e7\u00e3o ampla da sociedade\u201d<\/em><\/span>, ressalta Roberval Tavares de Souza.<\/span><\/p>\n<p style=\"text-align: justify;\">Fonte:\u00a0 Imprensa\/ABES\u00a0 &#8211; site:<span style=\"text-decoration: underline;\"><span style=\"color: #0000ff;\"><a style=\"color: #0000ff;\" href=\"http:\/\/www.abes-dn.org.br\/\" target=\"_blank\" rel=\"noreferrer\"><em>www.abes-dn.org.br<\/em><\/a><\/span><\/span><\/p>\n<p style=\"text-align: justify;\">\n","protected":false},"excerpt":{"rendered":"<p>Novembro, 2017 &#8211; A proposta de revis\u00e3o do Marco Legal do Saneamento do Minist\u00e9rio das cidades pode desestruturar totalmente o setor no Brasil, alerta o presidente da Associa\u00e7\u00e3o Brasileira de Engenharia Sanit\u00e1ria e Ambiental, Roberval Tavares de Souza. A ABES participou na ter\u00e7a-feira, 7 e novembro, de reuni\u00e3o com o Minist\u00e9rio das Cidades para discutir [&hellip;]<\/p>\n","protected":false},"author":1,"featured_media":0,"comment_status":"open","ping_status":"open","sticky":false,"template":"","format":"standard","meta":{"_uag_custom_page_level_css":"","footnotes":""},"categories":[27],"tags":[1003,4239,5554,6370,6781,6783,7265,7424,8468,9307,10936,12086],"class_list":["post-8228","post","type-post","status-publish","format-standard","hentry","category-acontece","tag-associacao-brasileira-de-engenharia-sanitaria-e-ambiental-abes","tag-empresas-publicas-e-privadas","tag-governo-federal","tag-investimentos-somente-em-municipios-superavitarios","tag-lei-11-445-de-05-de-janeiro-de-2007","tag-lei-11-44507","tag-marco-legal-do-saneamento-pode-desestruturar-totalmente-o-setor","tag-medida-provisoria-do-governo-federal","tag-operadoras-publicas-e-privadas-de-saneamento","tag-prejuizo-para-a-populacao-mais-carente","tag-servicos-de-agua-e-esgoto","tag-universalizacao-por-todo-o-brasil"],"blocksy_meta":[],"spectra_blocks_featured_image_url":null,"spectra_blocks_author_info":{"display_name":"Jornal da Constru\u00e7\u00e3o Civil","avatar_url":"https:\/\/secure.gravatar.com\/avatar\/973c9774fd44ddaceb026973c4962faa70fc512bc4c9da68e8ebb40fecee6540?s=96&d=mm&r=g","author_link":"https:\/\/construcaocivil.siriusmarketingedesign.com.br\/?author=1","description":"Desde de 2013, levando muitas informa\u00e7\u00f5es, lan\u00e7amentos e produtos de qualidade para toda cadeia produtiva da constru\u00e7\u00e3o. O Futuro da constru\u00e7\u00e3o passa por aqui,"},"uagb_featured_image_src":{"full":false,"thumbnail":false,"medium":false,"medium_large":false,"large":false,"1536x1536":false,"2048x2048":false},"uagb_author_info":{"display_name":"Jornal da Constru\u00e7\u00e3o Civil","author_link":"https:\/\/construcaocivil.siriusmarketingedesign.com.br\/?author=1"},"uagb_comment_info":0,"uagb_excerpt":"Novembro, 2017 &#8211; A proposta de revis\u00e3o do Marco Legal do Saneamento do Minist\u00e9rio das cidades pode desestruturar totalmente o setor no Brasil, alerta o presidente da Associa\u00e7\u00e3o Brasileira de Engenharia Sanit\u00e1ria e Ambiental, Roberval Tavares de Souza. A ABES participou na ter\u00e7a-feira, 7 e novembro, de reuni\u00e3o com o Minist\u00e9rio das Cidades para discutir&hellip;","_links":{"self":[{"href":"https:\/\/construcaocivil.siriusmarketingedesign.com.br\/index.php?rest_route=\/wp\/v2\/posts\/8228","targetHints":{"allow":["GET"]}}],"collection":[{"href":"https:\/\/construcaocivil.siriusmarketingedesign.com.br\/index.php?rest_route=\/wp\/v2\/posts"}],"about":[{"href":"https:\/\/construcaocivil.siriusmarketingedesign.com.br\/index.php?rest_route=\/wp\/v2\/types\/post"}],"author":[{"embeddable":true,"href":"https:\/\/construcaocivil.siriusmarketingedesign.com.br\/index.php?rest_route=\/wp\/v2\/users\/1"}],"replies":[{"embeddable":true,"href":"https:\/\/construcaocivil.siriusmarketingedesign.com.br\/index.php?rest_route=%2Fwp%2Fv2%2Fcomments&post=8228"}],"version-history":[{"count":0,"href":"https:\/\/construcaocivil.siriusmarketingedesign.com.br\/index.php?rest_route=\/wp\/v2\/posts\/8228\/revisions"}],"wp:attachment":[{"href":"https:\/\/construcaocivil.siriusmarketingedesign.com.br\/index.php?rest_route=%2Fwp%2Fv2%2Fmedia&parent=8228"}],"wp:term":[{"taxonomy":"category","embeddable":true,"href":"https:\/\/construcaocivil.siriusmarketingedesign.com.br\/index.php?rest_route=%2Fwp%2Fv2%2Fcategories&post=8228"},{"taxonomy":"post_tag","embeddable":true,"href":"https:\/\/construcaocivil.siriusmarketingedesign.com.br\/index.php?rest_route=%2Fwp%2Fv2%2Ftags&post=8228"}],"curies":[{"name":"wp","href":"https:\/\/api.w.org\/{rel}","templated":true}]}}