{"id":8236,"date":"2017-11-09T13:25:08","date_gmt":"2017-11-09T16:25:08","guid":{"rendered":"https:\/\/jornaldaconstrucaocivil.com.br\/?p=8236"},"modified":"2017-11-09T13:25:08","modified_gmt":"2017-11-09T16:25:08","slug":"firjan-e-sincocimo-promovem-seminario-sobre-o-futuro-da-industria-de-rochas-ornamentais","status":"publish","type":"post","link":"https:\/\/construcaocivil.siriusmarketingedesign.com.br\/?p=8236","title":{"rendered":"FIRJAN e Sincocimo promovem semin\u00e1rio sobre o futuro da ind\u00fastria de rochas ornamentais"},"content":{"rendered":"<p style=\"text-align: justify;\"><span style=\"color: #333399;\"><em><strong>O encontro gratuito com empres\u00e1rios da cadeia produtiva apresentar\u00e1 estudo de viabilidade econ\u00f4mica do segmento no estado do Rio<\/strong><\/em><\/span><\/p>\n<p style=\"text-align: justify;\"><span style=\"color: #000000;\"><span style=\"color: #993300;\">Rio, Novembro, 2017<\/span> &#8211; O Sistema FIRJAN e o Sincocimo-RJ (Sindicato das Ind\u00fastrias da Constru\u00e7\u00e3o, Mobili\u00e1rio, M\u00e1rmores e Granitos da Baixada Fluminense, Angra dos Reis e Parati) promovem nesta quinta-feira (9\/11), a partir das 13h30, o semin\u00e1rio <span style=\"color: #333399;\"><em>\u2018Projeto Renascer: o ressurgimento da ind\u00fastria de minera\u00e7\u00e3o de rochas ornamentais, serrarias e marmorarias no Rio de Janeiro\u2019<\/em><\/span>. O encontro gratuito ir\u00e1 debater com os empres\u00e1rios da cadeia produtiva da ind\u00fastria de m\u00e1rmores e granitos a viabilidade econ\u00f4mica do mercado de rochas ornamentais no estado do Rio de Janeiro.<\/span><\/p>\n<p style=\"text-align: justify;\"><span style=\"color: #000000;\">Durante o semin\u00e1rio, ser\u00e1 apresentado os resultados do estudo de viabilidade produzido pela Consultoria Investor, a pedido do Sincocimo, destacando as a\u00e7\u00f5es que o segmento deve adotar junto ao poder p\u00fablico e aos pr\u00f3prios empres\u00e1rios para impulsionar a cadeia produtiva. O objetivo \u00e9 aumentar cada vez mais a participa\u00e7\u00e3o das empresas fluminenses tanto no mercado interno quanto externo.<\/span><\/p>\n<p style=\"text-align: justify;\"><span style=\"color: #000000;\">O semin\u00e1rio ocorre na sede da FIRJAN, Av. Gra\u00e7a Aranha 1, Centro do Rio. Mais informa\u00e7\u00f5es e inscri\u00e7\u00f5es em <span style=\"text-decoration: underline;\"><span style=\"color: #0000ff; text-decoration: underline;\">http:\/\/www.firjan.com.br\/eventos\/<\/span><\/span><\/span><\/p>\n<p style=\"text-align: justify;\"><strong><span style=\"color: #000000;\">Programa\u00e7\u00e3o:<\/span><\/strong><\/p>\n<p style=\"text-align: justify;\"><span style=\"color: #000000;\">13h30 \u2013 Recep\u00e7\u00e3o<\/span><\/p>\n<p style=\"text-align: justify;\"><span style=\"color: #000000;\">14h \u2013 Abertura com representante do Sistema FIRJAN e Jorge Rodrigues, do Sincocimo, que fala sobre a representatividade e atua\u00e7\u00e3o das empresas do setor de rochas ornamentais no estado do Rio<\/span><\/p>\n<p style=\"text-align: justify;\"><span style=\"color: #000000;\">14h30 \u2013 Ronaldo Nunes, da Granduc M\u00e1rmore apresenta o projeto Renascer: hist\u00f3rico, avan\u00e7os e resultados<\/span><\/p>\n<p style=\"text-align: justify;\"><span style=\"color: #000000;\">15h10 &#8211; D\u00e9bora Toci, do Departamento estadual de Recursos Minerais (DRM) faz a contextualiza\u00e7\u00e3o sobre as rochas ornamentais no estado do Rio de Janeiro<\/span><\/p>\n<p style=\"text-align: justify;\"><span style=\"color: #000000;\">15h40 &#8211; Rodrigo Garcia, da Consultoria Investor, apresenta o resultado do estudo de viabilidade econ\u00f4mica do mercado de rochas ornamentais no Rio de Janeiro (impactos positivos, hist\u00f3rico e proje\u00e7\u00f5es futuras, mercado interno e externo)<\/span><\/p>\n<p style=\"text-align: justify;\"><span style=\"color: #000000;\">16h40 \u2013 Debate com os empres\u00e1rios Ronaldo Nunes, Paulo Orcioli e Jorge Rodrigues<\/span><\/p>\n<p style=\"text-align: justify;\">Fonte: Imprensa\/FIRJAN<\/p>\n","protected":false},"excerpt":{"rendered":"<p>O encontro gratuito com empres\u00e1rios da cadeia produtiva apresentar\u00e1 estudo de viabilidade econ\u00f4mica do segmento no estado do Rio Rio, Novembro, 2017 &#8211; O Sistema FIRJAN e o Sincocimo-RJ (Sindicato das Ind\u00fastrias da Constru\u00e7\u00e3o, Mobili\u00e1rio, M\u00e1rmores e Granitos da Baixada Fluminense, Angra dos Reis e Parati) promovem nesta quinta-feira (9\/11), a partir das 13h30, o [&hellip;]<\/p>\n","protected":false},"author":1,"featured_media":0,"comment_status":"open","ping_status":"open","sticky":false,"template":"","format":"standard","meta":{"_uag_custom_page_level_css":"","footnotes":""},"categories":[27],"tags":[731,1217,2826,2987,3840,5096,6040,7318,7520,7769,10863,11110],"class_list":["post-8236","post","type-post","status-publish","format-standard","hentry","category-acontece","tag-angra-dos-reis","tag-baixada-fluminense","tag-construcao-civil","tag-consultoria-investor","tag-e-parati","tag-firjan","tag-industria-de-marmores-e-granitos","tag-marmores-e-granitos-da-baixada-fluminense","tag-mercado-de-rochas-ornamentais","tag-mobiliario","tag-seminario-sobre-o-futuro-da-industria-de-rochas-ornamentais","tag-sincocimo-rj"],"blocksy_meta":[],"spectra_blocks_featured_image_url":null,"spectra_blocks_author_info":{"display_name":"Jornal da Constru\u00e7\u00e3o Civil","avatar_url":"https:\/\/secure.gravatar.com\/avatar\/973c9774fd44ddaceb026973c4962faa70fc512bc4c9da68e8ebb40fecee6540?s=96&d=mm&r=g","author_link":"https:\/\/construcaocivil.siriusmarketingedesign.com.br\/?author=1","description":"Desde de 2013, levando muitas informa\u00e7\u00f5es, lan\u00e7amentos e produtos de qualidade para toda cadeia produtiva da constru\u00e7\u00e3o. O Futuro da constru\u00e7\u00e3o passa por aqui,"},"uagb_featured_image_src":{"full":false,"thumbnail":false,"medium":false,"medium_large":false,"large":false,"1536x1536":false,"2048x2048":false},"uagb_author_info":{"display_name":"Jornal da Constru\u00e7\u00e3o Civil","author_link":"https:\/\/construcaocivil.siriusmarketingedesign.com.br\/?author=1"},"uagb_comment_info":0,"uagb_excerpt":"O encontro gratuito com empres\u00e1rios da cadeia produtiva apresentar\u00e1 estudo de viabilidade econ\u00f4mica do segmento no estado do Rio Rio, Novembro, 2017 &#8211; O Sistema FIRJAN e o Sincocimo-RJ (Sindicato das Ind\u00fastrias da Constru\u00e7\u00e3o, Mobili\u00e1rio, M\u00e1rmores e Granitos da Baixada Fluminense, Angra dos Reis e Parati) promovem nesta quinta-feira (9\/11), a partir das 13h30, o&hellip;","_links":{"self":[{"href":"https:\/\/construcaocivil.siriusmarketingedesign.com.br\/index.php?rest_route=\/wp\/v2\/posts\/8236","targetHints":{"allow":["GET"]}}],"collection":[{"href":"https:\/\/construcaocivil.siriusmarketingedesign.com.br\/index.php?rest_route=\/wp\/v2\/posts"}],"about":[{"href":"https:\/\/construcaocivil.siriusmarketingedesign.com.br\/index.php?rest_route=\/wp\/v2\/types\/post"}],"author":[{"embeddable":true,"href":"https:\/\/construcaocivil.siriusmarketingedesign.com.br\/index.php?rest_route=\/wp\/v2\/users\/1"}],"replies":[{"embeddable":true,"href":"https:\/\/construcaocivil.siriusmarketingedesign.com.br\/index.php?rest_route=%2Fwp%2Fv2%2Fcomments&post=8236"}],"version-history":[{"count":0,"href":"https:\/\/construcaocivil.siriusmarketingedesign.com.br\/index.php?rest_route=\/wp\/v2\/posts\/8236\/revisions"}],"wp:attachment":[{"href":"https:\/\/construcaocivil.siriusmarketingedesign.com.br\/index.php?rest_route=%2Fwp%2Fv2%2Fmedia&parent=8236"}],"wp:term":[{"taxonomy":"category","embeddable":true,"href":"https:\/\/construcaocivil.siriusmarketingedesign.com.br\/index.php?rest_route=%2Fwp%2Fv2%2Fcategories&post=8236"},{"taxonomy":"post_tag","embeddable":true,"href":"https:\/\/construcaocivil.siriusmarketingedesign.com.br\/index.php?rest_route=%2Fwp%2Fv2%2Ftags&post=8236"}],"curies":[{"name":"wp","href":"https:\/\/api.w.org\/{rel}","templated":true}]}}