{"id":8250,"date":"2017-11-09T14:35:04","date_gmt":"2017-11-09T17:35:04","guid":{"rendered":"https:\/\/jornaldaconstrucaocivil.com.br\/?p=8250"},"modified":"2017-11-09T14:35:04","modified_gmt":"2017-11-09T17:35:04","slug":"importancia-da-ceramica-na-historia-da-humanidade-vira-tema-de-livro","status":"publish","type":"post","link":"https:\/\/construcaocivil.siriusmarketingedesign.com.br\/?p=8250","title":{"rendered":"Import\u00e2ncia da cer\u00e2mica na hist\u00f3ria da humanidade vira tema de livro"},"content":{"rendered":"<p style=\"text-align: justify;\"><span style=\"color: #333399;\"><em><strong>Projeto conta com incentivo cultural da Eliane Revestimentos e Minist\u00e9rio da Cultura<\/strong><\/em><\/span><\/p>\n<p style=\"text-align: justify;\"><span style=\"color: #000000;\"><span style=\"color: #993300;\">Novembro, 2017<\/span> &#8211; Presente em quase todas as civiliza\u00e7\u00f5es da antiguidade, o surgimento das primeiras pe\u00e7as em cer\u00e2mica se funde \u00e0 evolu\u00e7\u00e3o humana enquanto sociedade, atuando como um registro da hist\u00f3ria e cultura de diferentes povos. Hoje, a mat\u00e9ria-prima serve como base para obras de arte, utens\u00edlios, itens decorativos e revestimentos, trazendo este v\u00ednculo entre tradi\u00e7\u00e3o, cultura e beleza. Toda esta hist\u00f3ria \u00e9 retratada no livro <span style=\"color: #ff0000;\">&#8220;A Cer\u00e2mica em Grandes Obras&#8221;<\/span>, que ser\u00e1 lan\u00e7ado pela Editora VJ nesta quinta-feira (09), no Salvador Shopping Business, na capital da Bahia.<\/span><\/p>\n<figure id=\"attachment_8251\" aria-describedby=\"caption-attachment-8251\" style=\"width: 226px\" class=\"wp-caption alignleft\"><a href=\"https:\/\/jornaldaconstrucaocivil.com.br\/wp-content\/uploads\/2017\/11\/CERAMICA.jpg\"><img loading=\"lazy\" decoding=\"async\" class=\"wp-image-8251 size-medium\" src=\"https:\/\/jornaldaconstrucaocivil.com.br\/wp-content\/uploads\/2017\/11\/CERAMICA-226x300.jpg\" width=\"226\" height=\"300\" \/><\/a><figcaption id=\"caption-attachment-8251\" class=\"wp-caption-text\">Import\u00e2ncia da cer\u00e2mica na hist\u00f3ria da humanidade vira tema de livro &#8211; A Cer\u00e2mica.<\/figcaption><\/figure>\n<p style=\"text-align: justify;\"><span style=\"color: #000000;\"><span style=\"color: #000080;\">Escrito pelo jornalista Vit\u00f3rio J\u00fanior<\/span> \u2013 que possui forte liga\u00e7\u00e3o com o estado, sendo filho de baianos e com participa\u00e7\u00e3o atuante em diferentes eventos de decora\u00e7\u00e3o e design na cidade soteropolitana \u2013, o livro discorre sobre a import\u00e2ncia da cer\u00e2mica na hist\u00f3ria da humanidade e da arquitetura, em uma proposta de desvendar com profundidade as m\u00faltiplas possibilidades de cria\u00e7\u00e3o e de desenvolvimento da mat\u00e9ria-prima. Com texto leve e fotografias bem produzidas, a obra convida o leitor para uma viagem no tempo, passando pelas primeiras queimas do produto chegando \u00e0 evolu\u00e7\u00e3o incessante pela qual passa a cer\u00e2mica, dialogando com a arte, arquitetura e as grandes obras.<\/span><\/p>\n<p style=\"text-align: justify;\"><span style=\"color: #000000;\">Com uma abordagem criativa, o conte\u00fado apresenta um universo pouco conhecido fora do \u00e2mbito acad\u00eamico, permitindo a compreens\u00e3o detalhada sobre o nascimento e desenvolvimento da cer\u00e2mica, desde os prim\u00f3rdios at\u00e9 os tempos atuais.<\/span><\/p>\n<p style=\"text-align: justify;\"><span style=\"color: #000000;\">Dividido em tr\u00eas cap\u00edtulos e escrito em tr\u00eas idiomas (portugu\u00eas, ingl\u00eas e espanhol), o livro foi aprovado pela Lei Rouanet &#8211; do Minist\u00e9rio da Cultura &#8211; e conta com o incentivo cultural da Eliane Revestimentos.<\/span><\/p>\n<p style=\"text-align: justify;\"><span style=\"color: #000000;\"><span style=\"color: #333399;\"><em>&#8220;Na Eliane, acreditamos que o acesso \u00e0 cultura e \u00e0 educa\u00e7\u00e3o \u00e9 uma condi\u00e7\u00e3o de suma import\u00e2ncia para o crescimento de uma sociedade saud\u00e1vel, perene e inovadora. Ao incentivarmos projetos como &#8216;A Cer\u00e2mica em Grandes Obras&#8217;, nosso intuito \u00e9 divulgar a cultura da cer\u00e2mica \u2013 nossa fonte de inspira\u00e7\u00e3o e base da empresa -, mostrando a relev\u00e2ncia da arte como registro hist\u00f3rico de diferentes civiliza\u00e7\u00f5es, retratando o passado, evolu\u00e7\u00e3o e pistas sobre os caminhos futuros da humanidade. A compreens\u00e3o sobre a arte auxilia na evolu\u00e7\u00e3o do homem enquanto cidad\u00e3o consciente&#8221;<\/em><\/span>, comenta o diretor presidente do Grupo Eliane, Edson Gaidzinski, Jr.<\/span><\/p>\n","protected":false},"excerpt":{"rendered":"<p>Projeto conta com incentivo cultural da Eliane Revestimentos e Minist\u00e9rio da Cultura Novembro, 2017 &#8211; Presente em quase todas as civiliza\u00e7\u00f5es da antiguidade, o surgimento das primeiras pe\u00e7as em cer\u00e2mica se funde \u00e0 evolu\u00e7\u00e3o humana enquanto sociedade, atuando como um registro da hist\u00f3ria e cultura de diferentes povos. Hoje, a mat\u00e9ria-prima serve como base para [&hellip;]<\/p>\n","protected":false},"author":1,"featured_media":0,"comment_status":"open","ping_status":"open","sticky":false,"template":"","format":"standard","meta":{"_uag_custom_page_level_css":"","footnotes":""},"categories":[37],"tags":[268,2148,2151,3262,3951,4076,6951,8951,10584],"class_list":["post-8250","post","type-post","status-publish","format-standard","hentry","category-sustentabilidade","tag-a-importancia-da-ceramica-na-humanidade","tag-ceramica-tradicao-cultura-beleza","tag-ceramica-em-grandes-obras","tag-cultura-da-ceramica","tag-editora-vj","tag-eliane-revestimentos","tag-livro-ceramica-em-grandes-obras","tag-pisos-e-revestimentos","tag-salvador-bahia"],"blocksy_meta":[],"spectra_blocks_featured_image_url":null,"spectra_blocks_author_info":{"display_name":"Jornal da Constru\u00e7\u00e3o Civil","avatar_url":"https:\/\/secure.gravatar.com\/avatar\/973c9774fd44ddaceb026973c4962faa70fc512bc4c9da68e8ebb40fecee6540?s=96&d=mm&r=g","author_link":"https:\/\/construcaocivil.siriusmarketingedesign.com.br\/?author=1","description":"Desde de 2013, levando muitas informa\u00e7\u00f5es, lan\u00e7amentos e produtos de qualidade para toda cadeia produtiva da constru\u00e7\u00e3o. O Futuro da constru\u00e7\u00e3o passa por aqui,"},"uagb_featured_image_src":{"full":false,"thumbnail":false,"medium":false,"medium_large":false,"large":false,"1536x1536":false,"2048x2048":false},"uagb_author_info":{"display_name":"Jornal da Constru\u00e7\u00e3o Civil","author_link":"https:\/\/construcaocivil.siriusmarketingedesign.com.br\/?author=1"},"uagb_comment_info":0,"uagb_excerpt":"Projeto conta com incentivo cultural da Eliane Revestimentos e Minist\u00e9rio da Cultura Novembro, 2017 &#8211; Presente em quase todas as civiliza\u00e7\u00f5es da antiguidade, o surgimento das primeiras pe\u00e7as em cer\u00e2mica se funde \u00e0 evolu\u00e7\u00e3o humana enquanto sociedade, atuando como um registro da hist\u00f3ria e cultura de diferentes povos. Hoje, a mat\u00e9ria-prima serve como base para&hellip;","_links":{"self":[{"href":"https:\/\/construcaocivil.siriusmarketingedesign.com.br\/index.php?rest_route=\/wp\/v2\/posts\/8250","targetHints":{"allow":["GET"]}}],"collection":[{"href":"https:\/\/construcaocivil.siriusmarketingedesign.com.br\/index.php?rest_route=\/wp\/v2\/posts"}],"about":[{"href":"https:\/\/construcaocivil.siriusmarketingedesign.com.br\/index.php?rest_route=\/wp\/v2\/types\/post"}],"author":[{"embeddable":true,"href":"https:\/\/construcaocivil.siriusmarketingedesign.com.br\/index.php?rest_route=\/wp\/v2\/users\/1"}],"replies":[{"embeddable":true,"href":"https:\/\/construcaocivil.siriusmarketingedesign.com.br\/index.php?rest_route=%2Fwp%2Fv2%2Fcomments&post=8250"}],"version-history":[{"count":0,"href":"https:\/\/construcaocivil.siriusmarketingedesign.com.br\/index.php?rest_route=\/wp\/v2\/posts\/8250\/revisions"}],"wp:attachment":[{"href":"https:\/\/construcaocivil.siriusmarketingedesign.com.br\/index.php?rest_route=%2Fwp%2Fv2%2Fmedia&parent=8250"}],"wp:term":[{"taxonomy":"category","embeddable":true,"href":"https:\/\/construcaocivil.siriusmarketingedesign.com.br\/index.php?rest_route=%2Fwp%2Fv2%2Fcategories&post=8250"},{"taxonomy":"post_tag","embeddable":true,"href":"https:\/\/construcaocivil.siriusmarketingedesign.com.br\/index.php?rest_route=%2Fwp%2Fv2%2Ftags&post=8250"}],"curies":[{"name":"wp","href":"https:\/\/api.w.org\/{rel}","templated":true}]}}