{"id":827,"date":"2016-02-03T15:22:24","date_gmt":"2016-02-03T15:22:24","guid":{"rendered":"http:\/\/www.jornaldaconstrucaocivil.com.br\/?p=827"},"modified":"2016-02-03T15:22:24","modified_gmt":"2016-02-03T15:22:24","slug":"resende-prefeitura-promove-baile-de-carnaval-para-a-terceira-idade","status":"publish","type":"post","link":"https:\/\/construcaocivil.siriusmarketingedesign.com.br\/?p=827","title":{"rendered":"RESENDE: PREFEITURA PROMOVE BAILE DE CARNAVAL PARA A TERCEIRA IDADE"},"content":{"rendered":"<p><span style=\"color: #0000ff;\"><strong><em>Evento \u00e9 voltado para os idosos que participam dos programas do munic\u00edpio<\/em><\/strong><\/span><\/p>\n<p align=\"justify\"><span style=\"color: #000000;\"><strong>A Prefeitura, por meio da Secretaria Municipal de Assist\u00eancia Social, da Funda\u00e7\u00e3o Casa da Cultura Macedo Miranda e da Superintend\u00eancia de Eventos e Integra\u00e7\u00e3o realiza amanh\u00e3, dia 3, o Baile Pr\u00e9 Carnavalesco dos Programas da 3\u00aa Idade, como o Terceira Idade Ativa e os Centros de Conviv\u00eancia dos Idosos (CCI). Marcado para acontecer das 18 \u00e0s 22 horas no Espa\u00e7o Z, o evento \u00e9 voltado para os idosos dos 30 polos de atendimento espalhados pelo munic\u00edpio.<\/strong><\/span><\/p>\n<figure id=\"attachment_828\" aria-describedby=\"caption-attachment-828\" style=\"width: 300px\" class=\"wp-caption alignleft\"><a href=\"http:\/\/www.jornaldaconstrucaocivil.com.br\/wp-content\/uploads\/2016\/02\/Rancho-Carnavalesco-Chuveiro-de-Prata-ACOM-PMR.jpg\"><img loading=\"lazy\" decoding=\"async\" class=\"wp-image-828 size-medium\" src=\"http:\/\/www.jornaldaconstrucaocivil.com.br\/wp-content\/uploads\/2016\/02\/Rancho-Carnavalesco-Chuveiro-de-Prata-ACOM-PMR-300x199.jpg\" alt=\"Rancho Carnavalesco Chuveiro de Prata - ACOM PMR\" width=\"300\" height=\"199\" \/><\/a><figcaption id=\"caption-attachment-828\" class=\"wp-caption-text\"><span style=\"color: #ff0000;\">Foto: Divulga\u00e7\u00e3o PMR-RJ<\/span><\/figcaption><\/figure>\n<p align=\"justify\"><span style=\"color: #000000;\"><strong>S\u00e3o esperados cerca de 150 convidados, que poder\u00e3o participar de um desfile de fantasias e apreciar o baile ao som das tradicionais marchinhas de carnaval. De acordo com a coordenadora do Servi\u00e7o de Atendimento \u00e0 Pessoa Idosa, Fabiane Soares da Silva, a iniciativa visa promover a integra\u00e7\u00e3o e o lazer entre os participantes, tendo como inspira\u00e7\u00e3o um tradicional bloco resendense.<\/strong><\/span><\/p>\n<p align=\"justify\"><span style=\"color: #000000;\"><strong>&#8211; O programa da terceira idade tem alguns projetos institucionais, e essa festa \u00e9 um deles. Desde que come\u00e7amos com o baile, pegamos carona no Chuveiro de Prata, bloco do Claudionor Rosa, que \u00e9 respons\u00e1vel pelo Arquivo Hist\u00f3rico da cidade. O Chuveiro tem participantes cativos e muito animados e, j\u00e1 que esse ano o bloco n\u00e3o vai pra rua, eles v\u00e3o se juntar a n\u00f3s &#8211; explica Fabiane.<\/strong><\/span><\/p>\n<p align=\"justify\">\n<p align=\"justify\">Fonte: ASCOM\/PMR-RJ<\/p>\n","protected":false},"excerpt":{"rendered":"<p>Evento \u00e9 voltado para os idosos que participam dos programas do munic\u00edpio A Prefeitura, por meio da Secretaria Municipal de Assist\u00eancia Social, da Funda\u00e7\u00e3o Casa da Cultura Macedo Miranda e da Superintend\u00eancia de Eventos e Integra\u00e7\u00e3o realiza amanh\u00e3, dia 3, o Baile Pr\u00e9 Carnavalesco dos Programas da 3\u00aa Idade, como o Terceira Idade Ativa e [&hellip;]<\/p>\n","protected":false},"author":1,"featured_media":828,"comment_status":"open","ping_status":"open","sticky":false,"template":"","format":"standard","meta":{"_uag_custom_page_level_css":"","footnotes":""},"categories":[37],"tags":[1171,1861,3742,10214,11441],"class_list":["post-827","post","type-post","status-publish","format-standard","has-post-thumbnail","hentry","category-sustentabilidade","tag-baile-terceira-idade","tag-carnaval-2016","tag-diversao","tag-resende","tag-sul-fluminense"],"blocksy_meta":[],"spectra_blocks_featured_image_url":[],"spectra_blocks_author_info":{"display_name":"Jornal da Constru\u00e7\u00e3o Civil","avatar_url":"https:\/\/secure.gravatar.com\/avatar\/973c9774fd44ddaceb026973c4962faa70fc512bc4c9da68e8ebb40fecee6540?s=96&d=mm&r=g","author_link":"https:\/\/construcaocivil.siriusmarketingedesign.com.br\/?author=1","description":"Desde de 2013, levando muitas informa\u00e7\u00f5es, lan\u00e7amentos e produtos de qualidade para toda cadeia produtiva da constru\u00e7\u00e3o. O Futuro da constru\u00e7\u00e3o passa por aqui,"},"uagb_featured_image_src":{"full":false,"thumbnail":false,"medium":false,"medium_large":false,"large":false,"1536x1536":false,"2048x2048":false},"uagb_author_info":{"display_name":"Jornal da Constru\u00e7\u00e3o Civil","author_link":"https:\/\/construcaocivil.siriusmarketingedesign.com.br\/?author=1"},"uagb_comment_info":0,"uagb_excerpt":"Evento \u00e9 voltado para os idosos que participam dos programas do munic\u00edpio A Prefeitura, por meio da Secretaria Municipal de Assist\u00eancia Social, da Funda\u00e7\u00e3o Casa da Cultura Macedo Miranda e da Superintend\u00eancia de Eventos e Integra\u00e7\u00e3o realiza amanh\u00e3, dia 3, o Baile Pr\u00e9 Carnavalesco dos Programas da 3\u00aa Idade, como o Terceira Idade Ativa e&hellip;","_links":{"self":[{"href":"https:\/\/construcaocivil.siriusmarketingedesign.com.br\/index.php?rest_route=\/wp\/v2\/posts\/827","targetHints":{"allow":["GET"]}}],"collection":[{"href":"https:\/\/construcaocivil.siriusmarketingedesign.com.br\/index.php?rest_route=\/wp\/v2\/posts"}],"about":[{"href":"https:\/\/construcaocivil.siriusmarketingedesign.com.br\/index.php?rest_route=\/wp\/v2\/types\/post"}],"author":[{"embeddable":true,"href":"https:\/\/construcaocivil.siriusmarketingedesign.com.br\/index.php?rest_route=\/wp\/v2\/users\/1"}],"replies":[{"embeddable":true,"href":"https:\/\/construcaocivil.siriusmarketingedesign.com.br\/index.php?rest_route=%2Fwp%2Fv2%2Fcomments&post=827"}],"version-history":[{"count":0,"href":"https:\/\/construcaocivil.siriusmarketingedesign.com.br\/index.php?rest_route=\/wp\/v2\/posts\/827\/revisions"}],"wp:featuredmedia":[{"embeddable":true,"href":"https:\/\/construcaocivil.siriusmarketingedesign.com.br\/index.php?rest_route=\/wp\/v2\/menu-items\/828"}],"wp:attachment":[{"href":"https:\/\/construcaocivil.siriusmarketingedesign.com.br\/index.php?rest_route=%2Fwp%2Fv2%2Fmedia&parent=827"}],"wp:term":[{"taxonomy":"category","embeddable":true,"href":"https:\/\/construcaocivil.siriusmarketingedesign.com.br\/index.php?rest_route=%2Fwp%2Fv2%2Fcategories&post=827"},{"taxonomy":"post_tag","embeddable":true,"href":"https:\/\/construcaocivil.siriusmarketingedesign.com.br\/index.php?rest_route=%2Fwp%2Fv2%2Ftags&post=827"}],"curies":[{"name":"wp","href":"https:\/\/api.w.org\/{rel}","templated":true}]}}