{"id":8284,"date":"2017-11-16T10:41:36","date_gmt":"2017-11-16T13:41:36","guid":{"rendered":"https:\/\/jornaldaconstrucaocivil.com.br\/?p=8284"},"modified":"2017-11-16T10:41:36","modified_gmt":"2017-11-16T13:41:36","slug":"palestra-apresenta-os-impactos-do-esocial-na-saude-e-seguranca-no-trabalho","status":"publish","type":"post","link":"https:\/\/construcaocivil.siriusmarketingedesign.com.br\/?p=8284","title":{"rendered":"Palestra apresenta os impactos do eSocial na sa\u00fade e seguran\u00e7a no trabalho"},"content":{"rendered":"<p><span style=\"color: #000000;\"><em><strong>Evento gratuito promovido pela FIESC e Sinduscon Joinville, em parceria com outras entidades da cidade, ser\u00e1 no dia 27 de novembro, a partir das 9h30, na ACIJ<\/strong><\/em><\/span><\/p>\n<p style=\"text-align: justify;\"><span style=\"color: #000000;\"><span style=\"color: #993300;\">Novembro, 2017<\/span> &#8211; A Federa\u00e7\u00e3o das Ind\u00fastrias do Estado de Santa Catarina &#8211; por meio do SESI\/SC e em parceria com o Sindicato da Ind\u00fastria da Constru\u00e7\u00e3o Civil (Sinduscon) &#8211; promove em Joinville a palestra &#8220;Impactos do eSocial e do Fator Acident\u00e1rio de Preven\u00e7\u00e3o na Gest\u00e3o de Seguran\u00e7a e Sa\u00fade no Trabalho (SST)&#8221;.<\/span><\/p>\n<figure id=\"attachment_8285\" aria-describedby=\"caption-attachment-8285\" style=\"width: 273px\" class=\"wp-caption alignleft\"><a href=\"https:\/\/jornaldaconstrucaocivil.com.br\/wp-content\/uploads\/2017\/11\/gustavo-nicolai-portal-da-ind\u00fastria.jpg\"><img loading=\"lazy\" decoding=\"async\" class=\"wp-image-8285\" src=\"https:\/\/jornaldaconstrucaocivil.com.br\/wp-content\/uploads\/2017\/11\/gustavo-nicolai-portal-da-ind\u00fastria-300x200.jpg\" width=\"273\" height=\"182\" \/><\/a><figcaption id=\"caption-attachment-8285\" class=\"wp-caption-text\">Gustavo Nicolai, especialista em desenvolvimento industrial do SESI. Bras\u00edlia (DF) 24.02.2016 &#8211; Foto: Jos\u00e9 Paulo Lacerda\/CNI<\/figcaption><\/figure>\n<p style=\"text-align: justify;\"><span style=\"color: #000000;\">O evento ser\u00e1 no dia 27 de novembro, na Associa\u00e7\u00e3o Empresarial de Joinville (Acij), a partir das 9h30. Para falar sobre o tema, o convidado \u00e9 o m\u00e9dico do trabalho e especialista em Desenvolvimento Industrial da Unidade de Qualidade de Vida do Sesi Nacional, Gustavo Nicolai, de Belo Horizonte.<\/span><\/p>\n<p style=\"text-align: justify;\"><span style=\"color: #000000;\">As inscri\u00e7\u00f5es para a palestra est\u00e3o abertas, s\u00e3o gratuitas e podem ser feitas no Sinduscon Joinville pelo telefone 3425-2288. As vagas s\u00e3o limitadas. O credenciamento ser\u00e1 \u00e0s 9h30 e o in\u00edcio da apresenta\u00e7\u00e3o \u00e0s 10 horas. Das 11h30 \u00e0s 12h haver\u00e1 um painel de discuss\u00e3o para debates e esclarecimento das d\u00favidas.<\/span><\/p>\n<p style=\"text-align: justify;\"><span style=\"color: #000000;\">Auditor l\u00edder da Norma OHSAS 18001 e mestrando em Seguran\u00e7a e Sa\u00fade no Trabalho (SST) pela Organiza\u00e7\u00e3o Internacional do Trabalho (OIT), o m\u00e9dico Gustavo Nicolai atua com \u00eanfase na lideran\u00e7a de equipes de sa\u00fade e seguran\u00e7a, gest\u00e3o de custos com sa\u00fade e seguran\u00e7a, treinamentos, palestras sobre SST, FAT, eSocial, medicina do trabalho e auditorias de sa\u00fade e seguran\u00e7a.<\/span><\/p>\n<p style=\"text-align: justify;\"><span style=\"color: #000000;\">Al\u00e9m disso, Nicolai tem experi\u00eancia como gerente de sa\u00fade em empresas de grande porte e hist\u00f3rico de atua\u00e7\u00e3o em diferentes setores, como constru\u00e7\u00e3o civil, automobil\u00edstico, engenharia florestal, metal\u00fargico, papel e celulose, petroqu\u00edmico e de servi\u00e7os.<\/span><\/p>\n<p style=\"text-align: justify;\"><span style=\"color: #000000;\">Para a realiza\u00e7\u00e3o do evento, a Fiesc\/Sesi e o Sinduscon Joinville contam ainda com a parceria do Servi\u00e7o Social da Ind\u00fastria da Constru\u00e7\u00e3o Civil de Joinville (Seconci), Conselho das Entidades Patronais da ACIJ (Consep) e o apoio da Associa\u00e7\u00e3o Brasileira de Recursos Humanos (ABRH Joinville).<\/span><\/p>\n<p><strong><span style=\"color: #000000;\">SERVI\u00c7O<\/span><\/strong><\/p>\n<p><span style=\"color: #000000;\">O qu\u00ea: Palestra<span style=\"color: #993300;\"> &#8220;Impactos do eSocial e do FAP na Gest\u00e3o de SST&#8221;<\/span>, com Gustavo Nicolai<\/span><\/p>\n<p><span style=\"color: #000000;\">Quando: 27 de novembro, a partir das 9h30<\/span><\/p>\n<p><span style=\"color: #000000;\">Onde: Associa\u00e7\u00e3o Empresarial de Joinville (Acij) \u2013 Avenida Alu\u00edsio Pires Condeixa, 2.550, bairro Sagua\u00e7u<\/span><\/p>\n<p><span style=\"color: #000000;\">Quanto: Gratuito. Vagas limitadas<\/span><\/p>\n<p><span style=\"color: #000000;\">Inscri\u00e7\u00f5es: 3425-2288 (Sinduscon Joinville)<\/span><\/p>\n","protected":false},"excerpt":{"rendered":"<p>Evento gratuito promovido pela FIESC e Sinduscon Joinville, em parceria com outras entidades da cidade, ser\u00e1 no dia 27 de novembro, a partir das 9h30, na ACIJ Novembro, 2017 &#8211; A Federa\u00e7\u00e3o das Ind\u00fastrias do Estado de Santa Catarina &#8211; por meio do SESI\/SC e em parceria com o Sindicato da Ind\u00fastria da Constru\u00e7\u00e3o Civil [&hellip;]<\/p>\n","protected":false},"author":1,"featured_media":0,"comment_status":"open","ping_status":"open","sticky":false,"template":"","format":"standard","meta":{"_uag_custom_page_level_css":"","footnotes":""},"categories":[27],"tags":[2826,4694,4879,5942,5943,10930,10968,11151],"class_list":["post-8284","post","type-post","status-publish","format-standard","hentry","category-acontece","tag-construcao-civil","tag-evento-gratuito-impactos-do-esocial-na-saude-e-seguranca","tag-fator-acidentario-de-prevencao-na-gestao-de-seguranca-e-saude-no-trabalho-sst","tag-impactos-do-esocial-e-do-fap-na-gestao-de-sst","tag-impactos-do-esocial-na-saude-e-seguranca-no-trabalho","tag-servico-social-da-industria-da-construcao-civil-de-joinville-seconci","tag-sesisc","tag-sinduscon-joinville"],"blocksy_meta":[],"spectra_blocks_featured_image_url":null,"spectra_blocks_author_info":{"display_name":"Jornal da Constru\u00e7\u00e3o Civil","avatar_url":"https:\/\/secure.gravatar.com\/avatar\/973c9774fd44ddaceb026973c4962faa70fc512bc4c9da68e8ebb40fecee6540?s=96&d=mm&r=g","author_link":"https:\/\/construcaocivil.siriusmarketingedesign.com.br\/?author=1","description":"Desde de 2013, levando muitas informa\u00e7\u00f5es, lan\u00e7amentos e produtos de qualidade para toda cadeia produtiva da constru\u00e7\u00e3o. O Futuro da constru\u00e7\u00e3o passa por aqui,"},"uagb_featured_image_src":{"full":false,"thumbnail":false,"medium":false,"medium_large":false,"large":false,"1536x1536":false,"2048x2048":false},"uagb_author_info":{"display_name":"Jornal da Constru\u00e7\u00e3o Civil","author_link":"https:\/\/construcaocivil.siriusmarketingedesign.com.br\/?author=1"},"uagb_comment_info":0,"uagb_excerpt":"Evento gratuito promovido pela FIESC e Sinduscon Joinville, em parceria com outras entidades da cidade, ser\u00e1 no dia 27 de novembro, a partir das 9h30, na ACIJ Novembro, 2017 &#8211; A Federa\u00e7\u00e3o das Ind\u00fastrias do Estado de Santa Catarina &#8211; por meio do SESI\/SC e em parceria com o Sindicato da Ind\u00fastria da Constru\u00e7\u00e3o Civil&hellip;","_links":{"self":[{"href":"https:\/\/construcaocivil.siriusmarketingedesign.com.br\/index.php?rest_route=\/wp\/v2\/posts\/8284","targetHints":{"allow":["GET"]}}],"collection":[{"href":"https:\/\/construcaocivil.siriusmarketingedesign.com.br\/index.php?rest_route=\/wp\/v2\/posts"}],"about":[{"href":"https:\/\/construcaocivil.siriusmarketingedesign.com.br\/index.php?rest_route=\/wp\/v2\/types\/post"}],"author":[{"embeddable":true,"href":"https:\/\/construcaocivil.siriusmarketingedesign.com.br\/index.php?rest_route=\/wp\/v2\/users\/1"}],"replies":[{"embeddable":true,"href":"https:\/\/construcaocivil.siriusmarketingedesign.com.br\/index.php?rest_route=%2Fwp%2Fv2%2Fcomments&post=8284"}],"version-history":[{"count":0,"href":"https:\/\/construcaocivil.siriusmarketingedesign.com.br\/index.php?rest_route=\/wp\/v2\/posts\/8284\/revisions"}],"wp:attachment":[{"href":"https:\/\/construcaocivil.siriusmarketingedesign.com.br\/index.php?rest_route=%2Fwp%2Fv2%2Fmedia&parent=8284"}],"wp:term":[{"taxonomy":"category","embeddable":true,"href":"https:\/\/construcaocivil.siriusmarketingedesign.com.br\/index.php?rest_route=%2Fwp%2Fv2%2Fcategories&post=8284"},{"taxonomy":"post_tag","embeddable":true,"href":"https:\/\/construcaocivil.siriusmarketingedesign.com.br\/index.php?rest_route=%2Fwp%2Fv2%2Ftags&post=8284"}],"curies":[{"name":"wp","href":"https:\/\/api.w.org\/{rel}","templated":true}]}}