{"id":8290,"date":"2017-11-16T11:21:15","date_gmt":"2017-11-16T14:21:15","guid":{"rendered":"https:\/\/jornaldaconstrucaocivil.com.br\/?p=8290"},"modified":"2017-11-16T11:21:15","modified_gmt":"2017-11-16T14:21:15","slug":"reforma-trabalhista-e-retrocesso-grave-para-nos-trabalhadores-diz-presidente-do-sintraconst-rio","status":"publish","type":"post","link":"https:\/\/construcaocivil.siriusmarketingedesign.com.br\/?p=8290","title":{"rendered":"Reforma Trabalhista \u00e9 retrocesso grave para n\u00f3s trabalhadores, diz presidente do Sintraconst-Rio"},"content":{"rendered":"<p style=\"text-align: justify;\"><em>Por Carlos Antonio<\/em><\/p>\n<p style=\"text-align: justify;\"><em><strong><span style=\"color: #000000;\">A aprova\u00e7\u00e3o e san\u00e7\u00e3o da Reforma Trabalhista representa um imenso retrocesso em rela\u00e7\u00e3o \u00e0s condi\u00e7\u00f5es sociais dos empregados de todo o Brasil.<\/span><\/strong><\/em><\/p>\n<figure id=\"attachment_8291\" aria-describedby=\"caption-attachment-8291\" style=\"width: 269px\" class=\"wp-caption alignleft\"><a href=\"https:\/\/jornaldaconstrucaocivil.com.br\/wp-content\/uploads\/2017\/11\/CARLOS-ANTONIO.jpg\"><img loading=\"lazy\" decoding=\"async\" class=\"wp-image-8291\" src=\"https:\/\/jornaldaconstrucaocivil.com.br\/wp-content\/uploads\/2017\/11\/CARLOS-ANTONIO-300x167.jpg\" width=\"269\" height=\"150\" \/><\/a><figcaption id=\"caption-attachment-8291\" class=\"wp-caption-text\">Carlos Antonio, presidente do Sintraconst-Rio.<\/figcaption><\/figure>\n<p style=\"text-align: justify;\"><span style=\"color: #000000;\"><span style=\"color: #993300;\">Novembro, 2017<\/span> &#8211; Jornada de trabalho de 12 horas seguidas, exposi\u00e7\u00e3o de gestantes em ambiente de risco e demiss\u00e3o por meio de &#8220;acordo&#8221; abalam as condi\u00e7\u00f5es de todo assalariado. E, junto \u00e0 libera\u00e7\u00e3o da terceiriza\u00e7\u00e3o, abrem as portas para a precariza\u00e7\u00e3o incondicional no ambiente de trabalho.<\/span><\/p>\n<p style=\"text-align: justify;\"><span style=\"color: #000000;\">H\u00e1 quem diga que as manifesta\u00e7\u00f5es dos sindicatos e centrais sindicais contra a Reforma Trabalhista acontecem apenas por causa do fim do imposto sindical. Isso \u00e9 um grande engano.<\/span><\/p>\n<p style=\"text-align: justify;\"><span style=\"color: #000000;\">O fim do imposto sindical acaba sendo um problema menor diante da lista de retrocessos impostos por essa reforma. As altera\u00e7\u00f5es na CLT colocam em risco vidas de trabalhadores. E isso \u00e9 grav\u00edssimo.<\/span><\/p>\n<p style=\"text-align: justify;\"><span style=\"color: #000000;\">O oper\u00e1rio da constru\u00e7\u00e3o civil, por exemplo, corre mais riscos com a permiss\u00e3o de reduzir o hor\u00e1rio de almo\u00e7o de uma hora para 30 minutos. O descanso, mesmo que pequeno, que ele faz depois das refei\u00e7\u00f5es, \u00e9 fundamental para que siga no batente depois do almo\u00e7o.<\/span><\/p>\n<p style=\"text-align: justify;\"><span style=\"color: #000000;\">O Sintraconst-Rio, junto \u00e0 For\u00e7a Sindical e demais sindicatos, centrais sindicais e federa\u00e7\u00f5es e confedera\u00e7\u00f5es, vai seguir mobilizado. Mantemos a uni\u00e3o em defesa da soberania do povo brasileiro.<\/span><\/p>\n<p style=\"text-align: justify;\"><strong>Carlos Antonio\u00a0 \u00e9\u00a0<\/strong>presidente Sintraconst-Rio e vice-presidente For\u00e7a Sindical<\/p>\n","protected":false},"excerpt":{"rendered":"<p>Por Carlos Antonio A aprova\u00e7\u00e3o e san\u00e7\u00e3o da Reforma Trabalhista representa um imenso retrocesso em rela\u00e7\u00e3o \u00e0s condi\u00e7\u00f5es sociais dos empregados de todo o Brasil. Novembro, 2017 &#8211; Jornada de trabalho de 12 horas seguidas, exposi\u00e7\u00e3o de gestantes em ambiente de risco e demiss\u00e3o por meio de &#8220;acordo&#8221; abalam as condi\u00e7\u00f5es de todo assalariado. E, [&hellip;]<\/p>\n","protected":false},"author":1,"featured_media":4685,"comment_status":"open","ping_status":"open","sticky":false,"template":"","format":"standard","meta":{"_uag_custom_page_level_css":"","footnotes":""},"categories":[27],"tags":[422,2074,4911,5394,6605,6832,9222,9373,10060,10068,11845,11859],"class_list":["post-8290","post","type-post","status-publish","format-standard","has-post-thumbnail","hentry","category-acontece","tag-acoes-trabalhistas","tag-centrais-sindicais","tag-federacoes-e-confederacoes-sindicais","tag-geracao-de-empregos","tag-justica-do-trabalho-tera-seu-papel-reduzido","tag-leis-ja-estao-valendo-por-todo-o-pais","tag-precarizacao-do-trabalhador","tag-presidente-do-sintraconst-rio-carlos-antonio","tag-reforma-trabalhista","tag-reformas-da-clt","tag-trabalhadores-da-construcao-civil","tag-trabalho-escravo"],"blocksy_meta":[],"spectra_blocks_featured_image_url":[],"spectra_blocks_author_info":{"display_name":"Jornal da Constru\u00e7\u00e3o Civil","avatar_url":"https:\/\/secure.gravatar.com\/avatar\/973c9774fd44ddaceb026973c4962faa70fc512bc4c9da68e8ebb40fecee6540?s=96&d=mm&r=g","author_link":"https:\/\/construcaocivil.siriusmarketingedesign.com.br\/?author=1","description":"Desde de 2013, levando muitas informa\u00e7\u00f5es, lan\u00e7amentos e produtos de qualidade para toda cadeia produtiva da constru\u00e7\u00e3o. O Futuro da constru\u00e7\u00e3o passa por aqui,"},"uagb_featured_image_src":{"full":false,"thumbnail":false,"medium":false,"medium_large":false,"large":false,"1536x1536":false,"2048x2048":false},"uagb_author_info":{"display_name":"Jornal da Constru\u00e7\u00e3o Civil","author_link":"https:\/\/construcaocivil.siriusmarketingedesign.com.br\/?author=1"},"uagb_comment_info":0,"uagb_excerpt":"Por Carlos Antonio A aprova\u00e7\u00e3o e san\u00e7\u00e3o da Reforma Trabalhista representa um imenso retrocesso em rela\u00e7\u00e3o \u00e0s condi\u00e7\u00f5es sociais dos empregados de todo o Brasil. Novembro, 2017 &#8211; Jornada de trabalho de 12 horas seguidas, exposi\u00e7\u00e3o de gestantes em ambiente de risco e demiss\u00e3o por meio de &#8220;acordo&#8221; abalam as condi\u00e7\u00f5es de todo assalariado. E,&hellip;","_links":{"self":[{"href":"https:\/\/construcaocivil.siriusmarketingedesign.com.br\/index.php?rest_route=\/wp\/v2\/posts\/8290","targetHints":{"allow":["GET"]}}],"collection":[{"href":"https:\/\/construcaocivil.siriusmarketingedesign.com.br\/index.php?rest_route=\/wp\/v2\/posts"}],"about":[{"href":"https:\/\/construcaocivil.siriusmarketingedesign.com.br\/index.php?rest_route=\/wp\/v2\/types\/post"}],"author":[{"embeddable":true,"href":"https:\/\/construcaocivil.siriusmarketingedesign.com.br\/index.php?rest_route=\/wp\/v2\/users\/1"}],"replies":[{"embeddable":true,"href":"https:\/\/construcaocivil.siriusmarketingedesign.com.br\/index.php?rest_route=%2Fwp%2Fv2%2Fcomments&post=8290"}],"version-history":[{"count":0,"href":"https:\/\/construcaocivil.siriusmarketingedesign.com.br\/index.php?rest_route=\/wp\/v2\/posts\/8290\/revisions"}],"wp:attachment":[{"href":"https:\/\/construcaocivil.siriusmarketingedesign.com.br\/index.php?rest_route=%2Fwp%2Fv2%2Fmedia&parent=8290"}],"wp:term":[{"taxonomy":"category","embeddable":true,"href":"https:\/\/construcaocivil.siriusmarketingedesign.com.br\/index.php?rest_route=%2Fwp%2Fv2%2Fcategories&post=8290"},{"taxonomy":"post_tag","embeddable":true,"href":"https:\/\/construcaocivil.siriusmarketingedesign.com.br\/index.php?rest_route=%2Fwp%2Fv2%2Ftags&post=8290"}],"curies":[{"name":"wp","href":"https:\/\/api.w.org\/{rel}","templated":true}]}}