{"id":8315,"date":"2017-11-17T14:17:54","date_gmt":"2017-11-17T17:17:54","guid":{"rendered":"https:\/\/jornaldaconstrucaocivil.com.br\/?p=8315"},"modified":"2017-11-17T14:17:54","modified_gmt":"2017-11-17T17:17:54","slug":"concessionaria-do-para-e-a-primeira-do-brasil-a-oferecer-todos-os-produtos-do-grupo-volvo","status":"publish","type":"post","link":"https:\/\/construcaocivil.siriusmarketingedesign.com.br\/?p=8315","title":{"rendered":"Concession\u00e1ria do Par\u00e1 \u00e9 a primeira do Brasil a oferecer todos os produtos do Grupo Volvo"},"content":{"rendered":"<p style=\"text-align: justify;\"><span style=\"color: #000000;\"><span style=\"color: #993300;\">Novembro, 2017<\/span> &#8211; J\u00e1 est\u00e1 em pleno funcionamento a \u00fanica concession\u00e1ria brasileira a comercializar todos os produtos do Grupo Volvo \u2013 caminh\u00f5es, \u00f4nibus, equipamentos de constru\u00e7\u00e3o e motores industriais e mar\u00edtimos. Localizada em Marituba, na regi\u00e3o metropolitana de Bel\u00e9m, no Par\u00e1, a nova unidade pertence \u00e0 Tracbel, grupo econ\u00f4mico que no ano passado assumiu a representa\u00e7\u00e3o de caminh\u00f5es e chassis de \u00f4nibus da marca em alguns estados do Norte do Pa\u00eds.<\/span><\/p>\n<figure id=\"attachment_8316\" aria-describedby=\"caption-attachment-8316\" style=\"width: 300px\" class=\"wp-caption alignleft\"><a href=\"https:\/\/jornaldaconstrucaocivil.com.br\/wp-content\/uploads\/2017\/11\/A-II-VOLVO-FrZRNi9ThMmeoGEu5s4zcaPJt1.jpg\"><img loading=\"lazy\" decoding=\"async\" class=\"wp-image-8316 size-medium\" src=\"https:\/\/jornaldaconstrucaocivil.com.br\/wp-content\/uploads\/2017\/11\/A-II-VOLVO-FrZRNi9ThMmeoGEu5s4zcaPJt1-300x200.jpg\" width=\"300\" height=\"200\" \/><\/a><figcaption id=\"caption-attachment-8316\" class=\"wp-caption-text\">Concession\u00e1ria Tracbel Marituba( PA). Divulga\u00e7\u00e3o<\/figcaption><\/figure>\n<p style=\"text-align: justify;\"><span style=\"color: #000000;\"><em><span style=\"color: #333399;\">\u201c\u00c9 uma concession\u00e1ria que fortalece ainda mais nossa posi\u00e7\u00e3o no Norte do Brasil. Termos uma rede forte e com grande capilaridade \u00e9 muito importante para todos os neg\u00f3cios da marca<\/span>\u201d<\/em>, declara Wilson Lirmann, presidente do Grupo Volvo Am\u00e9rica Latina.<\/span><\/p>\n<p style=\"text-align: justify;\"><span style=\"color: #000000;\">Em uma \u00e1rea de 30 mil metros quadrados, a Tracbel investiu cerca de R$ 4 milh\u00f5es em uma estruturada e moderna concession\u00e1ria, que gerou 60 empregos diretos e indiretos. \u201cA unidade do Par\u00e1 \u00e9 um sonho que virou realidade. Com este investimento, continuaremos prestando o melhor atendimento em vendas e p\u00f3s-venda aos clientes de toda a regi\u00e3o Norte\u201d, afirma Luiz Gustavo R. de Magalh\u00e3es Pereira, CEO do Grupo Tracbel.<\/span><\/p>\n<p style=\"text-align: justify;\"><span style=\"color: #000000;\">A concession\u00e1ria de Marituba atende clientes de todas as linhas que a Tracbel representa na regi\u00e3o: Volvo caminh\u00f5es e \u00f4nibus; Volvo Construction Equipment; Volvo Penta (motores estacion\u00e1rios e mar\u00edtimos); escavadeiras e carregadeiras SDLG; pneus industriais e tamb\u00e9m para caminh\u00f5es e \u00f4nibus da marca Michelin, e equipamentos florestais, com as linhas Tigercat. Al\u00e9m do suporte t\u00e9cnico de classe mundial, a nova unidade conta com mais de 12 mil itens em estoque de pe\u00e7as.<\/span><\/p>\n<p style=\"text-align: justify;\"><span style=\"color: #000000;\"><em>\u201cA nova casa nos deixa ainda melhor preparados para atender os clientes e ganhar espa\u00e7o no mercado de equipamentos de constru\u00e7\u00e3o\u201d<\/em>, diz Afr\u00e2nio Chueire, presidente da Volvo CE Latin America, a divis\u00e3o do Grupo Volvo que produz as chamadas m\u00e1quinas amarelas.<\/span><\/p>\n<p style=\"text-align: justify;\"><span style=\"color: #000000;\"><strong>Padr\u00e3o mundial<\/strong><\/span><\/p>\n<figure id=\"attachment_8317\" aria-describedby=\"caption-attachment-8317\" style=\"width: 300px\" class=\"wp-caption alignright\"><a href=\"https:\/\/jornaldaconstrucaocivil.com.br\/wp-content\/uploads\/2017\/11\/AA-VOLVO-PGMRs6KVnYTCBtcfe7EJxz0i1y.jpg\"><img loading=\"lazy\" decoding=\"async\" class=\"wp-image-8317 size-medium\" src=\"https:\/\/jornaldaconstrucaocivil.com.br\/wp-content\/uploads\/2017\/11\/AA-VOLVO-PGMRs6KVnYTCBtcfe7EJxz0i1y-300x200.jpg\" width=\"300\" height=\"200\" \/><\/a><figcaption id=\"caption-attachment-8317\" class=\"wp-caption-text\">Tracbel \u00e9 a primeira do Brasil a oferecer todos os produtos do Grupo Volvo. Divulga\u00e7\u00e3o<\/figcaption><\/figure>\n<p style=\"text-align: justify;\"><span style=\"color: #000000;\">A concession\u00e1ria foi totalmente reformulada seguindo os padr\u00f5es mundiais da Volvo. Foram instalados 24 modernos boxes de atendimento para agilizar a parada dos motoristas. Tamb\u00e9m foram criados boxes de lubrifica\u00e7\u00e3o r\u00e1pida, de \u00faltima gera\u00e7\u00e3o, para reduzir para 40 minutos o tempo de revis\u00e3o com troca de \u00f3leo. O estoque de pe\u00e7as teve uma recarga adicional, j\u00e1 que a regi\u00e3o necessita de uma aten\u00e7\u00e3o especial, por causa da dif\u00edcil log\u00edstica. As \u00e1reas de funilaria e pintura tamb\u00e9m receberam novos e avan\u00e7ados equipamentos.<\/span><\/p>\n<p style=\"text-align: justify;\"><span style=\"color: #000000;\"><em>\u201cN\u00f3s pensamos em tudo o que o cliente precisa para ter um excelente atendimento. M\u00e1quina, caminh\u00e3o ou \u00f4nibus parados s\u00e3o sin\u00f4nimo de preju\u00edzo. Investimos pesado nessa nova estrutura\u201d<\/em>, lembra o CEO da Tracbel. <\/span><\/p>\n<p style=\"text-align: justify;\"><span style=\"color: #000000;\">A empresa inclusive construiu uma \u00e1rea exclusiva de apoio e suporte ao motorista com restaurante, uma sala de jogos, al\u00e9m de uma sala de cinema, banheiros com estrutura de banhos e vesti\u00e1rio, uma \u00e1rea de recrea\u00e7\u00e3o e tamb\u00e9m um espa\u00e7o infantil, voltado para a fam\u00edlia do caminhoneiro.<\/span><\/p>\n<p style=\"text-align: justify;\"><span style=\"color: #000000;\"><strong>Potencial econ\u00f4mico<\/strong><\/span><\/p>\n<p style=\"text-align: justify;\"><span style=\"color: #000000;\">O Norte do Brasil tem apresentado resultados positivos para a Volvo e tem grande import\u00e2ncia no contexto nacional. Os Estados que comp\u00f5em a regi\u00e3o t\u00eam setores muito importantes para o neg\u00f3cio de caminh\u00f5es, como o de minera\u00e7\u00e3o, o de constru\u00e7\u00e3o e o pr\u00f3prio agroneg\u00f3cio, que cada vez mais se consolida no Norte. H\u00e1 tamb\u00e9m muitas empresas na \u00e1rea de \u00f4nibus.<\/span><\/p>\n<p style=\"text-align: justify;\"><span style=\"color: #000000;\"><em>\u201cPor causa da grande extens\u00e3o territorial do Brasil, os \u00f4nibus que cruzam o pa\u00eds tamb\u00e9m precisam de uma rede moderna e com pontos de apoio distribu\u00eddos em todas as regi\u00f5es. A nova concession\u00e1ria vem contribuir para facilitar a opera\u00e7\u00e3o das empresas de transportes de passageiros\u201d, observa Fabiano Todeschini, presidente da Volvo Bus Latin America. \u201cExiste um grande potencial para motores industriais e mar\u00edtimos no Norte brasileiro\u201d<\/em>, complementa Gabriel Barsalini, vice-presidente da Volvo Penta South America.<\/span><\/p>\n<p style=\"text-align: justify;\"><span style=\"color: #000000;\">Al\u00e9m de Marituba, a Tracbel tem unidades em Paragominas e Marab\u00e1, e um ponto de apoio em Paraupebas, no Par\u00e1; Manaus, no Amazonas; e Macap\u00e1, no Amap\u00e1. Para 2018, a previs\u00e3o \u00e9 inaugurar uma nova casa no Par\u00e1 e outra em Roraima.<\/span><\/p>\n<p style=\"text-align: justify;\"><span style=\"color: #000000;\">Com 50 anos, a Tracbel iniciou suas atividades prestando servi\u00e7os de manuten\u00e7\u00e3o em equipamentos de terraplenagem e minera\u00e7\u00e3o. Atualmente, \u00e9 um dos maiores distribuidores de m\u00e1quinas pesadas e agr\u00edcolas do Brasil e uma refer\u00eancia em qualidade e competitividade. Atua nos segmentos de minera\u00e7\u00e3o, extra\u00e7\u00e3o, log\u00edstica, siderurgia, constru\u00e7\u00e3o civil, transporte, agroneg\u00f3cio e florestal.<\/span><\/p>\n<p style=\"text-align: justify;\"><span style=\"color: #993300;\">O endere\u00e7o da nova unidade \u00e9 Km 20 da BR 316, S\/N, Marituba, bairro Riacho Doce. O telefone \u00e9 (91) 3073-1800.<\/span><\/p>\n<p>&nbsp;<\/p>\n","protected":false},"excerpt":{"rendered":"<p>Novembro, 2017 &#8211; J\u00e1 est\u00e1 em pleno funcionamento a \u00fanica concession\u00e1ria brasileira a comercializar todos os produtos do Grupo Volvo \u2013 caminh\u00f5es, \u00f4nibus, equipamentos de constru\u00e7\u00e3o e motores industriais e mar\u00edtimos. Localizada em Marituba, na regi\u00e3o metropolitana de Bel\u00e9m, no Par\u00e1, a nova unidade pertence \u00e0 Tracbel, grupo econ\u00f4mico que no ano passado assumiu a [&hellip;]<\/p>\n","protected":false},"author":1,"featured_media":8316,"comment_status":"open","ping_status":"open","sticky":false,"template":"","format":"standard","meta":{"_uag_custom_page_level_css":"","footnotes":""},"categories":[32,33],"tags":[2622,2826,4413,6096,7210,7307,7308,7553,8443,9490,10097,11864,12467],"class_list":["post-8315","post","type-post","status-publish","format-standard","has-post-thumbnail","hentry","category-maquinas-e-equipamentos","category-mercado","tag-concessionaria-do-para-agora-e-da-parceira-da-volvo","tag-construcao-civil","tag-equipamentos-de-construcao-e-motores-industriais","tag-infraestrutura","tag-maquinas-e-equipamentos","tag-maritimos","tag-marituba-pa","tag-mercado-em-expansao-em-belem-pa","tag-onibus","tag-produtos-da-volvo-caminhoes","tag-regiao-metropolitana-de-belem","tag-tracbel","tag-volvo-ce"],"blocksy_meta":[],"spectra_blocks_featured_image_url":[],"spectra_blocks_author_info":{"display_name":"Jornal da Constru\u00e7\u00e3o Civil","avatar_url":"https:\/\/secure.gravatar.com\/avatar\/973c9774fd44ddaceb026973c4962faa70fc512bc4c9da68e8ebb40fecee6540?s=96&d=mm&r=g","author_link":"https:\/\/construcaocivil.siriusmarketingedesign.com.br\/?author=1","description":"Desde de 2013, levando muitas informa\u00e7\u00f5es, lan\u00e7amentos e produtos de qualidade para toda cadeia produtiva da constru\u00e7\u00e3o. O Futuro da constru\u00e7\u00e3o passa por aqui,"},"uagb_featured_image_src":{"full":false,"thumbnail":false,"medium":false,"medium_large":false,"large":false,"1536x1536":false,"2048x2048":false},"uagb_author_info":{"display_name":"Jornal da Constru\u00e7\u00e3o Civil","author_link":"https:\/\/construcaocivil.siriusmarketingedesign.com.br\/?author=1"},"uagb_comment_info":0,"uagb_excerpt":"Novembro, 2017 &#8211; J\u00e1 est\u00e1 em pleno funcionamento a \u00fanica concession\u00e1ria brasileira a comercializar todos os produtos do Grupo Volvo \u2013 caminh\u00f5es, \u00f4nibus, equipamentos de constru\u00e7\u00e3o e motores industriais e mar\u00edtimos. Localizada em Marituba, na regi\u00e3o metropolitana de Bel\u00e9m, no Par\u00e1, a nova unidade pertence \u00e0 Tracbel, grupo econ\u00f4mico que no ano passado assumiu a&hellip;","_links":{"self":[{"href":"https:\/\/construcaocivil.siriusmarketingedesign.com.br\/index.php?rest_route=\/wp\/v2\/posts\/8315","targetHints":{"allow":["GET"]}}],"collection":[{"href":"https:\/\/construcaocivil.siriusmarketingedesign.com.br\/index.php?rest_route=\/wp\/v2\/posts"}],"about":[{"href":"https:\/\/construcaocivil.siriusmarketingedesign.com.br\/index.php?rest_route=\/wp\/v2\/types\/post"}],"author":[{"embeddable":true,"href":"https:\/\/construcaocivil.siriusmarketingedesign.com.br\/index.php?rest_route=\/wp\/v2\/users\/1"}],"replies":[{"embeddable":true,"href":"https:\/\/construcaocivil.siriusmarketingedesign.com.br\/index.php?rest_route=%2Fwp%2Fv2%2Fcomments&post=8315"}],"version-history":[{"count":0,"href":"https:\/\/construcaocivil.siriusmarketingedesign.com.br\/index.php?rest_route=\/wp\/v2\/posts\/8315\/revisions"}],"wp:attachment":[{"href":"https:\/\/construcaocivil.siriusmarketingedesign.com.br\/index.php?rest_route=%2Fwp%2Fv2%2Fmedia&parent=8315"}],"wp:term":[{"taxonomy":"category","embeddable":true,"href":"https:\/\/construcaocivil.siriusmarketingedesign.com.br\/index.php?rest_route=%2Fwp%2Fv2%2Fcategories&post=8315"},{"taxonomy":"post_tag","embeddable":true,"href":"https:\/\/construcaocivil.siriusmarketingedesign.com.br\/index.php?rest_route=%2Fwp%2Fv2%2Ftags&post=8315"}],"curies":[{"name":"wp","href":"https:\/\/api.w.org\/{rel}","templated":true}]}}