{"id":832,"date":"2016-02-01T22:27:06","date_gmt":"2016-02-01T22:27:06","guid":{"rendered":"http:\/\/www.jornaldaconstrucaocivil.com.br\/?p=832"},"modified":"2016-02-01T22:27:06","modified_gmt":"2016-02-01T22:27:06","slug":"carnaval-alternativo-promete-agitar-rio-das-ostras","status":"publish","type":"post","link":"https:\/\/construcaocivil.siriusmarketingedesign.com.br\/?p=832","title":{"rendered":"Carnaval alternativo promete agitar Rio das Ostras"},"content":{"rendered":"<p align=\"center\"><strong><span style=\"color: #0000ff;\"><span style=\"font-family: Arial, sans-serif;\"><i>Os variados estilos da m\u00fasica eletr\u00f4nica agitam Carnaval da cidade<\/i><\/span><\/span><\/strong><\/p>\n<p align=\"justify\"><span style=\"color: #000000;\"><span style=\"font-family: Arial, sans-serif;\">Carnaval, ver\u00e3o, sol, praia, gente bonita, combina com&#8230; M\u00fasica eletr\u00f4nica, sim! Como forma alternativa de curtir o Carnaval, pela primeira vez, Rio das Ostras vai contar com uma maratona de m\u00fasicas eletr\u00f4nicas, durante os cinco dias da tradicional festa brasileira.<\/span><\/span><\/p>\n<p align=\"justify\"><span style=\"color: #000000;\">No estilo sunset a Blue Party vai come\u00e7ar \u00e0s 16h e seguir madrugada a dentro, agitando a orla de Costa Azul. Nas picapes seis Djs ir\u00e3o revezar as apresenta\u00e7\u00f5es garantindo a anima\u00e7\u00e3o dos diferentes p\u00fablicos da m\u00fasica eletr\u00f4nica.<\/span><\/p>\n<figure id=\"attachment_833\" aria-describedby=\"caption-attachment-833\" style=\"width: 300px\" class=\"wp-caption alignleft\"><a href=\"http:\/\/www.jornaldaconstrucaocivil.com.br\/wp-content\/uploads\/2016\/02\/CARNAVAL-2016.jpg\"><img loading=\"lazy\" decoding=\"async\" class=\"wp-image-833 size-medium\" src=\"http:\/\/www.jornaldaconstrucaocivil.com.br\/wp-content\/uploads\/2016\/02\/CARNAVAL-2016-300x225.jpg\" alt=\"CARNAVAL 2016\" width=\"300\" height=\"225\" \/><\/a><figcaption id=\"caption-attachment-833\" class=\"wp-caption-text\"><span style=\"color: #ff0000;\">Foto: Divulga\u00e7\u00e3o<\/span><\/figcaption><\/figure>\n<p align=\"justify\"><span style=\"color: #000000;\">Numa estrutura sofisticada a Blue Party, contar\u00e1 com os sets energ\u00e9ticos do residente DJ Cold Zero que traz os maiores sucessos das pistas europeias. A abertura da festa ser\u00e1 comandada pelo DJ Artur Gomes com muito Deep House.<\/span><\/p>\n<p align=\"justify\"><span style=\"color: #000000;\"><span style=\"font-family: Arial, sans-serif;\">No decorrer da noite o carisma e o funk do DJ Luke assumem as pistas. O DJ Guilherme Ramalho traz um mix de eletr\u00f4nico com muito hip hop. Jow Carvalho promete levantar a galera com seu Deep House e o DJ Diogo Coelho apresenta o melhor do House Music.<\/span><\/span><\/p>\n<p align=\"justify\"><span style=\"color: #000000;\"><span style=\"font-family: Arial, sans-serif;\">De acordo com Geni Machado uma das organizadoras do evento a ideia \u00e9 agradar diferentes p\u00fablicos da m\u00fasica eletr\u00f4nica, indo desde um House comercial, at\u00e9 os ouvidos mais agu\u00e7ados que veneram o Techno.<\/span><\/span><\/p>\n<p align=\"justify\"><span style=\"color: #000000;\">\u201c<span style=\"font-family: Arial, sans-serif;\">Todos v\u00e3o aproveitar o Carnaval no melhor estilo eletr\u00f4nico. Tudo isso surgiu de uma conversa entre amigos, sobre o que fazer no Carnaval, ent\u00e3o nossa intens\u00e3o \u00e9 fazer deste evento uma festa entre amigos, oferecendo o que o p\u00fablico quer ouvir\u201d, explica Geni.<\/span><\/span><\/p>\n<p align=\"justify\"><span style=\"color: #000000;\"><span style=\"font-family: Arial, sans-serif;\">A Blue Party promete ser o \u00e1pice da m\u00fasica eletr\u00f4nica em Rio das Ostras, com estrutura em tr\u00eas ambientes, para receber centenas de pessoas, sob um incr\u00edvel p\u00f4r do sol, em frente ao mar de Costa Azul.<\/span><\/span><\/p>\n<p align=\"justify\"><span style=\"color: #000000;\"><span style=\"font-family: arial, sans-serif;\"><span style=\"font-family: Arial, sans-serif;\"><b>Servi\u00e7o:<\/b><\/span><\/span><\/span><\/p>\n<p align=\"justify\"><span style=\"color: #000000;\"><span style=\"font-family: arial, sans-serif;\"><span style=\"font-family: Arial, sans-serif;\">Os ingressos ser\u00e3o vendidos na hora por R$20,00 para os 200 primeiros.<\/span><\/span><\/span><\/p>\n<p align=\"justify\"><span style=\"color: #000000;\"><span style=\"font-family: arial, sans-serif;\"><span style=\"font-family: Arial, sans-serif;\">Data: <\/span><span style=\"font-family: Arial, sans-serif;\">05 a 09 de fevereiro<\/span><\/span><\/span><\/p>\n<p align=\"justify\"><span style=\"color: #000000;\"><span style=\"font-family: arial, sans-serif;\"><span style=\"font-family: Arial, sans-serif;\">Hor\u00e1rio: A partir das 16h<\/span><\/span><\/span><\/p>\n<p align=\"justify\"><span style=\"color: #000000;\"><span style=\"font-family: Arial, sans-serif;\">Mais informa\u00e7\u00f5es: (22) 9 9219-9236<\/span><\/span><\/p>\n<p align=\"justify\"><span style=\"color: #000000;\"><span style=\"font-family: Arial, sans-serif;\">Endere\u00e7o: Orla de Costa Azul, n. 516 (Em frente ao quiosque dos bombeiros)<\/span><\/span><\/p>\n<p align=\"justify\">Fonte: Assessoria de Imprensa do Evento<\/p>\n<p>&nbsp;<\/p>\n","protected":false},"excerpt":{"rendered":"<p>Os variados estilos da m\u00fasica eletr\u00f4nica agitam Carnaval da cidade Carnaval, ver\u00e3o, sol, praia, gente bonita, combina com&#8230; M\u00fasica eletr\u00f4nica, sim! Como forma alternativa de curtir o Carnaval, pela primeira vez, Rio das Ostras vai contar com uma maratona de m\u00fasicas eletr\u00f4nicas, durante os cinco dias da tradicional festa brasileira. No estilo sunset a Blue [&hellip;]<\/p>\n","protected":false},"author":1,"featured_media":833,"comment_status":"open","ping_status":"open","sticky":false,"template":"","format":"standard","meta":{"_uag_custom_page_level_css":"","footnotes":""},"categories":[27],"tags":[1864,3742,10095,10374],"class_list":["post-832","post","type-post","status-publish","format-standard","has-post-thumbnail","hentry","category-acontece","tag-carnaval-eletronico","tag-diversao","tag-regiao-dos-lagos","tag-rio-das-ostras-rj"],"blocksy_meta":[],"spectra_blocks_featured_image_url":[],"spectra_blocks_author_info":{"display_name":"Jornal da Constru\u00e7\u00e3o Civil","avatar_url":"https:\/\/secure.gravatar.com\/avatar\/973c9774fd44ddaceb026973c4962faa70fc512bc4c9da68e8ebb40fecee6540?s=96&d=mm&r=g","author_link":"https:\/\/construcaocivil.siriusmarketingedesign.com.br\/?author=1","description":"Desde de 2013, levando muitas informa\u00e7\u00f5es, lan\u00e7amentos e produtos de qualidade para toda cadeia produtiva da constru\u00e7\u00e3o. O Futuro da constru\u00e7\u00e3o passa por aqui,"},"uagb_featured_image_src":{"full":false,"thumbnail":false,"medium":false,"medium_large":false,"large":false,"1536x1536":false,"2048x2048":false},"uagb_author_info":{"display_name":"Jornal da Constru\u00e7\u00e3o Civil","author_link":"https:\/\/construcaocivil.siriusmarketingedesign.com.br\/?author=1"},"uagb_comment_info":0,"uagb_excerpt":"Os variados estilos da m\u00fasica eletr\u00f4nica agitam Carnaval da cidade Carnaval, ver\u00e3o, sol, praia, gente bonita, combina com&#8230; M\u00fasica eletr\u00f4nica, sim! Como forma alternativa de curtir o Carnaval, pela primeira vez, Rio das Ostras vai contar com uma maratona de m\u00fasicas eletr\u00f4nicas, durante os cinco dias da tradicional festa brasileira. No estilo sunset a Blue&hellip;","_links":{"self":[{"href":"https:\/\/construcaocivil.siriusmarketingedesign.com.br\/index.php?rest_route=\/wp\/v2\/posts\/832","targetHints":{"allow":["GET"]}}],"collection":[{"href":"https:\/\/construcaocivil.siriusmarketingedesign.com.br\/index.php?rest_route=\/wp\/v2\/posts"}],"about":[{"href":"https:\/\/construcaocivil.siriusmarketingedesign.com.br\/index.php?rest_route=\/wp\/v2\/types\/post"}],"author":[{"embeddable":true,"href":"https:\/\/construcaocivil.siriusmarketingedesign.com.br\/index.php?rest_route=\/wp\/v2\/users\/1"}],"replies":[{"embeddable":true,"href":"https:\/\/construcaocivil.siriusmarketingedesign.com.br\/index.php?rest_route=%2Fwp%2Fv2%2Fcomments&post=832"}],"version-history":[{"count":0,"href":"https:\/\/construcaocivil.siriusmarketingedesign.com.br\/index.php?rest_route=\/wp\/v2\/posts\/832\/revisions"}],"wp:featuredmedia":[{"embeddable":true,"href":"https:\/\/construcaocivil.siriusmarketingedesign.com.br\/index.php?rest_route=\/wp\/v2\/menu-items\/833"}],"wp:attachment":[{"href":"https:\/\/construcaocivil.siriusmarketingedesign.com.br\/index.php?rest_route=%2Fwp%2Fv2%2Fmedia&parent=832"}],"wp:term":[{"taxonomy":"category","embeddable":true,"href":"https:\/\/construcaocivil.siriusmarketingedesign.com.br\/index.php?rest_route=%2Fwp%2Fv2%2Fcategories&post=832"},{"taxonomy":"post_tag","embeddable":true,"href":"https:\/\/construcaocivil.siriusmarketingedesign.com.br\/index.php?rest_route=%2Fwp%2Fv2%2Ftags&post=832"}],"curies":[{"name":"wp","href":"https:\/\/api.w.org\/{rel}","templated":true}]}}