{"id":8325,"date":"2017-11-21T13:02:59","date_gmt":"2017-11-21T16:02:59","guid":{"rendered":"https:\/\/jornaldaconstrucaocivil.com.br\/?p=8325"},"modified":"2017-11-21T13:02:59","modified_gmt":"2017-11-21T16:02:59","slug":"setor-da-construcao-mantem-resultado-negativo-de-empregos-formais-em-outubro","status":"publish","type":"post","link":"https:\/\/construcaocivil.siriusmarketingedesign.com.br\/?p=8325","title":{"rendered":"Setor da constru\u00e7\u00e3o mant\u00e9m resultado negativo de empregos formais em outubro"},"content":{"rendered":"<figure id=\"attachment_4719\" aria-describedby=\"caption-attachment-4719\" style=\"width: 300px\" class=\"wp-caption alignleft\"><a href=\"https:\/\/jornaldaconstrucaocivil.com.br\/wp-content\/uploads\/2017\/01\/COMPERJ-MULTID\u00c3O.jpg\"><img loading=\"lazy\" decoding=\"async\" class=\"wp-image-4719 size-medium\" src=\"https:\/\/jornaldaconstrucaocivil.com.br\/wp-content\/uploads\/2017\/01\/COMPERJ-MULTID\u00c3O-300x225.jpg\" alt=\"comperj-multidao\" width=\"300\" height=\"225\" \/><\/a><figcaption id=\"caption-attachment-4719\" class=\"wp-caption-text\">Desemprego na constru\u00e7\u00e3o civil s\u00f3 aumenta em 2017. Foto:JCC<\/figcaption><\/figure>\n<p style=\"text-align: justify;\"><span style=\"color: #000000;\"><span style=\"color: #993300;\">Novembro, 2017<\/span> &#8211; Dados do Cadastro Geral de Empregados e Desempregados (Caged), divulgados nesta segunda-feira (20\/11) pelo Minist\u00e9rio do Trabalho, revelam queda de 0,22% na taxa de empregos com carteira assinada no setor da constru\u00e7\u00e3o (menos 4.764 vagas) no m\u00eas de outubro. Com esse resultado, o setor da constru\u00e7\u00e3o passa a registrar uma perda de 30.545 vagas no ano, fechado em novembro. Se o ano tivesse se encerrado em novembro, contando os 12 meses anteriores, o setor teria perdido 168.178 mil vagas, uma queda de 7% do seu estoque de trabalhadores. Para o presidente da CBIC, Jos\u00e9 Carlos Martins, esse movimento de queda do emprego s\u00f3 ser\u00e1 revertido com a retomada do investimento.<\/span><\/p>\n<p style=\"text-align: justify;\">Fonte: Boletim CBIC<\/p>\n","protected":false},"excerpt":{"rendered":"<p>Novembro, 2017 &#8211; Dados do Cadastro Geral de Empregados e Desempregados (Caged), divulgados nesta segunda-feira (20\/11) pelo Minist\u00e9rio do Trabalho, revelam queda de 0,22% na taxa de empregos com carteira assinada no setor da constru\u00e7\u00e3o (menos 4.764 vagas) no m\u00eas de outubro. Com esse resultado, o setor da constru\u00e7\u00e3o passa a registrar uma perda de [&hellip;]<\/p>\n","protected":false},"author":1,"featured_media":4719,"comment_status":"open","ping_status":"open","sticky":false,"template":"","format":"standard","meta":{"_uag_custom_page_level_css":"","footnotes":""},"categories":[27],"tags":[1672,2029,2907,3503,3856,5397,5560,6371,7643,7694,11848],"class_list":["post-8325","post","type-post","status-publish","format-standard","has-post-thumbnail","hentry","category-acontece","tag-caged","tag-cbic","tag-construcoa-civil-paga-alto-preco-pela-crise-politica","tag-desemprego-alto","tag-economia","tag-geracao-de-empregos-na-construcao-civil-so-aumenta","tag-governo-federal-paralisado","tag-investimentos-urgentes","tag-michel-temer","tag-minha-casa-vida-poderia-reverter-esse-quadro","tag-trabalhadores-da-construcao-civil-sao-os-que-mais-sofrem-na-crise"],"blocksy_meta":[],"spectra_blocks_featured_image_url":[],"spectra_blocks_author_info":{"display_name":"Jornal da Constru\u00e7\u00e3o Civil","avatar_url":"https:\/\/secure.gravatar.com\/avatar\/973c9774fd44ddaceb026973c4962faa70fc512bc4c9da68e8ebb40fecee6540?s=96&d=mm&r=g","author_link":"https:\/\/construcaocivil.siriusmarketingedesign.com.br\/?author=1","description":"Desde de 2013, levando muitas informa\u00e7\u00f5es, lan\u00e7amentos e produtos de qualidade para toda cadeia produtiva da constru\u00e7\u00e3o. O Futuro da constru\u00e7\u00e3o passa por aqui,"},"uagb_featured_image_src":{"full":false,"thumbnail":false,"medium":false,"medium_large":false,"large":false,"1536x1536":false,"2048x2048":false},"uagb_author_info":{"display_name":"Jornal da Constru\u00e7\u00e3o Civil","author_link":"https:\/\/construcaocivil.siriusmarketingedesign.com.br\/?author=1"},"uagb_comment_info":0,"uagb_excerpt":"Novembro, 2017 &#8211; Dados do Cadastro Geral de Empregados e Desempregados (Caged), divulgados nesta segunda-feira (20\/11) pelo Minist\u00e9rio do Trabalho, revelam queda de 0,22% na taxa de empregos com carteira assinada no setor da constru\u00e7\u00e3o (menos 4.764 vagas) no m\u00eas de outubro. Com esse resultado, o setor da constru\u00e7\u00e3o passa a registrar uma perda de&hellip;","_links":{"self":[{"href":"https:\/\/construcaocivil.siriusmarketingedesign.com.br\/index.php?rest_route=\/wp\/v2\/posts\/8325","targetHints":{"allow":["GET"]}}],"collection":[{"href":"https:\/\/construcaocivil.siriusmarketingedesign.com.br\/index.php?rest_route=\/wp\/v2\/posts"}],"about":[{"href":"https:\/\/construcaocivil.siriusmarketingedesign.com.br\/index.php?rest_route=\/wp\/v2\/types\/post"}],"author":[{"embeddable":true,"href":"https:\/\/construcaocivil.siriusmarketingedesign.com.br\/index.php?rest_route=\/wp\/v2\/users\/1"}],"replies":[{"embeddable":true,"href":"https:\/\/construcaocivil.siriusmarketingedesign.com.br\/index.php?rest_route=%2Fwp%2Fv2%2Fcomments&post=8325"}],"version-history":[{"count":0,"href":"https:\/\/construcaocivil.siriusmarketingedesign.com.br\/index.php?rest_route=\/wp\/v2\/posts\/8325\/revisions"}],"wp:attachment":[{"href":"https:\/\/construcaocivil.siriusmarketingedesign.com.br\/index.php?rest_route=%2Fwp%2Fv2%2Fmedia&parent=8325"}],"wp:term":[{"taxonomy":"category","embeddable":true,"href":"https:\/\/construcaocivil.siriusmarketingedesign.com.br\/index.php?rest_route=%2Fwp%2Fv2%2Fcategories&post=8325"},{"taxonomy":"post_tag","embeddable":true,"href":"https:\/\/construcaocivil.siriusmarketingedesign.com.br\/index.php?rest_route=%2Fwp%2Fv2%2Ftags&post=8325"}],"curies":[{"name":"wp","href":"https:\/\/api.w.org\/{rel}","templated":true}]}}