{"id":8357,"date":"2017-11-23T14:00:56","date_gmt":"2017-11-23T17:00:56","guid":{"rendered":"https:\/\/jornaldaconstrucaocivil.com.br\/?p=8357"},"modified":"2017-11-23T14:00:56","modified_gmt":"2017-11-23T17:00:56","slug":"festival-agroserra-da-roca-ao-prato-realizara-2a-edicao-no-shopping-downtown-na-barra-da-tijuca","status":"publish","type":"post","link":"https:\/\/construcaocivil.siriusmarketingedesign.com.br\/?p=8357","title":{"rendered":"Festival Agroserra \u2013 Da Ro\u00e7a ao Prato realizar\u00e1 2\u00aa edi\u00e7\u00e3o no Shopping Downtown, na Barra da Tijuca"},"content":{"rendered":"<p style=\"text-align: justify;\"><span style=\"color: #000000;\"><span style=\"color: #993300;\">Rio, Novembro, 2017<\/span> &#8211; Um pedacinho da ro\u00e7a no Rio de Janeiro. Esta \u00e9 a proposta do Festival Agroserra \u2013 Da Ro\u00e7a ao Prato, que acontecer\u00e1 no pr\u00f3ximo final de semana no Downtown, Barra da Tijuca. Ap\u00f3s uma edi\u00e7\u00e3o de sucesso, em maio, quando cerca de 10 mil pessoas visitaram o evento, o Agroserra ter\u00e1 in\u00edcio nesta sexta-feira e reunir\u00e1, at\u00e9 domingo, produtos artesanais da regi\u00e3o serrana do estado, como compotas, doces, queijos, artesanato, cervejas e cacha\u00e7as.<\/span><\/p>\n<p style=\"text-align: justify;\"><a href=\"https:\/\/jornaldaconstrucaocivil.com.br\/wp-content\/uploads\/2017\/11\/COMIDA.jpg\"><img loading=\"lazy\" decoding=\"async\" class=\"size-medium wp-image-8358 alignleft\" src=\"https:\/\/jornaldaconstrucaocivil.com.br\/wp-content\/uploads\/2017\/11\/COMIDA-300x300.jpg\" alt=\"COMIDA\" width=\"300\" height=\"300\" \/><\/a><\/p>\n<p style=\"text-align: justify;\"><span style=\"color: #000000;\">Como em todas as edi\u00e7\u00f5es, o festival se preocupa em ir al\u00e9m da gastronomia, promovendo atividades culturais e de educa\u00e7\u00e3o ambiental. Desta vez, al\u00e9m de provar as del\u00edcias da ro\u00e7a, o carioca embarcar\u00e1 em uma viagem no mundo da pintura que transformar\u00e1 alimentos em arte. A ilustradora bot\u00e2nica Dulce Nascimento, bolsista do Kew Gardens, jardim bot\u00e2nico londrino que se dedica a ilustra\u00e7\u00e3o da flora nativa brasileira, estar\u00e1 presente nas tardes de s\u00e1bado e domingo, no comando de uma atividade gratuita de pintura com tintas artesanais feitas a partir de pigmentos de hortali\u00e7as e vegetais. <em><span style=\"color: #333399;\">\u201cEspinafre, beterraba, repolho roxo e outros vegetais ser\u00e3o a base de nossas tintas. Ainda teremos uma tela colaborativa onde os visitantes poder\u00e3o deixar seu tra\u00e7o. Com certeza ser\u00e1 uma experi\u00eancia \u00fanica\u201d,<\/span> <\/em>disse Dulce, entusiasmada.<\/span><\/p>\n<p style=\"text-align: justify;\"><span style=\"color: #000000;\">Para Janice Caetano, idealizadora do festival, o Agroserra criou uma rede de pequenos empreendedores que cresce ano a ano. \u201cEsse movimento, al\u00e9m de dar visibilidade aos produtores, permite a compra de produtos artesanais de qualidade nas m\u00e3os de quem os produziu\u201d, ressaltou.<\/span><\/p>\n<p style=\"text-align: justify;\"><span style=\"color: #000000;\">O Festival Agroserra \u2013 Da Ro\u00e7a ao Prato acontecer\u00e1 na sexta, de 14 \u00e0s 22h, no s\u00e1bado, de 12h \u00e0s 22h e no domingo, de 12h \u00e0s 22h. A entrada \u00e9 gratuita.<\/span><\/p>\n<p style=\"text-align: justify;\"><strong><span style=\"color: #000000;\">Servi\u00e7o<\/span><\/strong><\/p>\n<p style=\"text-align: justify;\"><span style=\"color: #993300;\">Festival Agroserra \u2013 Da Ro\u00e7a ao Prato<\/span><\/p>\n<p style=\"text-align: justify;\"><span style=\"color: #000000;\">Data: Sexta (24\/nov), s\u00e1bado (25\/nov) e domingo (26\/nov).<\/span><\/p>\n<p style=\"text-align: justify;\"><span style=\"color: #000000;\">Hor\u00e1rio: Sexta de 14 \u00e0s 22h, s\u00e1bado de 12h \u00e0s 22h e domingo de 12h \u00e0s 22h.<\/span><\/p>\n<p style=\"text-align: justify;\"><span style=\"color: #000000;\">Local: Shopping Downtown, Barra da Tijuca, Rio de Janeiro.<\/span><\/p>\n","protected":false},"excerpt":{"rendered":"<p>Rio, Novembro, 2017 &#8211; Um pedacinho da ro\u00e7a no Rio de Janeiro. Esta \u00e9 a proposta do Festival Agroserra \u2013 Da Ro\u00e7a ao Prato, que acontecer\u00e1 no pr\u00f3ximo final de semana no Downtown, Barra da Tijuca. Ap\u00f3s uma edi\u00e7\u00e3o de sucesso, em maio, quando cerca de 10 mil pessoas visitaram o evento, o Agroserra ter\u00e1 [&hellip;]<\/p>\n","protected":false},"author":1,"featured_media":0,"comment_status":"open","ping_status":"open","sticky":false,"template":"","format":"standard","meta":{"_uag_custom_page_level_css":"","footnotes":""},"categories":[27],"tags":[2167,2469,3424,5007,5014,9487,11056],"class_list":["post-8357","post","type-post","status-publish","format-standard","hentry","category-acontece","tag-cervejas-e-cachacas","tag-comida-e-sabores-especiais","tag-delicias-da-roca","tag-festival-agroserra-da-roca-ao-prato","tag-festival-de-gastronomia","tag-produtos-artesanais-da-regiao-serrana-do-estado-rj","tag-shopping-downtown-barra-da-tijuca"],"blocksy_meta":[],"spectra_blocks_featured_image_url":null,"spectra_blocks_author_info":{"display_name":"Jornal da Constru\u00e7\u00e3o Civil","avatar_url":"https:\/\/secure.gravatar.com\/avatar\/973c9774fd44ddaceb026973c4962faa70fc512bc4c9da68e8ebb40fecee6540?s=96&d=mm&r=g","author_link":"https:\/\/construcaocivil.siriusmarketingedesign.com.br\/?author=1","description":"Desde de 2013, levando muitas informa\u00e7\u00f5es, lan\u00e7amentos e produtos de qualidade para toda cadeia produtiva da constru\u00e7\u00e3o. O Futuro da constru\u00e7\u00e3o passa por aqui,"},"uagb_featured_image_src":{"full":false,"thumbnail":false,"medium":false,"medium_large":false,"large":false,"1536x1536":false,"2048x2048":false},"uagb_author_info":{"display_name":"Jornal da Constru\u00e7\u00e3o Civil","author_link":"https:\/\/construcaocivil.siriusmarketingedesign.com.br\/?author=1"},"uagb_comment_info":0,"uagb_excerpt":"Rio, Novembro, 2017 &#8211; Um pedacinho da ro\u00e7a no Rio de Janeiro. Esta \u00e9 a proposta do Festival Agroserra \u2013 Da Ro\u00e7a ao Prato, que acontecer\u00e1 no pr\u00f3ximo final de semana no Downtown, Barra da Tijuca. Ap\u00f3s uma edi\u00e7\u00e3o de sucesso, em maio, quando cerca de 10 mil pessoas visitaram o evento, o Agroserra ter\u00e1&hellip;","_links":{"self":[{"href":"https:\/\/construcaocivil.siriusmarketingedesign.com.br\/index.php?rest_route=\/wp\/v2\/posts\/8357","targetHints":{"allow":["GET"]}}],"collection":[{"href":"https:\/\/construcaocivil.siriusmarketingedesign.com.br\/index.php?rest_route=\/wp\/v2\/posts"}],"about":[{"href":"https:\/\/construcaocivil.siriusmarketingedesign.com.br\/index.php?rest_route=\/wp\/v2\/types\/post"}],"author":[{"embeddable":true,"href":"https:\/\/construcaocivil.siriusmarketingedesign.com.br\/index.php?rest_route=\/wp\/v2\/users\/1"}],"replies":[{"embeddable":true,"href":"https:\/\/construcaocivil.siriusmarketingedesign.com.br\/index.php?rest_route=%2Fwp%2Fv2%2Fcomments&post=8357"}],"version-history":[{"count":0,"href":"https:\/\/construcaocivil.siriusmarketingedesign.com.br\/index.php?rest_route=\/wp\/v2\/posts\/8357\/revisions"}],"wp:attachment":[{"href":"https:\/\/construcaocivil.siriusmarketingedesign.com.br\/index.php?rest_route=%2Fwp%2Fv2%2Fmedia&parent=8357"}],"wp:term":[{"taxonomy":"category","embeddable":true,"href":"https:\/\/construcaocivil.siriusmarketingedesign.com.br\/index.php?rest_route=%2Fwp%2Fv2%2Fcategories&post=8357"},{"taxonomy":"post_tag","embeddable":true,"href":"https:\/\/construcaocivil.siriusmarketingedesign.com.br\/index.php?rest_route=%2Fwp%2Fv2%2Ftags&post=8357"}],"curies":[{"name":"wp","href":"https:\/\/api.w.org\/{rel}","templated":true}]}}